{"id":3146,"date":"2020-09-06T10:35:44","date_gmt":"2020-09-06T08:35:44","guid":{"rendered":"http:\/\/www.budylancuckie.przemyska.pl\/?p=3146"},"modified":"2020-09-06T10:35:44","modified_gmt":"2020-09-06T08:35:44","slug":"ogloszenia-parafialne-06-09-2020","status":"publish","type":"post","link":"https:\/\/budy.przemyska.pl\/index.php\/2020\/09\/06\/ogloszenia-parafialne-06-09-2020\/","title":{"rendered":"Og\u0142oszenia parafialne 06-09-2020"},"content":{"rendered":"<h2 style=\"text-align: center;\"><strong><span style=\"color: rgb(0, 0, 128);\">XXIII Niedziela zwyk\u0142a &#8211; 06-09-2020<\/span><\/strong><\/h2>\n<h2 style=\"text-align: center;\"><strong><span style=\"color: rgb(0, 0, 128);\">Og\u0142oszenia<br \/>\n\t<\/span><\/strong><\/h2>\n<ol>\n<li>Dzi\u015b o godz. 15.00 &ndash; Nabo\u017ce\u0144stwo do Naj\u015bwi\u0119tszego Serca Pana Jezusa, a po nim &#8211; Msza \u015bw.<\/li>\n<li>We wtorek \u015awi\u0119to Narodzenia NMP (Matki Bo\u017cej Siewnej). W tym dniu po\u015bwi\u0119cenie ziarna na zasiew.<\/li>\n<li>W czwartek Adoracja Naj\u015bwi\u0119tszego Sakramentu od godz. 17.00. Po Mszy \u015bw. spotkanie Akcji Katolickiej.<\/li>\n<li>W pi\u0105tek po Mszy \u015bw. spotkanie Rady Parafialnej.<\/li>\n<li>Serdeczne B&oacute;g zap\u0142a\u0107 dla os&oacute;b sprz\u0105taj\u0105cych i stroj\u0105cych ko\u015bci&oacute;\u0142 oraz za wszystkie ofiary sk\u0142adane na potrzeby parafii, w tym r&oacute;wnie\u017c dla pracownik&oacute;w ko\u015bcielnych.<br \/>\n\t\tPodzi\u0119kowanie r&oacute;wnie\u017c dla Zarz\u0105du i Cz\u0142onk&oacute;w K&oacute;\u0142ka Rolniczego za przekazan\u0105 ofiar\u0119.<\/li>\n<\/ol>\n<h3 style=\"text-align: center;\"><strong><span style=\"color: rgb(0, 0, 128);\">Intencje mszalne<\/span><\/strong><\/h3>\n<h4 style=\"text-align: center;\"><strong><span style=\"color: rgb(0, 0, 128);\">od 7 wrze\u015bnia 2020 do 13 wrze\u015bnia 2020<\/span><\/strong><\/h4>\n<h4><strong><br \/>\n\tGdyby zbyt d\u0142ugi czas nie by\u0142a og\u0142oszona zam&oacute;wiona intencja mszalna &ndash; prosimy o zg\u0142oszenie tego kap\u0142anowi.&nbsp; Zam&oacute;wiona intencja nie mo\u017ce zgin\u0105\u0107.<br \/>\n\t<\/strong><\/h4>\n<p><u><strong>Poniedzia\u0142ek &#8211; 7 wrzesie\u0144<\/strong><\/u><br \/>\n\t1. + Zofia Kr&oacute;l (greg.);<br \/>\n\t2. + W\u0142adys\u0142aw Kojder &ndash; od rodziny Kojdr&oacute;w;<br \/>\n\t3. + Boles\u0142aw Rupar &ndash; od chrze\u015bniaka Piotra z rodzin\u0105;<\/p>\n<p><u><strong>Wtorek &#8211; 8 wrzesie\u0144<br \/>\n\t<\/strong><\/u>1. + Zofia Kr&oacute;l (greg.);<br \/>\n\t2. + Tadeusz Kubis &ndash; od rodziny Piwo\u0144skich;<br \/>\n\t3. + J&oacute;zef Kania &ndash; od Naucz. i Prac. SP nr 2 w Kor. P\u0142n.; <\/p>\n<p><u><strong>\u015aroda &#8211; 9 wrzesie\u0144<\/strong><\/u><br \/>\n\t1. + Zofia Kr&oacute;l (greg.);<br \/>\n\t2. + Teresa Bartnik &ndash; od rodziny Kojdr&oacute;w; <br \/>\n\t3. Dzi\u0119k. za 15 lat ma\u0142\u017ce\u0144stwa; z pro\u015bb\u0105 o dalsze Bo\u017ce b\u0142og.;<\/p>\n<p><u><strong>Czwartek &#8211; 10 wrzesie\u0144<\/strong><\/u><br \/>\n\t1. + Zofia Kr&oacute;l (greg.); <br \/>\n\t2. + Teresa Bartnik &ndash; od R&oacute;\u017cy \u015bw. Marii Magdaleny; <br \/>\n\t3. + Maria Czyrek &ndash; od c&oacute;rki Zdzis\u0142awy z m\u0119\u017cem;<\/p>\n<p>\t<u><strong>Pi\u0105tek &#8211; 11 wrzesie\u0144<\/strong><\/u><br \/>\n\t1. + Zofia Kr&oacute;l (greg.);<br \/>\n\t2. + Cecylia i Jan Miara;<br \/>\n\t3. + Katarzyna i W\u0142adys\u0142aw Por\u0119bny; <\/p>\n<p><u><strong>Sobota &#8211; 12 wrzesie\u0144<\/strong><\/u><br \/>\n\t1. + Zofia Kr&oacute;l (greg.); <br \/>\n\t2. + Kazimierz Cebula<br \/>\n\t3. + Stanis\u0142awa W\u0119grzyn &ndash; z R&oacute;\u017cy \u015bw. Kingi; <\/p>\n<p><u><strong>Niedziela &#8211; 13 wrzesie\u0144<\/strong><\/u><br \/>\n\t6.30 + Wincenty Bielecki;<br \/>\n\t8.00 + Jacek Chudzik &#8211; od koleg&oacute;w z Le\u015bnictwa Potok; <br \/>\n\t10.30 W intencji parafian; <br \/>\n\t15.00 + Zofia Kr&oacute;l (greg.);<\/p>\n<h3 style=\"text-align: center;\"><strong><strong><span style=\"color: rgb(0, 0, 128);\">Modlitw\u0119 r&oacute;\u017ca\u0144cow\u0105 prowadz\u0105<br \/>\n\t<\/span><\/strong><\/strong><\/h3>\n<p>07. Pn. R&oacute;\u017ca \u015aw. Klary &#8211; (Teresa G\u0142owiak)<br \/>\n\t08. Wt. R&oacute;\u017ca \u015aw. Marii Magdaleny &#8211; (Janina Rachwa\u0142);<br \/>\n\t09. \u015ar. R&oacute;\u017ca \u015aw. Marii Goretti &#8211; (El\u017cbieta Kukulska); <br \/>\n\t10. Cz. Akcja Katolicka; <br \/>\n\t11. Pt. KSM. <br \/>\n\t12. Sb. R&oacute;\u017ca \u015aw. Marty &ndash; (Czes\u0142awa Por\u0119bna);<br \/>\n\t13. Nd. R&oacute;\u017ca \u015aw. Matki Bo\u017cej Bolesnej &#8211; (Genowefa Bartnik);<\/p>\n<p><strong>Wyznaczona R&oacute;\u017ca jest proszona o prowadzenie modlitwy r&oacute;\u017ca\u0144cowej. <br \/>\n\t<\/strong><\/p>\n","protected":false},"excerpt":{"rendered":"<p>XXIII Niedziela zwyk\u0142a &#8211; 06-09-2020 Og\u0142oszenia Dzi\u015b o godz. 15.00 &ndash; Nabo\u017ce\u0144stwo do Naj\u015bwi\u0119tszego Serca Pana Jezusa, a po nim &#8211; Msza \u015bw. We wtorek \u015awi\u0119to Narodzenia NMP (Matki Bo\u017cej &hellip; <a href=\"https:\/\/budy.przemyska.pl\/index.php\/2020\/09\/06\/ogloszenia-parafialne-06-09-2020\/\" class=\"more-link\">Czytaj dalej <span class=\"screen-reader-text\">Og\u0142oszenia parafialne 06-09-2020<\/span> <span class=\"meta-nav\">&rarr;<\/span><\/a><\/p>\n","protected":false},"author":1,"featured_media":0,"comment_status":"closed","ping_status":"closed","sticky":false,"template":"","format":"standard","meta":{"footnotes":""},"categories":[6,4],"tags":[],"class_list":["post-3146","post","type-post","status-publish","format-standard","hentry","category-aktualnosci","category-ogloszenia"],"_links":{"self":[{"href":"https:\/\/budy.przemyska.pl\/index.php\/wp-json\/wp\/v2\/posts\/3146","targetHints":{"allow":["GET"]}}],"collection":[{"href":"https:\/\/budy.przemyska.pl\/index.php\/wp-json\/wp\/v2\/posts"}],"about":[{"href":"https:\/\/budy.przemyska.pl\/index.php\/wp-json\/wp\/v2\/types\/post"}],"author":[{"embeddable":true,"href":"https:\/\/budy.przemyska.pl\/index.php\/wp-json\/wp\/v2\/users\/1"}],"replies":[{"embeddable":true,"href":"https:\/\/budy.przemyska.pl\/index.php\/wp-json\/wp\/v2\/comments?post=3146"}],"version-history":[{"count":0,"href":"https:\/\/budy.przemyska.pl\/index.php\/wp-json\/wp\/v2\/posts\/3146\/revisions"}],"wp:attachment":[{"href":"https:\/\/budy.przemyska.pl\/index.php\/wp-json\/wp\/v2\/media?parent=3146"}],"wp:term":[{"taxonomy":"category","embeddable":true,"href":"https:\/\/budy.przemyska.pl\/index.php\/wp-json\/wp\/v2\/categories?post=3146"},{"taxonomy":"post_tag","embeddable":true,"href":"https:\/\/budy.przemyska.pl\/index.php\/wp-json\/wp\/v2\/tags?post=3146"}],"curies":[{"name":"wp","href":"https:\/\/api.w.org\/{rel}","templated":true}]}}