{"id":3144,"date":"2020-08-30T11:33:25","date_gmt":"2020-08-30T09:33:25","guid":{"rendered":"http:\/\/www.budylancuckie.przemyska.pl\/?p=3144"},"modified":"2020-08-30T11:33:25","modified_gmt":"2020-08-30T09:33:25","slug":"ogloszenia-parafialne-30-08-2020","status":"publish","type":"post","link":"https:\/\/budy.przemyska.pl\/index.php\/2020\/08\/30\/ogloszenia-parafialne-30-08-2020\/","title":{"rendered":"Og\u0142oszenia parafialne 30-08-2020"},"content":{"rendered":"<h2 style=\"text-align: center;\"><strong><span style=\"color: rgb(0, 0, 128);\">XXII Niedziela zwyk\u0142a &#8211; 30-08-2020<\/span><\/strong><\/h2>\n<h2 style=\"text-align: center;\"><strong><span style=\"color: rgb(0, 0, 128);\">Og\u0142oszenia<br \/>\n\t<\/span><\/strong><\/h2>\n<ol>\n<li>Dzi\u015b o godz. 15.00 &ndash; Litania do Matki Bo\u017cej, a po niej &#8211; Msza \u015bw.<\/li>\n<li>W poniedzia\u0142ek o godz.18.00 Msza \u015bw. na rozpocz\u0119cie nowego roku szkolnego. Zapraszamy uczni&oacute;w, dyrekcje, nauczycieli i rodzic&oacute;w!<br \/>\n\t\t<strong>Zmiana terminu odno\u015bnie tego, co jest wydrukowane w gazetce!!!<\/strong><\/li>\n<li>W tym tygodniu wypada I czwartek, I pi\u0105tek i I sobota miesi\u0105ca. W I czwartek Adoracja Naj\u015bwi\u0119tszego Sakramentu od godz. 17.00. Modlimy si\u0119 szczeg&oacute;lnie o \u0142ask\u0119 powo\u0142a\u0144 do S\u0142u\u017cby Bo\u017cej.<\/li>\n<li>W I pi\u0105tek czcimy Naj\u015bwi\u0119tsze Serce Pana Jezusa. Po Mszy \u015bw. porannej o godz. 6.45 &#8211; odwiedziny chorych ( ze wzgl\u0119du na epidemi\u0119, tych tylko, kt&oacute;rzy potwierdzili mo\u017cliwo\u015b\u0107 odwiedzin). Po Mszy \u015bw. o godz. 18.00 &#8211; Adoracja Naj\u015bwi\u0119tszego Sakramentu do godz.21.00. Adoracja b\u0119dzie prowadzona przez m\u0142odzie\u017c z KSM-u. Mo\u017cliwo\u015b\u0107 spowiedzi \u015bw. codziennie przed Msz\u0105 \u015bw.<\/li>\n<li>W I sobot\u0119 czcimy Niepokalane Serce NMP. Msza \u015bw. o godz.17.30, po niej wystawienie Naj\u015bwi\u0119tszego Sakramentu, wsp&oacute;lny R&oacute;\u017caniec, a nast\u0119pnie procesja z figur\u0105 Matki Bo\u017cej Fatimskiej i zmiana tajemnic r&oacute;\u017ca\u0144cowych.<\/li>\n<li>W obecnym wydaniu naszej parafialnej gazetki, zamie\u015bcili\u015bmy kolejn\u0105 propozycj\u0119 intencji do odprawienia w Wy\u017cszym Seminarium Duchownym <br \/>\n\t\tw Przemy\u015blu.<\/li>\n<li>Serdeczne B&oacute;g zap\u0142a\u0107 dla os&oacute;b sprz\u0105taj\u0105cych i stroj\u0105cych ko\u015bci&oacute;\u0142 oraz za wszystkie ofiary sk\u0142adane na potrzeby parafii..<\/li>\n<\/ol>\n<h3 style=\"text-align: center;\"><strong><span style=\"color: rgb(0, 0, 128);\">Intencje mszalne<\/span><\/strong><\/h3>\n<h4 style=\"text-align: center;\"><strong><span style=\"color: rgb(0, 0, 128);\">od 31 sierpnia 2020 do 6 wrze\u015bnia 2020<\/span><\/strong><\/h4>\n<h4><strong><br \/>\n\tGdyby zbyt d\u0142ugi czas nie by\u0142a og\u0142oszona zam&oacute;wiona intencja mszalna &ndash; prosimy o zg\u0142oszenie tego kap\u0142anowi.&nbsp; Zam&oacute;wiona intencja nie mo\u017ce zgin\u0105\u0107.<br \/>\n\t<\/strong><\/h4>\n<p><u><strong>Poniedzia\u0142ek &#8211; 31 sierpie\u0144<\/strong><\/u><br \/>\n\t1. + Weronika, Jan W\u0119grzyn;<br \/>\n\t2. + Tadeusz Kubis &ndash; od wnuka Janusza z rodzin\u0105;<br \/>\n\t3. + J&oacute;zef Kania &ndash; od Dyrektor&oacute;w Szk&oacute;\u0142 Gminy Bia\u0142obrzegi;<\/p>\n<p><u><strong>Wtorek &#8211; 1 wrzesie\u0144<br \/>\n\t<\/strong><\/u>1. + Zofia Kr&oacute;l (greg.);<br \/>\n\t2. + Tadeusz Kubis &ndash; od rodziny \u017bak&oacute;w;<br \/>\n\t3. ++ Katarzyna i W\u0142adys\u0142aw Hejnosz; <\/p>\n<p><u><strong>\u015aroda &#8211; 2 wrzesie\u0144<\/strong><\/u><br \/>\n\t1. + Zofia Kr&oacute;l (greg.);<br \/>\n\t2. + Maria Pelc &ndash; od wnuk&oacute;w Mariusza, \u0141ukasza i Barbary; <br \/>\n\t3. + Kazimierz Mach &ndash; od siostry Janiny;<\/p>\n<p><u><strong>Czwartek &#8211; 3 wrzesie\u0144<\/strong><\/u><br \/>\n\t1. + Zofia Kr&oacute;l (greg.);&nbsp;&nbsp;&nbsp;&nbsp;&nbsp;&nbsp;&nbsp;&nbsp;&nbsp;&nbsp;&nbsp;&nbsp; <br \/>\n\t2. + Tadeusz Kubis &ndash; od s\u0105siadki Heleny;&nbsp;&nbsp;&nbsp;&nbsp;&nbsp;&nbsp;&nbsp;&nbsp;&nbsp;&nbsp;&nbsp; <br \/>\n\t3. + Jacek Chudzik &ndash; od rodzic&oacute;w;<\/p>\n<p>\t<u><strong>Pi\u0105tek &#8211; 4 wrzesie\u0144<\/strong><\/u><br \/>\n\t6.45 + Zofia Kr&oacute;l (greg.);<br \/>\n\t18.00 + Stanis\u0142aw Socha oraz zmarli z rodziny: Jan, Zofia, Aniela i Jan Kurek;<br \/>\n\t18.00. ++ Cecylia, J&oacute;zef Socha i ich rodzice; <\/p>\n<p><u><strong>Sobota &#8211; 5 wrzesie\u0144<\/strong><\/u><br \/>\n\t1. + Zofia Kr&oacute;l (greg.);&nbsp;&nbsp;&nbsp;&nbsp;&nbsp;&nbsp; &nbsp;<br \/>\n\t2. + Zofia Brewka &ndash; od brata<br \/>\n\t3. + Agata Gi\u017ca, Franciszka i J&oacute;zef Krzak oraz ++ z rodziny; <\/p>\n<p><u><strong>Niedziela &#8211; 6 wrzesie\u0144<\/strong><\/u><br \/>\n\t6.30 + Janina i Stanis\u0142aw Pelc &ndash; od c&oacute;rki Danuty z Cz\u0119st-wy;<br \/>\n\t8.00 Dzi\u0119k.; z pro\u015bb\u0105 o b\u0142. Bo\u017ce w 10 r. \u015blubu Izabeli i Micha\u0142a<br \/>\n\t10.30&nbsp; W intencji parafian;<br \/>\n\t15.00 + Zofia Kr&oacute;l (greg.);<\/p>\n<h3 style=\"text-align: center;\"><strong><strong><span style=\"color: rgb(0, 0, 128);\">Modlitw\u0119 r&oacute;\u017ca\u0144cow\u0105 prowadz\u0105<br \/>\n\t<\/span><\/strong><\/strong><\/h3>\n<p>31. Pn. R&oacute;\u017ca \u015aw. Heleny &#8211; (Helena Dyrda)<br \/>\n\t01. Wt. R&oacute;\u017ca \u015aw. Jadwigi \u015al\u0105skiej &#8211; (Maria Bester);<br \/>\n\t02. \u015ar. R&oacute;\u017ca \u015aw. Katarzyny &#8211; (Anna Kurek);&nbsp;&nbsp;&nbsp;&nbsp;&nbsp;&nbsp;&nbsp;&nbsp;&nbsp;&nbsp;&nbsp; <br \/>\n\t03. Cz. Dzie\u0142o Pomocy Powo\u0142aniom &ndash; (Anna Szular); <br \/>\n\t04. Pt. KSM.&nbsp;&nbsp;&nbsp;&nbsp;&nbsp;&nbsp;&nbsp;&nbsp;&nbsp;&nbsp;&nbsp;&nbsp;&nbsp;&nbsp;&nbsp;&nbsp;&nbsp;&nbsp;&nbsp;&nbsp;&nbsp;&nbsp;&nbsp;&nbsp;&nbsp;&nbsp;&nbsp;&nbsp;&nbsp;&nbsp;&nbsp;&nbsp;&nbsp;&nbsp;&nbsp;&nbsp;&nbsp;&nbsp;&nbsp;&nbsp;&nbsp;&nbsp;&nbsp;&nbsp;&nbsp;&nbsp;&nbsp;&nbsp;&nbsp;&nbsp;&nbsp;&nbsp;&nbsp;&nbsp;&nbsp;&nbsp;&nbsp;&nbsp;&nbsp;&nbsp;&nbsp;&nbsp;&nbsp;&nbsp;&nbsp;&nbsp;&nbsp;&nbsp;&nbsp;&nbsp;&nbsp;&nbsp;&nbsp;&nbsp;&nbsp;&nbsp;&nbsp;&nbsp;&nbsp;&nbsp;&nbsp;&nbsp;&nbsp;&nbsp;&nbsp;&nbsp;&nbsp;&nbsp;&nbsp;&nbsp;&nbsp;&nbsp;&nbsp;&nbsp;&nbsp;&nbsp; <br \/>\n\t05. Sb. Kap\u0142an;<br \/>\n\t06. Nd. R&oacute;\u017ca Kingi &#8211; (Maria Golak);<\/p>\n<p><strong>Wyznaczona R&oacute;\u017ca jest proszona prowadzenie modlitwy r&oacute;\u017ca\u0144cowej. <br \/>\n\t<\/strong><\/p>\n<h3><span style=\"color:#000080;\">Propozycja intencji do przekazania do odprawienia w Wy\u017cszym Seminarium Duchownym w Przemy\u015blu:<\/span><\/h3>\n<p>&nbsp;1. + Jerzy Kie\u0142b &ndash; od swata z Markowej<br \/>\n\t&nbsp;2. + \u0141ucja Dzierwa &ndash; od Jerzego Cyburta z rodzin\u0105<br \/>\n\t&nbsp;3. Za dusze w czy\u015b\u0107cu cierpi\u0105ce<br \/>\n\t&nbsp;4. + Barbara Ko\u0142cz &ndash; od koleg&oacute;w Damiana<br \/>\n\t&nbsp;5. Intencja wiadoma Panu Bogu<br \/>\n\t&nbsp;6. + Tadeusz Kubis &ndash; od chrze\u015bnicy Katarzyny z rodzin\u0105<br \/>\n\t&nbsp;7. + Zofia Panek<br \/>\n\t&nbsp;8. + Tadeusz Kubis &ndash; od pracownik&oacute;w z Rzeszowa<br \/>\n\t&nbsp;9. + Jacek Chudzik &ndash; od pracownik&oacute;w Nadle\u015bnictwa Le\u017cajsk<br \/>\n\t10. + Jacek Chudzik &ndash; od Zak\u0142adu us\u0142ug Le\u015bnych Le\u015bnictwa Czarna <br \/>\n\t11. + Barbara Ko\u0142cz &ndash; od Dawida z firmy Bispol<br \/>\n\t12. + Barbara Ko\u0142cz &ndash; od rodziny Bestr&oacute;w z Kosiny<br \/>\n\t13. + Stanis\u0142aw Kochman &ndash; od chrze\u015bniaka Marcina<br \/>\n\t14. + Stanis\u0142aw Kochman &ndash; od rodziny Brzyskich<br \/>\n\t15. + Stanis\u0142aw Kochman &ndash; od piel\u0119gniarek z Oddzia\u0142u Anestozjologii<br \/>\n\t16. + W\u0142adys\u0142aw \u015awizdor &ndash; od rodziny Olbrycht z \u0141a\u0144cuta<br \/>\n\t17. + Tadeusz Kubis &ndash; od rodziny Znamirowskich z Rzeszowa<br \/>\n\t18. + Zofia Brewka &ndash; od Stanis\u0142awa Bieniasz z Machowa<br \/>\n\t19. + Zofia Brewka &ndash; od swatowej Ozimek z Woli Ocieckiej<br \/>\n\t20. + Zofia Brewka &ndash; od rodziny Szczepankiewicz z Ostrowa<br \/>\n\t21. + Zofia Brewka &ndash; od wnuka Arkadiusza Ozimka<br \/>\n\t22. + Zofia Brewka &ndash; od rodziny Toczek z Dynowa<br \/>\n\t23. + Zofia Brewka &ndash; od Zbigniewa Grodzkiego z rodzin\u0105<br \/>\n\t24. + Bogdan Blok &ndash; od kole\u017canek i koleg&oacute;w z Kom. Pow. Policji w \u0141a\u0144cucie<br \/>\n\t25. + Jerzy Kie\u0142b &ndash; od Alicji i Lucyny<br \/>\n\t26. + J&oacute;zef Kania &ndash; od rodziny Adama i Ma\u0142gorzaty Zarzyckich<br \/>\n\t27. + Jacek Chudzik &ndash; od rodziny Henclik&oacute;w z Rog&oacute;\u017cna<br \/>\n\t28. + Jacek Chudzik &ndash; od Reginy i Kamila<br \/>\n\t29. + Jacek Chudzik &ndash; od Krystyny i Rados\u0142awa Bartnik<br \/>\n\t30. + Barbara Ko\u0142cz &ndash; od rodziny Stryczek<\/p>\n","protected":false},"excerpt":{"rendered":"<p>XXII Niedziela zwyk\u0142a &#8211; 30-08-2020 Og\u0142oszenia Dzi\u015b o godz. 15.00 &ndash; Litania do Matki Bo\u017cej, a po niej &#8211; Msza \u015bw. W poniedzia\u0142ek o godz.18.00 Msza \u015bw. na rozpocz\u0119cie nowego &hellip; <a href=\"https:\/\/budy.przemyska.pl\/index.php\/2020\/08\/30\/ogloszenia-parafialne-30-08-2020\/\" class=\"more-link\">Czytaj dalej <span class=\"screen-reader-text\">Og\u0142oszenia parafialne 30-08-2020<\/span> <span class=\"meta-nav\">&rarr;<\/span><\/a><\/p>\n","protected":false},"author":1,"featured_media":0,"comment_status":"closed","ping_status":"closed","sticky":false,"template":"","format":"standard","meta":{"footnotes":""},"categories":[6,4],"tags":[],"class_list":["post-3144","post","type-post","status-publish","format-standard","hentry","category-aktualnosci","category-ogloszenia"],"_links":{"self":[{"href":"https:\/\/budy.przemyska.pl\/index.php\/wp-json\/wp\/v2\/posts\/3144","targetHints":{"allow":["GET"]}}],"collection":[{"href":"https:\/\/budy.przemyska.pl\/index.php\/wp-json\/wp\/v2\/posts"}],"about":[{"href":"https:\/\/budy.przemyska.pl\/index.php\/wp-json\/wp\/v2\/types\/post"}],"author":[{"embeddable":true,"href":"https:\/\/budy.przemyska.pl\/index.php\/wp-json\/wp\/v2\/users\/1"}],"replies":[{"embeddable":true,"href":"https:\/\/budy.przemyska.pl\/index.php\/wp-json\/wp\/v2\/comments?post=3144"}],"version-history":[{"count":0,"href":"https:\/\/budy.przemyska.pl\/index.php\/wp-json\/wp\/v2\/posts\/3144\/revisions"}],"wp:attachment":[{"href":"https:\/\/budy.przemyska.pl\/index.php\/wp-json\/wp\/v2\/media?parent=3144"}],"wp:term":[{"taxonomy":"category","embeddable":true,"href":"https:\/\/budy.przemyska.pl\/index.php\/wp-json\/wp\/v2\/categories?post=3144"},{"taxonomy":"post_tag","embeddable":true,"href":"https:\/\/budy.przemyska.pl\/index.php\/wp-json\/wp\/v2\/tags?post=3144"}],"curies":[{"name":"wp","href":"https:\/\/api.w.org\/{rel}","templated":true}]}}