{"id":3142,"date":"2020-08-23T11:43:48","date_gmt":"2020-08-23T09:43:48","guid":{"rendered":"http:\/\/www.budylancuckie.przemyska.pl\/?p=3142"},"modified":"2020-08-23T11:43:48","modified_gmt":"2020-08-23T09:43:48","slug":"ogloszenia-parafialne-23-08-2020","status":"publish","type":"post","link":"https:\/\/budy.przemyska.pl\/index.php\/2020\/08\/23\/ogloszenia-parafialne-23-08-2020\/","title":{"rendered":"Og\u0142oszenia parafialne 23-08-2020"},"content":{"rendered":"<h2 style=\"text-align: center;\"><strong><span style=\"color: rgb(0, 0, 128);\">XXI Niedziela zwyk\u0142a &#8211; 23-08-2020<\/span><\/strong><\/h2>\n<h2 style=\"text-align: center;\"><strong><span style=\"color: rgb(0, 0, 128);\">Og\u0142oszenia<br \/>\n\t<\/span><\/strong><\/h2>\n<ol>\n<li>Dzi\u015b o godz. 15.00 &ndash; Litania do \u015bw. J&oacute;zefa, a po niej &#8211; Msza \u015bw.<\/li>\n<li>W tym tygodniu w Liturgii Ko\u015bcio\u0142a wspominamy: w poniedzia\u0142ek &ndash; \u015bw. Bart\u0142omieja, w \u015brod\u0119 &ndash; Uroczysto\u015b\u0107 Matki Bo\u017cej Cz\u0119stochowskiej, w czwartek &ndash; \u015bw. Moniki, w pi\u0105tek &ndash; \u015bw. Augustyna, w sobot\u0119 &ndash; wspomnienie M\u0119cze\u0144stwa Jana Chrzciciela.<\/li>\n<li>Sk\u0142adam serdeczne podzi\u0119kowanie dla wszystkich, kt&oacute;rzy w\u0142\u0105czyli si\u0119 w prac\u0119 przy impregnacji posadzki w naszym ko\u015bciele. Dzi\u0119ki wielkiemu zaanga\u017cowaniu wielu Parafian, uda\u0142o si\u0119 t\u0119 prac\u0119 wykona\u0107 w ci\u0105gu jednego dnia. R&oacute;wnocze\u015bnie uda\u0142o si\u0119 znacz\u0105co obni\u017cy\u0107 koszty wykonanej konserwacji naszej posadzki. <\/li>\n<li>Serdeczne B&oacute;g zap\u0142a\u0107 dla os&oacute;b sprz\u0105taj\u0105cych i stroj\u0105cych ko\u015bci&oacute;\u0142 oraz za wszystkie ofiary sk\u0142adane na potrzeby parafii..<\/li>\n<\/ol>\n<h3 style=\"text-align: center;\"><strong><span style=\"color: rgb(0, 0, 128);\">Intencje mszalne<\/span><\/strong><\/h3>\n<h4 style=\"text-align: center;\"><strong><span style=\"color: rgb(0, 0, 128);\">od 24 sierpnia 2020 do 30 sierpnia 2020<\/span><\/strong><\/h4>\n<h4><strong><br \/>\n\tGdyby zbyt d\u0142ugi czas nie by\u0142a og\u0142oszona zam&oacute;wiona intencja mszalna &ndash; prosimy o zg\u0142oszenie tego kap\u0142anowi.&nbsp; Zam&oacute;wiona intencja nie mo\u017ce zgin\u0105\u0107.<br \/>\n\t<\/strong><\/h4>\n<p><u><strong>Poniedzia\u0142ek &#8211; 24 sierpie\u0144<\/strong><\/u><br \/>\n\t1. + Stanis\u0142aw Por\u0119bny (greg.);<br \/>\n\t2. + Kazimierz Mach &ndash; od rodziny Bartnik&oacute;w;<br \/>\n\t3. O b\u0142og. Bo\u017ce dla Klaudii w 18 rocz. urodzin;<\/p>\n<p><u><strong>Wtorek &#8211; 25 sierpie\u0144<br \/>\n\t<\/strong><\/u>1. + Stanis\u0142aw Por\u0119bny (greg.);<br \/>\n\t2. + Zbigniew Wasilewski;<br \/>\n\t3. + Maria Pelc &ndash; od wnuka Marka z rodzin\u0105; <\/p>\n<p><u><strong>\u015aroda &#8211; 26 sierpie\u0144<\/strong><\/u><br \/>\n\t1. + Stanis\u0142aw Por\u0119bny (greg.);<br \/>\n\t2. O b\u0142og. Bo\u017ce dla Amelii w 18 rocz. urodzin; <br \/>\n\t3. ++ Franciszek i Stefania Mach;<\/p>\n<p><u><strong>Czwartek &#8211; 27 sierpie\u0144<\/strong><\/u><br \/>\n\t1. + Stanis\u0142aw Por\u0119bny (greg.); <br \/>\n\t2. + Tadeusz Kubis &ndash; od Marii i W\u0142adys\u0142awa; <br \/>\n\t3. + Stefania i Franciszek Kojder;<\/p>\n<p>\t<u><strong>Pi\u0105tek &#8211; 28 sierpie\u0144<\/strong><\/u><br \/>\n\t1. + Stanis\u0142aw Por\u0119bny (greg.);<br \/>\n\t2. ++ Helena i Ludwik Machniak;<br \/>\n\t3. + Jacek Chudzik &ndash; od chrzestnego z rodzin\u0105; <\/p>\n<p><u><strong>Sobota &#8211; 29 sierpie\u0144<\/strong><\/u><br \/>\n\t1. + Stanis\u0142aw Por\u0119bny (greg.); <br \/>\n\t2. + Jerzy Kie\u0142b &ndash; od s\u0105siad&oacute;w &#8211; rodziny Mi\u015b;<br \/>\n\t3. + Stanis\u0142aw Kochman &ndash; od \u017cony; <\/p>\n<p><u><strong>Niedziela &#8211; 30 sierpie\u0144<\/strong><\/u><br \/>\n\t6.30 + Franciszek, Aniela Kojder i zmarli z rodziny ;<br \/>\n\t8.00 + Teresa i Edward Kwolek; <br \/>\n\t10.30 W intencji parafian; <br \/>\n\t10.30 + Konrad Ko\u0142cz &ndash; 10 rocznica \u015bmierci <br \/>\n\t15.00 + Stanis\u0142aw Por\u0119bny (greg.);<\/p>\n<h3 style=\"text-align: center;\"><strong><strong><span style=\"color: rgb(0, 0, 128);\">Modlitw\u0119 r&oacute;\u017ca\u0144cow\u0105 prowadz\u0105<br \/>\n\t<\/span><\/strong><\/strong><\/h3>\n<p>24. Pn. R&oacute;\u017ca \u015aw. Andrzeja Aposto\u0142a &#8211; (J&oacute;zef M\u0105dry)<br \/>\n\t25. Wt. R&oacute;\u017ca \u015aw. Cecylii &#8211; (Krystyna Markowicz);<br \/>\n\t26. \u015ar. R&oacute;\u017ca \u015aw. El\u017cbiety &#8211; (Alina Trojnar); <br \/>\n\t27. Cz. R&oacute;\u017ca \u015aw. Faustyny &#8211; (Eugenia \u015awizdor); <br \/>\n\t28. Pt. KSM. <br \/>\n\t29. So. R&oacute;\u017ca \u015aw. Genowefy &#8211; (Genowefa Dr\u0105\u017cek);<br \/>\n\t30. Nd. R&oacute;\u017ca \u015aw. Jadwigi Kr&oacute;lowej &#8211; (Halina Dyrda);<\/p>\n<p><strong>Wyznaczona R&oacute;\u017ca jest proszona prowadzenie modlitwy r&oacute;\u017ca\u0144cowej. <br \/>\n\t<\/strong><\/p>\n","protected":false},"excerpt":{"rendered":"<p>XXI Niedziela zwyk\u0142a &#8211; 23-08-2020 Og\u0142oszenia Dzi\u015b o godz. 15.00 &ndash; Litania do \u015bw. J&oacute;zefa, a po niej &#8211; Msza \u015bw. W tym tygodniu w Liturgii Ko\u015bcio\u0142a wspominamy: w poniedzia\u0142ek &hellip; <a href=\"https:\/\/budy.przemyska.pl\/index.php\/2020\/08\/23\/ogloszenia-parafialne-23-08-2020\/\" class=\"more-link\">Czytaj dalej <span class=\"screen-reader-text\">Og\u0142oszenia parafialne 23-08-2020<\/span> <span class=\"meta-nav\">&rarr;<\/span><\/a><\/p>\n","protected":false},"author":1,"featured_media":0,"comment_status":"closed","ping_status":"closed","sticky":false,"template":"","format":"standard","meta":{"footnotes":""},"categories":[6,4],"tags":[],"class_list":["post-3142","post","type-post","status-publish","format-standard","hentry","category-aktualnosci","category-ogloszenia"],"_links":{"self":[{"href":"https:\/\/budy.przemyska.pl\/index.php\/wp-json\/wp\/v2\/posts\/3142","targetHints":{"allow":["GET"]}}],"collection":[{"href":"https:\/\/budy.przemyska.pl\/index.php\/wp-json\/wp\/v2\/posts"}],"about":[{"href":"https:\/\/budy.przemyska.pl\/index.php\/wp-json\/wp\/v2\/types\/post"}],"author":[{"embeddable":true,"href":"https:\/\/budy.przemyska.pl\/index.php\/wp-json\/wp\/v2\/users\/1"}],"replies":[{"embeddable":true,"href":"https:\/\/budy.przemyska.pl\/index.php\/wp-json\/wp\/v2\/comments?post=3142"}],"version-history":[{"count":0,"href":"https:\/\/budy.przemyska.pl\/index.php\/wp-json\/wp\/v2\/posts\/3142\/revisions"}],"wp:attachment":[{"href":"https:\/\/budy.przemyska.pl\/index.php\/wp-json\/wp\/v2\/media?parent=3142"}],"wp:term":[{"taxonomy":"category","embeddable":true,"href":"https:\/\/budy.przemyska.pl\/index.php\/wp-json\/wp\/v2\/categories?post=3142"},{"taxonomy":"post_tag","embeddable":true,"href":"https:\/\/budy.przemyska.pl\/index.php\/wp-json\/wp\/v2\/tags?post=3142"}],"curies":[{"name":"wp","href":"https:\/\/api.w.org\/{rel}","templated":true}]}}