{"id":3136,"date":"2020-08-15T20:16:23","date_gmt":"2020-08-15T18:16:23","guid":{"rendered":"http:\/\/www.budylancuckie.przemyska.pl\/?p=3136"},"modified":"2020-08-15T20:16:23","modified_gmt":"2020-08-15T18:16:23","slug":"ogloszenia-parafialne-16-08-2020","status":"publish","type":"post","link":"https:\/\/budy.przemyska.pl\/index.php\/2020\/08\/15\/ogloszenia-parafialne-16-08-2020\/","title":{"rendered":"Og\u0142oszenia parafialne 16-08-2020"},"content":{"rendered":"<h2 style=\"text-align: center;\"><strong><span style=\"color: rgb(0, 0, 128);\">XX Niedziela zwyk\u0142a &#8211; 16-08-2020<\/span><\/strong><\/h2>\n<h2 style=\"text-align: center;\"><strong><span style=\"color: rgb(0, 0, 128);\">Og\u0142oszenia<br \/>\n\t<\/span><\/strong><\/h2>\n<ol>\n<li>Dzi\u015b o godz. 15.00 &ndash; Nabo\u017ce\u0144stwo do Mi\u0142osierdzia Bo\u017cego, a po nim &#8211; Msza \u015bw.<\/li>\n<li>W Liturgii Ko\u015bcio\u0142a w tym tygodniu wspominamy: w poniedzia\u0142ek &ndash; \u015bw. Jacka, w czwartek &ndash; \u015bw. Bernarda, w pi\u0105tek &ndash; \u015bw. Piusa X, w sobot\u0119 &ndash; NMP Kr&oacute;lowej.<\/li>\n<li>W obecnym wydaniu naszej parafialnej gazetki, zosta\u0142a umieszczona propozycja intencji do odprawienia w Wy\u017cszym Seminarium Duchownym w Przemy\u015blu.<\/li>\n<li>Serdeczne B&oacute;g zap\u0142a\u0107 dla os&oacute;b sprz\u0105taj\u0105cych i stroj\u0105cych ko\u015bci&oacute;\u0142 oraz za wszystkie ofiary sk\u0142adane na potrzeby parafii..<\/li>\n<\/ol>\n<h3 style=\"text-align: center;\"><strong><span style=\"color: rgb(0, 0, 128);\">Intencje mszalne<\/span><\/strong><\/h3>\n<h4 style=\"text-align: center;\"><strong><span style=\"color: rgb(0, 0, 128);\">od 17 sierpnia 2020 do 23 sierpnia 2020<\/span><\/strong><\/h4>\n<h4><strong><br \/>\n\tGdyby zbyt d\u0142ugi czas nie by\u0142a og\u0142oszona zam&oacute;wiona intencja mszalna &ndash; prosimy o zg\u0142oszenie tego kap\u0142anowi.&nbsp; Zam&oacute;wiona intencja nie mo\u017ce zgin\u0105\u0107.<br \/>\n\t<\/strong><\/h4>\n<p><u><strong>Poniedzia\u0142ek &#8211; 17 sierpie\u0144<\/strong><\/u><br \/>\n\t1. + Stanis\u0142aw Por\u0119bny (greg.);<br \/>\n\t2. + Roman Stafiej;<br \/>\n\t3. ++ Agata, Jan Ciupi\u0144scy, Jan Skiba, Bogdan Blok;<\/p>\n<p><u><strong>Wtorek &#8211; 18 sierpie\u0144<br \/>\n\t<\/strong><\/u>1. + Stanis\u0142aw Por\u0119bny (greg.);<br \/>\n\t2. + Maria Pelc &ndash; od wnuka Stanis\u0142awa z rodzin\u0105;<br \/>\n\t3. ++ Cecylia, Jan Miara;<\/p>\n<p><u><strong>\u015aroda &#8211; 19 sierpie\u0144<\/strong><\/u><br \/>\n\t1. + Stanis\u0142aw Por\u0119bny (greg.);<br \/>\n\t2. + Zofia Brewka &ndash; od chrze\u015bniaka z rodzin\u0105; <br \/>\n\t3. ++ Stanis\u0142awa, Maria, Roman Blok;<\/p>\n<p><u><strong>Czwartek &#8211; 20 sierpie\u0144<\/strong><\/u><br \/>\n\t1. + Stanis\u0142aw Por\u0119bny (greg.); <br \/>\n\t2. + Arkadiusz Sanok &ndash; 1 rocznica \u015bmierci; <br \/>\n\t3. + Stanis\u0142awa W\u0119grzyn &ndash; od Paw\u0142a Mach z rodzin\u0105;<\/p>\n<p>\t<u><strong>Pi\u0105tek &#8211; 21 sierpie\u0144<\/strong><\/u><br \/>\n\t1. + Stanis\u0142aw Por\u0119bny (greg.);<br \/>\n\t2. + Tadeusz Kubis &ndash; od Andrzeja i Ma\u0142gorzaty;<br \/>\n\t3. ++ Boles\u0142aw Bester, Stanis\u0142aw Bartnik;<\/p>\n<p><u><strong>Sobota &#8211; 22 sierpie\u0144<\/strong><\/u><br \/>\n\t1. + Stanis\u0142aw Por\u0119bny (greg.); <br \/>\n\t2. + Barbara Ko\u0142cz &ndash; od Ani z rodzin\u0105;<br \/>\n\t3. Dzi\u0119k. i o b\u0142. Bo\u017ce dla Zofii i Stanis\u0142awa w 50 rocz. \u015blubu;<\/p>\n<p><u><strong>Niedziela &#8211; 23 sierpie\u0144<\/strong><\/u><br \/>\n\t6.30 + Jerzy Kie\u0142b &ndash; od rodziny \u015alimak&oacute;w;<br \/>\n\t8.00 + Konrad Ko\u0142cz &ndash; w rocz. urodzin;<br \/>\n\t10.30 W intencji parafian; 10.30 + Stanis\u0142aw Por\u0119bny (greg.);<br \/>\n\t15.00 Dzi\u0119k. i o b\u0142. Bo\u017ce w 10 rocz. \u015blubu Krystyny i Henryka<\/p>\n<h3 style=\"text-align: center;\"><strong><strong><span style=\"color: rgb(0, 0, 128);\">Modlitw\u0119 r&oacute;\u017ca\u0144cow\u0105 prowadz\u0105<br \/>\n\t<\/span><\/strong><\/strong><\/h3>\n<p>17. Pn. R&oacute;\u017ca \u015aw. Teresy od Dzieci\u0105tka Jezus &#8211; (Dorota Dzierga)<br \/>\n\t18. Wt. R&oacute;\u017ca \u015aw. Teresy Wielkiej &#8211; (Zofia Wierzbicka);<br \/>\n\t19. \u015ar. R&oacute;\u017ca \u015aw. Tomasza Aposto\u0142a &#8211; (Stanis\u0142aw \u015alimak); <br \/>\n\t20. Cz. R&oacute;\u017ca \u015aw. Zofii &#8211; (Zofia Kurek); <br \/>\n\t21. Pt. KSM. <br \/>\n\t22. Sb. R&oacute;\u017ca \u015aw. Agaty &#8211; (Patrycja Por\u0119bna);<br \/>\n\t23. Nd. R&oacute;\u017ca \u015aw. Agnieszki &#8211; (Krystyna Nykiel);<\/p>\n<p><strong>Wyznaczona R&oacute;\u017ca jest proszona prowadzenie modlitwy r&oacute;\u017ca\u0144cowej. <br \/>\n\t<\/strong><\/p>\n<h3><span style=\"color:#000080;\">Propozycja intencji do przekazania do odprawienia w Wy\u017cszym Seminarium Duchownym w Przemy\u015blu:<\/span><\/h3>\n<p>&nbsp;1. + Maria Pelc &ndash; od Magdaleny z m\u0119\u017cem<br \/>\n\t&nbsp;2. + Maria Czyrek &ndash; od Bogus\u0142awa<br \/>\n\t&nbsp;3. + Maria Czyrek &ndash; od wnuczki Justyny z rodzin\u0105<br \/>\n\t&nbsp;4. + W\u0142adys\u0142aw Kojder &ndash; od rodziny Matuszek z Rakszawy<br \/>\n\t&nbsp;5. + Stanis\u0142aw Por\u0119bny &ndash; od Marty Ros&oacute;\u0142 z rodzin\u0105<br \/>\n\t&nbsp;6. + Maria Pelc &ndash; od rodziny<br \/>\n\t&nbsp;7. + Maria Czyrek &ndash; od wnuczki Agnieszki z rodzin\u0105<br \/>\n\t&nbsp;8. + Renata Nowak &ndash; od rodziny Bia\u0142y<br \/>\n\t&nbsp;9. + Zofia Skiba &ndash; od wnuczki Anny z rodzin\u0105<br \/>\n\t10. + Maria Czyrek &ndash; od rodziny Bal<br \/>\n\t11. + Maria Czyrek &ndash; od C&oacute;rki Zdzis\u0142awy z m\u0119\u017cem<br \/>\n\t12. + Maria Wacnik &ndash; od rodziny Wacnik z \u0141a\u0144cuta<br \/>\n\t13. + Maria Pelc &ndash; od wnuka Wies\u0142awa z rodzin\u0105<br \/>\n\t14. + Maria Czyrek &ndash; od Zbigniewa z rodzin\u0105<br \/>\n\t15. + Maria Czyrek &ndash; od c&oacute;rki Krystyny z m\u0119\u017cem<br \/>\n\t16. + Jerzy Kie\u0142b &ndash; od rodziny<br \/>\n\t17. + Jerzy Kie\u0142b &ndash; od Zak\u0142adu Pogrzebowego w Grodzisku Dolnym<br \/>\n\t18. + Maria Pelc &ndash; od Anny<br \/>\n\t19. + Jerzy Kie\u0142b &ndash; od Zofii Gw&oacute;\u017ad\u017a z rodzin\u0105<br \/>\n\t20. + Maria Pelc &ndash; od kole\u017canek Malwiny z Przedszkola w \u0141a\u0144cucie<br \/>\n\t21. + W\u0142adys\u0142aw Kojder &ndash; od syna z rodzin\u0105<br \/>\n\t22. + Maria Czyrek &ndash; od El\u017cbiety Czyrek z rodzin\u0105<br \/>\n\t23. + Maria Pelc &ndash; od rodziny Mroszczyk ze \u015awi\u0119toniowej<br \/>\n\t24. + Bogdan Blok &ndash; od kole\u017canek i koleg&oacute;w z Komendy Pow. Policji w \u0141a\u0144cucie<br \/>\n\t25. + Maria Pelc &ndash; od wnuczki Anny z rodzin\u0105<br \/>\n\t26. + Jerzy Kie\u0142b &ndash; od Zofii Nykiel z rodzin\u0105<br \/>\n\t27. + Zofia Skiba &ndash; od Weroniki Hypnar<br \/>\n\t28. + Maria Pelc &ndash; od rodziny Hojna i Rydzik<br \/>\n\t29. + Jan Pelc &ndash; od kole\u017canek syna<br \/>\n\t30. + Maria Czyrek &ndash; od rodziny Ka\u0142amarz<\/p>\n","protected":false},"excerpt":{"rendered":"<p>XX Niedziela zwyk\u0142a &#8211; 16-08-2020 Og\u0142oszenia Dzi\u015b o godz. 15.00 &ndash; Nabo\u017ce\u0144stwo do Mi\u0142osierdzia Bo\u017cego, a po nim &#8211; Msza \u015bw. W Liturgii Ko\u015bcio\u0142a w tym tygodniu wspominamy: w poniedzia\u0142ek &hellip; <a href=\"https:\/\/budy.przemyska.pl\/index.php\/2020\/08\/15\/ogloszenia-parafialne-16-08-2020\/\" class=\"more-link\">Czytaj dalej <span class=\"screen-reader-text\">Og\u0142oszenia parafialne 16-08-2020<\/span> <span class=\"meta-nav\">&rarr;<\/span><\/a><\/p>\n","protected":false},"author":1,"featured_media":0,"comment_status":"closed","ping_status":"closed","sticky":false,"template":"","format":"standard","meta":{"footnotes":""},"categories":[6,4],"tags":[],"class_list":["post-3136","post","type-post","status-publish","format-standard","hentry","category-aktualnosci","category-ogloszenia"],"_links":{"self":[{"href":"https:\/\/budy.przemyska.pl\/index.php\/wp-json\/wp\/v2\/posts\/3136","targetHints":{"allow":["GET"]}}],"collection":[{"href":"https:\/\/budy.przemyska.pl\/index.php\/wp-json\/wp\/v2\/posts"}],"about":[{"href":"https:\/\/budy.przemyska.pl\/index.php\/wp-json\/wp\/v2\/types\/post"}],"author":[{"embeddable":true,"href":"https:\/\/budy.przemyska.pl\/index.php\/wp-json\/wp\/v2\/users\/1"}],"replies":[{"embeddable":true,"href":"https:\/\/budy.przemyska.pl\/index.php\/wp-json\/wp\/v2\/comments?post=3136"}],"version-history":[{"count":0,"href":"https:\/\/budy.przemyska.pl\/index.php\/wp-json\/wp\/v2\/posts\/3136\/revisions"}],"wp:attachment":[{"href":"https:\/\/budy.przemyska.pl\/index.php\/wp-json\/wp\/v2\/media?parent=3136"}],"wp:term":[{"taxonomy":"category","embeddable":true,"href":"https:\/\/budy.przemyska.pl\/index.php\/wp-json\/wp\/v2\/categories?post=3136"},{"taxonomy":"post_tag","embeddable":true,"href":"https:\/\/budy.przemyska.pl\/index.php\/wp-json\/wp\/v2\/tags?post=3136"}],"curies":[{"name":"wp","href":"https:\/\/api.w.org\/{rel}","templated":true}]}}