{"id":3130,"date":"2020-08-02T10:09:50","date_gmt":"2020-08-02T08:09:50","guid":{"rendered":"http:\/\/www.budylancuckie.przemyska.pl\/?p=3130"},"modified":"2020-08-02T10:09:50","modified_gmt":"2020-08-02T08:09:50","slug":"ogloszenia-parafialne-02-08-2020","status":"publish","type":"post","link":"https:\/\/budy.przemyska.pl\/index.php\/2020\/08\/02\/ogloszenia-parafialne-02-08-2020\/","title":{"rendered":"Og\u0142oszenia parafialne 02-08-2020"},"content":{"rendered":"<h2 style=\"text-align: center;\"><strong><span style=\"color: rgb(0, 0, 128);\">XVIII Niedziela zwyk\u0142a &#8211; 02-08-2020<\/span><\/strong><\/h2>\n<h2 style=\"text-align: center;\"><strong><span style=\"color: rgb(0, 0, 128);\">Og\u0142oszenia<br \/>\n\t<\/span><\/strong><\/h2>\n<ol>\n<li>Dzi\u015b o godz. 15.00 &ndash; Litania do Naj\u015bwi\u0119tszego Serca Pana Jezusa, a po nabo\u017ce\u0144stwie &#8211; Msza \u015bw.<\/li>\n<li>W Liturgii Ko\u015bcio\u0142a wspominamy: we wtorek &ndash; wspomnienie \u015bw. Jana Vianneya, w czwartek &ndash; \u015bwi\u0119to Przemienienia Pa\u0144skiego ( w tym dniu po\u015bwi\u0119cenie kopru), w sobot\u0119 &ndash; wspomnienie \u015bw. Dominika. <\/li>\n<li>W tym tygodniu wypada I czwartek i I pi\u0105tek miesi\u0105ca. W czwartek Adoracja Naj\u015bwi\u0119tszego Sakramentu od godz. 17.00. Modlimy si\u0119 szczeg&oacute;lnie o \u0142ask\u0119 powo\u0142a\u0144 do S\u0142u\u017cby Bo\u017cej.<\/li>\n<li>W I pi\u0105tek czcimy Naj\u015bwi\u0119tsze Serce Pana Jezusa. Msza \u015bw. rano o godz. 6.45, za\u015b po po\u0142udniu o godz.18.00. Ze wzgl\u0119du na ci\u0105gle trwaj\u0105cy stan epidemii, odwiedzimy tylko tych chorych, kt&oacute;rzy zostali wcze\u015bniej zg\u0142oszeni. Spowied\u017a \u015bw. codziennie przed ka\u017cd\u0105 Msz\u0105 \u015bw.<\/li>\n<li>Serdeczne B&oacute;g zap\u0142a\u0107 dla os&oacute;b sprz\u0105taj\u0105cych i stroj\u0105cych ko\u015bci&oacute;\u0142 oraz za wszystkie ofiary sk\u0142adane na potrzeby parafii.<\/li>\n<\/ol>\n<h3 style=\"text-align: center;\"><strong><span style=\"color: rgb(0, 0, 128);\">Intencje mszalne<\/span><\/strong><\/h3>\n<h4 style=\"text-align: center;\"><strong><span style=\"color: rgb(0, 0, 128);\">od 3 sierpnia 2020 do 9 sierpnia 2020<\/span><\/strong><\/h4>\n<h4><strong><br \/>\n\tGdyby zbyt d\u0142ugi czas nie by\u0142a og\u0142oszona zam&oacute;wiona intencja mszalna &ndash; prosimy o zg\u0142oszenie tego kap\u0142anowi.&nbsp; Zam&oacute;wiona intencja nie mo\u017ce zgin\u0105\u0107.<br \/>\n\t<\/strong><\/h4>\n<p><u><strong>Poniedzia\u0142ek &#8211; 3 sierpie\u0144<\/strong><\/u><br \/>\n\t1. + Stanis\u0142aw Por\u0119bny (greg.);<br \/>\n\t2. ++ Stanis\u0142aw i Helena Bo\u017cek;<br \/>\n\t3. ++ Antonina, Franciszek, Jan Janusz;<\/p>\n<p><u><strong>Wtorek &#8211; 4 sierpie\u0144<br \/>\n\t<\/strong><\/u>1. + Stanis\u0142aw Por\u0119bny (greg.);<br \/>\n\t2. ++ Andrzej, Katarzyna Dyrda i ich dzieci;<br \/>\n\t3. ++ z r. Panek, Misi\u0105g, Krauz; <\/p>\n<p><u><strong>\u015aroda &#8211; 5 sierpie\u0144<\/strong><\/u><br \/>\n\t1. + Stanis\u0142aw Por\u0119bny (greg.);<br \/>\n\t2. + Wies\u0142aw Kubis i zm. z rodziny; <br \/>\n\t3. + Jerzy Kie\u0142b od firmy Quisland;<\/p>\n<p><u><strong>Czwartek &#8211; 6 sierpie\u0144<\/strong><\/u><br \/>\n\t1. + Stanis\u0142aw Por\u0119bny (greg.); <br \/>\n\t2. Dzi\u0119k. i o b\u0142og. Bo\u017ce &ndash; w wiadomej intencji; <br \/>\n\t3. ++ Maria, Stefania, W\u0142adys\u0142aw, Stefania Cebulak;<\/p>\n<p>\t<u><strong>Pi\u0105tek &#8211; 7 sierpie\u0144<\/strong><\/u><br \/>\n\t1. + Stanis\u0142aw Por\u0119bny (greg.);<br \/>\n\t2. ++ Franciszek, Wies\u0142aw, Jan i Cecylia Kojder;<br \/>\n\t3. + J&oacute;zef Bosak i rodzice; <\/p>\n<p><u><strong>Sobota &#8211; 8 sierpie\u0144<\/strong><\/u><br \/>\n\t1. + Stanis\u0142aw Por\u0119bny (greg.); <br \/>\n\t2. ++ Maria, Roman Bosak, J&oacute;zef Bytnar;<br \/>\n\t3. + Stanis\u0142awa W\u0119grzyn od r. Pieczk&oacute;w;<\/p>\n<p><u><strong>Niedziela &#8211; 9 sierpie\u0144<\/strong><\/u><br \/>\n\t6.30 ++Stefania, Franciszek, Maria, Zofia, Maria, St-w Rybak; <br \/>\n\t8.00 + Jan Aab;<br \/>\n\t10.30 W intencji parafian; <br \/>\n\t15.00 + Stanis\u0142aw Por\u0119bny (greg.);<\/p>\n<h3 style=\"text-align: center;\"><strong><strong><span style=\"color: rgb(0, 0, 128);\">Modlitw\u0119 r&oacute;\u017ca\u0144cow\u0105 prowadz\u0105<br \/>\n\t<\/span><\/strong><\/strong><\/h3>\n<p>03. P. R. \u015aw. Jadwigi \u015al\u0105skiej -(Maria Bester);<br \/>\n\t04. W. R. \u015aw. Katarzyny &#8211; (Anna Kurek);<br \/>\n\t05. \u015a. R. \u015aw. Kingi &#8211; (Maria Golak); <br \/>\n\t06. C. R. DPP &ndash;( Anna Szular); <br \/>\n\t07. P. KSM. <br \/>\n\t08. S. R. \u015aw. Klary &ndash; (Teresa G\u0142owiak);<br \/>\n\t09. N. R. \u015aw. Marii Magdaleny &#8211; (Maria Baran);<\/p>\n<p><strong>Wyznaczona R&oacute;\u017ca jest proszona prowadzenie modlitwy r&oacute;\u017ca\u0144cowej. <br \/>\n\t<\/strong><\/p>\n","protected":false},"excerpt":{"rendered":"<p>XVIII Niedziela zwyk\u0142a &#8211; 02-08-2020 Og\u0142oszenia Dzi\u015b o godz. 15.00 &ndash; Litania do Naj\u015bwi\u0119tszego Serca Pana Jezusa, a po nabo\u017ce\u0144stwie &#8211; Msza \u015bw. W Liturgii Ko\u015bcio\u0142a wspominamy: we wtorek &ndash; &hellip; <a href=\"https:\/\/budy.przemyska.pl\/index.php\/2020\/08\/02\/ogloszenia-parafialne-02-08-2020\/\" class=\"more-link\">Czytaj dalej <span class=\"screen-reader-text\">Og\u0142oszenia parafialne 02-08-2020<\/span> <span class=\"meta-nav\">&rarr;<\/span><\/a><\/p>\n","protected":false},"author":1,"featured_media":0,"comment_status":"closed","ping_status":"closed","sticky":false,"template":"","format":"standard","meta":{"footnotes":""},"categories":[6,4],"tags":[],"class_list":["post-3130","post","type-post","status-publish","format-standard","hentry","category-aktualnosci","category-ogloszenia"],"_links":{"self":[{"href":"https:\/\/budy.przemyska.pl\/index.php\/wp-json\/wp\/v2\/posts\/3130","targetHints":{"allow":["GET"]}}],"collection":[{"href":"https:\/\/budy.przemyska.pl\/index.php\/wp-json\/wp\/v2\/posts"}],"about":[{"href":"https:\/\/budy.przemyska.pl\/index.php\/wp-json\/wp\/v2\/types\/post"}],"author":[{"embeddable":true,"href":"https:\/\/budy.przemyska.pl\/index.php\/wp-json\/wp\/v2\/users\/1"}],"replies":[{"embeddable":true,"href":"https:\/\/budy.przemyska.pl\/index.php\/wp-json\/wp\/v2\/comments?post=3130"}],"version-history":[{"count":0,"href":"https:\/\/budy.przemyska.pl\/index.php\/wp-json\/wp\/v2\/posts\/3130\/revisions"}],"wp:attachment":[{"href":"https:\/\/budy.przemyska.pl\/index.php\/wp-json\/wp\/v2\/media?parent=3130"}],"wp:term":[{"taxonomy":"category","embeddable":true,"href":"https:\/\/budy.przemyska.pl\/index.php\/wp-json\/wp\/v2\/categories?post=3130"},{"taxonomy":"post_tag","embeddable":true,"href":"https:\/\/budy.przemyska.pl\/index.php\/wp-json\/wp\/v2\/tags?post=3130"}],"curies":[{"name":"wp","href":"https:\/\/api.w.org\/{rel}","templated":true}]}}