{"id":3127,"date":"2020-07-26T10:00:37","date_gmt":"2020-07-26T08:00:37","guid":{"rendered":"http:\/\/www.budylancuckie.przemyska.pl\/?p=3127"},"modified":"2020-07-26T10:00:37","modified_gmt":"2020-07-26T08:00:37","slug":"ogloszenia-parafialne-26-07-2020","status":"publish","type":"post","link":"https:\/\/budy.przemyska.pl\/index.php\/2020\/07\/26\/ogloszenia-parafialne-26-07-2020\/","title":{"rendered":"Og\u0142oszenia parafialne 26-07-2020"},"content":{"rendered":"<h2 style=\"text-align: center;\"><strong><span style=\"color: rgb(0, 0, 128);\">XVII Niedziela zwyk\u0142a &#8211; 26-07-2020<\/span><\/strong><\/h2>\n<h2 style=\"text-align: center;\"><strong><span style=\"color: rgb(0, 0, 128);\">Og\u0142oszenia<br \/>\n\t<\/span><\/strong><\/h2>\n<ol>\n<li>Dzi\u015b o godz. 15.00 &ndash; Litania do \u015bw. J&oacute;zefa, a po nabo\u017ce\u0144stwie &#8211; Msza \u015bw. <\/li>\n<li>W \u015brod\u0119 wspomnienie &#8211; \u015bw. Marty, w pi\u0105tek &ndash; \u015bw. Ignacego z Loyoli, w sobot\u0119 za\u015b &ndash; \u015bw. Alfonsa Marii Liguoriego.<\/li>\n<li>W czwartek adoracja Naj\u015bwi\u0119tszego Sakramentu od godz.17.00.<\/li>\n<li>W sobot\u0119 rozpoczyna si\u0119 sierpie\u0144 &ndash; miesi\u0105c trze\u017awo\u015bci. Zach\u0119camy do podj\u0119cia trze\u017awo\u015bci w miesi\u0105cu, w kt&oacute;rym w historii naszego narodu mia\u0142y miejsce szczeg&oacute;lne wydarzenia. W sobot\u0119 czcimy r&oacute;wnie\u017c Niepokalane Serce NMP &ndash; to I sobota miesi\u0105ca. O godz.17.30 Msza \u015bw., po niej modlitwa r&oacute;\u017ca\u0144cowa , procesja z figurk\u0105 Matki Bo\u017cej Fatimskiej i zmiana tajemnic r&oacute;\u017ca\u0144cowych.<\/li>\n<li>Serdeczne B&oacute;g zap\u0142a\u0107 dla os&oacute;b sprz\u0105taj\u0105cych i stroj\u0105cych ko\u015bci&oacute;\u0142 oraz za wszystkie ofiary sk\u0142adane na potrzeby parafii..<\/li>\n<\/ol>\n<h3 style=\"text-align: center;\"><strong><span style=\"color: rgb(0, 0, 128);\">Intencje mszalne<\/span><\/strong><\/h3>\n<h4 style=\"text-align: center;\"><strong><span style=\"color: rgb(0, 0, 128);\">od 26 lipca 2020 do 2 sierpnia 2020<\/span><\/strong><\/h4>\n<h4><strong><br \/>\n\tGdyby zbyt d\u0142ugi czas nie by\u0142a og\u0142oszona zam&oacute;wiona intencja mszalna &ndash; prosimy o zg\u0142oszenie tego kap\u0142anowi.&nbsp; Zam&oacute;wiona intencja nie mo\u017ce zgin\u0105\u0107.<br \/>\n\t<\/strong><\/h4>\n<p><u><strong>Poniedzia\u0142ek &#8211; 27 lipiec<\/strong><\/u><br \/>\n\t1. + Micha\u0142 Kie\u0142b (greg.);<br \/>\n\t2. + Bogdan Blok &#8211; od Dyr. Szk&oacute;\u0142 Gminy Bia\u0142obrzegi;<br \/>\n\t3. + W\u0142adys\u0142aw \u015awizdor &#8211; od Dyr. Nauczy. Prac. SP Nr 2 Budy \u0141a\u0144;<\/p>\n<p><u><strong>Wtorek &#8211; 28 lipiec<br \/>\n\t<\/strong><\/u>1. + Micha\u0142 Kie\u0142b (greg.);<br \/>\n\t2. Dzi\u0119k. i o b\u0142og. Bo\u017ce dla wnuczki w 17 r. urodzin;<br \/>\n\t3. ++ Stefania i Franciszek Mach;<\/p>\n<p><u><strong>\u015aroda &#8211; 29 lipiec<\/strong><\/u><br \/>\n\t1. + Micha\u0142 Kie\u0142b (greg.);<br \/>\n\t2. + Stanis\u0142aw Salwach;<br \/>\n\t3. + Boles\u0142aw Rupar &#8211; od Janiny Grzesik;<\/p>\n<p><u><strong>Czwartek &#8211; 30 lipiec<\/strong><\/u><br \/>\n\t1. + Helena i Wincenty Papin;<br \/>\n\t2. + Jerzy Kie\u0142b od Rady So\u0142eckiej Budy \u0141a\u0144cuckie;<br \/>\n\t3. ++ Katarzyna, Stanis\u0142aw Migas, zm. z r. Migas &#8211; Dyrda;<\/p>\n<p>\t<u><strong>Pi\u0105tek &#8211; 31 lipiec<\/strong><\/u><br \/>\n\t1. ++ J&oacute;zef Kojder i Rodzice;<br \/>\n\t2. ++ Jan Kurek, Rodzice i s. Maria;<br \/>\n\t3. + Weronika Dr\u0105g &#8211; od Anny Machniak;<\/p>\n<p><u><strong>Sobota &#8211; 1 sierpie\u0144<\/strong><\/u><br \/>\n\t1.+ Stanis\u0142aw Por\u0119bny (greg. pocz.);<br \/>\n\t2. + Tomasz Mach;<br \/>\n\t3. + Barbara Ko\u0142cz &#8211; z r&oacute;\u017cy \u015bw. Teresy od Dz. Jezus;<\/p>\n<p><u><strong>Niedziela &#8211; 2 sierpie\u0144<\/strong><\/u><br \/>\n\t6.30 ++ Magdalena, Mieczys\u0142aw Bartnik, Karolina Szostek i zm. z rodziny; <br \/>\n\t8.00 + Tadeusz Kubis od r. Bieleckich;<br \/>\n\t10.30 W intencji Parafian; <br \/>\n\t15.00 + Stanis\u0142aw Por\u0119bny (greg.);<\/p>\n<h3 style=\"text-align: center;\"><strong><strong><span style=\"color: rgb(0, 0, 128);\">Modlitw\u0119 r&oacute;\u017ca\u0144cow\u0105 prowadz\u0105<br \/>\n\t<\/span><\/strong><\/strong><\/h3>\n<p>27. P. R. \u015aw. El\u017cbiety &#8211; (Alina Trojnar)<br \/>\n\t28. W. R. \u015aw. Faustyny &#8211; (Eugenia \u015awizdor)<br \/>\n\t29. \u015a. R. \u015aw. Genowefy &#8211; (Genowefa Dr\u0105\u017cek) <br \/>\n\t30. C. R. \u015aw. Jadwigi Kr&oacute;lowej &#8211; (Halina Dyrda) <br \/>\n\t31. P. KSM. <br \/>\n\t01. S. Kap\u0142an;<br \/>\n\t02&nbsp; N. R. \u015aw. Heleny &#8211; (Helena Dyrda)<\/p>\n","protected":false},"excerpt":{"rendered":"<p>XVII Niedziela zwyk\u0142a &#8211; 26-07-2020 Og\u0142oszenia Dzi\u015b o godz. 15.00 &ndash; Litania do \u015bw. J&oacute;zefa, a po nabo\u017ce\u0144stwie &#8211; Msza \u015bw. W \u015brod\u0119 wspomnienie &#8211; \u015bw. Marty, w pi\u0105tek &ndash; &hellip; <a href=\"https:\/\/budy.przemyska.pl\/index.php\/2020\/07\/26\/ogloszenia-parafialne-26-07-2020\/\" class=\"more-link\">Czytaj dalej <span class=\"screen-reader-text\">Og\u0142oszenia parafialne 26-07-2020<\/span> <span class=\"meta-nav\">&rarr;<\/span><\/a><\/p>\n","protected":false},"author":1,"featured_media":0,"comment_status":"closed","ping_status":"closed","sticky":false,"template":"","format":"standard","meta":{"footnotes":""},"categories":[6,4],"tags":[],"class_list":["post-3127","post","type-post","status-publish","format-standard","hentry","category-aktualnosci","category-ogloszenia"],"_links":{"self":[{"href":"https:\/\/budy.przemyska.pl\/index.php\/wp-json\/wp\/v2\/posts\/3127","targetHints":{"allow":["GET"]}}],"collection":[{"href":"https:\/\/budy.przemyska.pl\/index.php\/wp-json\/wp\/v2\/posts"}],"about":[{"href":"https:\/\/budy.przemyska.pl\/index.php\/wp-json\/wp\/v2\/types\/post"}],"author":[{"embeddable":true,"href":"https:\/\/budy.przemyska.pl\/index.php\/wp-json\/wp\/v2\/users\/1"}],"replies":[{"embeddable":true,"href":"https:\/\/budy.przemyska.pl\/index.php\/wp-json\/wp\/v2\/comments?post=3127"}],"version-history":[{"count":0,"href":"https:\/\/budy.przemyska.pl\/index.php\/wp-json\/wp\/v2\/posts\/3127\/revisions"}],"wp:attachment":[{"href":"https:\/\/budy.przemyska.pl\/index.php\/wp-json\/wp\/v2\/media?parent=3127"}],"wp:term":[{"taxonomy":"category","embeddable":true,"href":"https:\/\/budy.przemyska.pl\/index.php\/wp-json\/wp\/v2\/categories?post=3127"},{"taxonomy":"post_tag","embeddable":true,"href":"https:\/\/budy.przemyska.pl\/index.php\/wp-json\/wp\/v2\/tags?post=3127"}],"curies":[{"name":"wp","href":"https:\/\/api.w.org\/{rel}","templated":true}]}}