{"id":3125,"date":"2020-07-19T09:47:04","date_gmt":"2020-07-19T07:47:04","guid":{"rendered":"http:\/\/www.budylancuckie.przemyska.pl\/?p=3125"},"modified":"2020-07-19T09:47:04","modified_gmt":"2020-07-19T07:47:04","slug":"ogloszenia-parafialne-19-07-2020","status":"publish","type":"post","link":"https:\/\/budy.przemyska.pl\/index.php\/2020\/07\/19\/ogloszenia-parafialne-19-07-2020\/","title":{"rendered":"Og\u0142oszenia parafialne 19-07-2020"},"content":{"rendered":"<h2 style=\"text-align: center;\"><strong><span style=\"color: rgb(0, 0, 128);\">XVI Niedziela zwyk\u0142a &#8211; 19-07-2020<\/span><\/strong><\/h2>\n<h2 style=\"text-align: center;\"><strong><span style=\"color: rgb(0, 0, 128);\">Og\u0142oszenia<br \/>\n\t<\/span><\/strong><\/h2>\n<ol>\n<li>Dzi\u015b o godz. 15.00 &ndash; Koronka do Bo\u017cego Mi\u0142osierdzia, a po nabo\u017ce\u0144stwie &#8211; Msza \u015bw. <\/li>\n<li>W \u015brod\u0119 \u015awi\u0119to \u015bw. Marii Magdaleny, w czwartek &ndash; \u015bw. Brygidy, patronki Europy, w pi\u0105tek &ndash; wspomnienie \u015bw. Kingi, w sobot\u0119 &ndash; \u015bw. Jakuba Aposto\u0142a.<\/li>\n<li>W czwartek adoracja Naj\u015bwi\u0119tszego Sakramentu od godz.17.00.<\/li>\n<li>Rozpocz\u0119li\u015bmy remont naszych organ&oacute;w, kt&oacute;ry potrwa do ko\u0144ca wrze\u015bnia. Trwaj\u0105 r&oacute;wnie\u017c dalsze prace przy z\u0142oceniu o\u0142tarza.<\/li>\n<li>Serdeczne B&oacute;g zap\u0142a\u0107 dla os&oacute;b sprz\u0105taj\u0105cych i stroj\u0105cych ko\u015bci&oacute;\u0142 oraz za wszystkie ofiary sk\u0142adane na potrzeby parafii..<\/li>\n<\/ol>\n<h3 style=\"text-align: center;\"><strong><span style=\"color: rgb(0, 0, 128);\">Intencje mszalne<\/span><\/strong><\/h3>\n<h4 style=\"text-align: center;\"><strong><span style=\"color: rgb(0, 0, 128);\">od 20 lipca 2020 do 26 lipca 2020<\/span><\/strong><\/h4>\n<h4><strong><br \/>\n\tGdyby zbyt d\u0142ugi czas nie by\u0142a og\u0142oszona zam&oacute;wiona intencja mszalna &ndash; prosimy o zg\u0142oszenie tego kap\u0142anowi.&nbsp; Zam&oacute;wiona intencja nie mo\u017ce zgin\u0105\u0107.<br \/>\n\t<\/strong><\/h4>\n<p><u><strong>Poniedzia\u0142ek &#8211; 20 lipiec<\/strong><\/u><br \/>\n\t1. + Micha\u0142 Kie\u0142b (greg..); <br \/>\n\t2. + Maria Boro\u0144;<br \/>\n\t3. ++ J&oacute;zef, Franciszka, Zbigniew Cebulak;<\/p>\n<p><u><strong>Wtorek &#8211; 21 lipiec<br \/>\n\t<\/strong><\/u>1. + Micha\u0142 Kie\u0142b (greg..); <br \/>\n\t2. + Zofia Panek od wnuczki Natalii z rodzin\u0105; <br \/>\n\t3. ++ J&oacute;zef Golak, Zofia, Wincenty Bartnik;<\/p>\n<p><u><strong>\u015aroda &#8211; 22 lipiec<\/strong><\/u><br \/>\n\t1. + Micha\u0142 Kie\u0142b (greg.);<br \/>\n\t2. Dzi\u0119k. i o b\u0142og. Bo\u017ce w 25 rocz. \u017cycia zakonnego s. Haliny;<br \/>\n\t3. + Ryszard Markowicz;<\/p>\n<p><u><strong>Czwartek &#8211; 23 lipiec<\/strong><\/u><br \/>\n\t1. + Micha\u0142 Kie\u0142b (greg.);<br \/>\n\t2. + Jacek Stafiej od Anny Biel&oacute;wka z synem Markiem;<br \/>\n\t3. ++ Maria i W\u0142odzimierz Dyl;<\/p>\n<p>\t<u><strong>Pi\u0105tek &#8211; 24 lipiec<\/strong><\/u><br \/>\n\t1. + Micha\u0142 Kie\u0142b (greg.);<br \/>\n\t2. O b\u0142og. Bo\u017ce dla dzieci i wnuk&oacute;w od Mamy-Babci Marii;<br \/>\n\t3. + Barbara Ko\u0142cz od rodzin z s\u0105siedztwa;<\/p>\n<p><u><strong>Sobota &#8211; 25 lipiec<\/strong><\/u><br \/>\n\t1. + Micha\u0142 Kie\u0142b (greg.);<br \/>\n\t2. + Agnieszka Watrach;<br \/>\n\t3. ++ Jakub, Emilia, Jakub Rupar;<\/p>\n<p><u><strong>Niedziela &#8211; 26 lipiec<\/strong><\/u><br \/>\n\t6.30 ++ Anna, Stanis\u0142aw, ks. Jan Cebulak;<br \/>\n\t8.00 + Tadeusz Kubis od s. Jana z rodzin\u0105;<br \/>\n\t10.30 W intencji parafian; <br \/>\n\t15.00 + Micha\u0142 Kie\u0142b (greg.);<\/p>\n<h3 style=\"text-align: center;\"><strong><strong><span style=\"color: rgb(0, 0, 128);\">Modlitw\u0119 r&oacute;\u017ca\u0144cow\u0105 prowadz\u0105<br \/>\n\t<\/span><\/strong><\/strong><\/h3>\n<p>20. P. R. \u015aw. Zofii &#8211; (Zofia Kurek);<br \/>\n\t21. W. R. \u015aw. Agaty- (Patrycja Por\u0119bna);<br \/>\n\t22. \u015a. R. \u015aw. Agnieszki &#8211; (Krystyna Nykiel); <br \/>\n\t23. C&nbsp; R. \u015aw. Andrzeja Aposto\u0142a-(J&oacute;zef M\u0105dry);<br \/>\n\t24. P. KSM. <br \/>\n\t25. S. R. \u015aw. Cecylii &#8212; (Krystyna Markowicz);<br \/>\n\t26. N. Akcja Katolicka<\/p>\n","protected":false},"excerpt":{"rendered":"<p>XVI Niedziela zwyk\u0142a &#8211; 19-07-2020 Og\u0142oszenia Dzi\u015b o godz. 15.00 &ndash; Koronka do Bo\u017cego Mi\u0142osierdzia, a po nabo\u017ce\u0144stwie &#8211; Msza \u015bw. W \u015brod\u0119 \u015awi\u0119to \u015bw. Marii Magdaleny, w czwartek &ndash; &hellip; <a href=\"https:\/\/budy.przemyska.pl\/index.php\/2020\/07\/19\/ogloszenia-parafialne-19-07-2020\/\" class=\"more-link\">Czytaj dalej <span class=\"screen-reader-text\">Og\u0142oszenia parafialne 19-07-2020<\/span> <span class=\"meta-nav\">&rarr;<\/span><\/a><\/p>\n","protected":false},"author":1,"featured_media":0,"comment_status":"closed","ping_status":"closed","sticky":false,"template":"","format":"standard","meta":{"footnotes":""},"categories":[6,4],"tags":[],"class_list":["post-3125","post","type-post","status-publish","format-standard","hentry","category-aktualnosci","category-ogloszenia"],"_links":{"self":[{"href":"https:\/\/budy.przemyska.pl\/index.php\/wp-json\/wp\/v2\/posts\/3125","targetHints":{"allow":["GET"]}}],"collection":[{"href":"https:\/\/budy.przemyska.pl\/index.php\/wp-json\/wp\/v2\/posts"}],"about":[{"href":"https:\/\/budy.przemyska.pl\/index.php\/wp-json\/wp\/v2\/types\/post"}],"author":[{"embeddable":true,"href":"https:\/\/budy.przemyska.pl\/index.php\/wp-json\/wp\/v2\/users\/1"}],"replies":[{"embeddable":true,"href":"https:\/\/budy.przemyska.pl\/index.php\/wp-json\/wp\/v2\/comments?post=3125"}],"version-history":[{"count":0,"href":"https:\/\/budy.przemyska.pl\/index.php\/wp-json\/wp\/v2\/posts\/3125\/revisions"}],"wp:attachment":[{"href":"https:\/\/budy.przemyska.pl\/index.php\/wp-json\/wp\/v2\/media?parent=3125"}],"wp:term":[{"taxonomy":"category","embeddable":true,"href":"https:\/\/budy.przemyska.pl\/index.php\/wp-json\/wp\/v2\/categories?post=3125"},{"taxonomy":"post_tag","embeddable":true,"href":"https:\/\/budy.przemyska.pl\/index.php\/wp-json\/wp\/v2\/tags?post=3125"}],"curies":[{"name":"wp","href":"https:\/\/api.w.org\/{rel}","templated":true}]}}