{"id":3122,"date":"2020-07-12T09:23:07","date_gmt":"2020-07-12T07:23:07","guid":{"rendered":"http:\/\/www.budylancuckie.przemyska.pl\/?p=3122"},"modified":"2020-07-12T09:23:07","modified_gmt":"2020-07-12T07:23:07","slug":"ogloszenia-parafialne-12-07-2020","status":"publish","type":"post","link":"https:\/\/budy.przemyska.pl\/index.php\/2020\/07\/12\/ogloszenia-parafialne-12-07-2020\/","title":{"rendered":"Og\u0142oszenia parafialne 12-07-2020"},"content":{"rendered":"<h2 style=\"text-align: center;\"><strong><span style=\"color: rgb(0, 0, 128);\">XV Niedziela zwyk\u0142a &#8211; 12-07-2020<\/span><\/strong><\/h2>\n<h2 style=\"text-align: center;\"><strong><span style=\"color: rgb(0, 0, 128);\">Og\u0142oszenia<br \/>\n\t<\/span><\/strong><\/h2>\n<ol>\n<li>Dzi\u015b o godz. 15.00 &ndash; nabo\u017ce\u0144stwo r&oacute;\u017ca\u0144cowe, a po nabo\u017ce\u0144stwie &#8211; Msza \u015bw. <\/li>\n<li>W poniedzia\u0142ek wspomnienie \u015bw. pustelnik&oacute;w Andrzeja \u015awierada i Benedykta, w \u015brod\u0119 &ndash; \u015bw. Bonawentury, w czwartek &ndash; NMP z G&oacute;ry Karmel (Matki Bo\u017cej Szkaplerznej).<\/li>\n<li>W najbli\u017csz\u0105 niedziel\u0119 po\u015bwi\u0119cenie pojazd&oacute;w z zwi\u0105zku ze wspomnieniem \u015bw. Krzysztofa i modlitwa w intencji kierowc&oacute;w. Ofiary z racji b\u0142ogos\u0142awie\u0144stwa pojazd&oacute;w s\u0105 przeznaczone na zakup \u015brodk&oacute;w transportu dla misjonarzy. W naszej parafii to r&oacute;wnie\u017c niedziela inwestycyjna.<\/li>\n<li>Serdeczne B&oacute;g zap\u0142a\u0107 dla os&oacute;b sprz\u0105taj\u0105cych i stroj\u0105cych ko\u015bci&oacute;\u0142 oraz za wszystkie ofiary sk\u0142adane na potrzeby parafii. Na potrzeby rodzin dotkni\u0119tych nawa\u0142nic\u0105 i podtopieniami, kt&oacute;re niedawno mia\u0142y miejsce na Podkarpaciu, przeznaczyli\u015bmy kwot\u0119 5 830 z\u0142. ze zbi&oacute;rki w ostatni\u0105 niedziel\u0119 (5 lipca).<\/li>\n<\/ol>\n<h3 style=\"text-align: center;\"><strong><span style=\"color: rgb(0, 0, 128);\">Intencje mszalne<\/span><\/strong><\/h3>\n<h4 style=\"text-align: center;\"><strong><span style=\"color: rgb(0, 0, 128);\">od 13 lipca 2020 do 19 lipca 2020<\/span><\/strong><\/h4>\n<h4><strong><br \/>\n\tGdyby zbyt d\u0142ugi czas nie by\u0142a og\u0142oszona zam&oacute;wiona intencja mszalna &ndash; prosimy o zg\u0142oszenie tego kap\u0142anowi.&nbsp; Zam&oacute;wiona intencja nie mo\u017ce zgin\u0105\u0107.<br \/>\n\t<\/strong><\/h4>\n<p><u><strong>Poniedzia\u0142ek &#8211; 13 lipiec<\/strong><\/u><br \/>\n\t1. + Micha\u0142 Kie\u0142b (greg.); <br \/>\n\t2. + Sebastian Zamorski;<br \/>\n\t3. ++ Maria, Franciszek, Karolina, Zofia \u015alimak;<\/p>\n<p><u><strong>Wtorek &#8211; 14 lipiec<br \/>\n\t<\/strong><\/u>1. + Micha\u0142 Kie\u0142b (greg..); <br \/>\n\t2. + O. Bogus\u0142aw od Anny W\u0119grzyn; <br \/>\n\t3. ++ W\u0142adys\u0142aw Dyrda, Kazimierz Sroczyk; <\/p>\n<p><u><strong>\u015aroda &#8211; 15 lipiec<\/strong><\/u><br \/>\n\t1. + Micha\u0142 Kie\u0142b (greg.); <br \/>\n\t2. Dzi\u0119kczynna i o b\u0142og. B. w 20 rocz. \u015blubu Agnieszki i Rafa\u0142a; <br \/>\n\t3. ++ Tadeusz, Maria, W\u0142adys\u0142aw Benedyk;<\/p>\n<p><u><strong>Czwartek &#8211; 16 lipiec<\/strong><\/u><br \/>\n\t1. + Micha\u0142 Kie\u0142b (greg.); <br \/>\n\t2. + \u0141ucja Dzierwa od rodziny Nowak&oacute;w; <br \/>\n\t3. ++ Aniela, W\u0142adys\u0142aw Benedyk; Tadeusz, Katarzyna i zm. z rodziny;<\/p>\n<p>\t<u><strong>Pi\u0105tek &#8211; 17 lipiec<\/strong><\/u><br \/>\n\t1. + Micha\u0142 Kie\u0142b (greg.); <br \/>\n\t2. ++ Zofia, Stanis\u0142aw Panek;<br \/>\n\t3. + Jerzy Kie\u0142b od siostry Barbary; <\/p>\n<p><u><strong>Sobota &#8211; 18 lipiec<\/strong><\/u><br \/>\n\t1. + Micha\u0142 Kie\u0142b (greg.); <br \/>\n\t2. + Bogdan Blok od kole\u017canek z pracy synowej Natalii; <br \/>\n\t3. ++ Aniela, Wincenty, Stanis\u0142aw, Tadeusz, \u0141ukasz Czech;<\/p>\n<p><u><strong>Niedziela &#8211; 19 lipiec<\/strong><\/u><br \/>\n\t6.30 + Franciszek S\u0142ysz; <br \/>\n\t8.00 + Barbara Ko\u0142cz od rodziny \u015alimak&oacute;w; <br \/>\n\t10.30 W intencji Parafian; <br \/>\n\t15.00 + Micha\u0142 Kie\u0142b (greg.);<\/p>\n<h3 style=\"text-align: center;\"><strong><strong><span style=\"color: rgb(0, 0, 128);\">Modlitw\u0119 r&oacute;\u017ca\u0144cow\u0105 prowadz\u0105<br \/>\n\t<\/span><\/strong><\/strong><\/h3>\n<p>13. P. R.Matki Bo\u017cej R&oacute;\u017ca\u0144cowej &#8211; (Zofia \u015awizdor)<br \/>\n\t14. W. R. Matki Bo\u017cej Szkaplerznej &#8211; (M. K\u0142os) <br \/>\n\t15. \u015a. R. \u015aw. Stanis\u0142awa biskupa &#8211; (Franciszek Bartnik)<br \/>\n\t16. C. R. \u015aw. Teresy od Dzieci\u0105tka Jezus &#8211; (Dorota Dzierga)<br \/>\n\t17. P. KSM. <br \/>\n\t18. S. R. \u015aw. Teresy Wielkiej &#8211; (Zofia Wierzbicka)<br \/>\n\t19. N. R. \u015aw. Tomasza Aposto\u0142a &#8211; (Stanis\u0142aw \u015alimak)<\/p>\n","protected":false},"excerpt":{"rendered":"<p>XV Niedziela zwyk\u0142a &#8211; 12-07-2020 Og\u0142oszenia Dzi\u015b o godz. 15.00 &ndash; nabo\u017ce\u0144stwo r&oacute;\u017ca\u0144cowe, a po nabo\u017ce\u0144stwie &#8211; Msza \u015bw. W poniedzia\u0142ek wspomnienie \u015bw. pustelnik&oacute;w Andrzeja \u015awierada i Benedykta, w \u015brod\u0119 &hellip; <a href=\"https:\/\/budy.przemyska.pl\/index.php\/2020\/07\/12\/ogloszenia-parafialne-12-07-2020\/\" class=\"more-link\">Czytaj dalej <span class=\"screen-reader-text\">Og\u0142oszenia parafialne 12-07-2020<\/span> <span class=\"meta-nav\">&rarr;<\/span><\/a><\/p>\n","protected":false},"author":1,"featured_media":0,"comment_status":"closed","ping_status":"closed","sticky":false,"template":"","format":"standard","meta":{"footnotes":""},"categories":[6,4],"tags":[],"class_list":["post-3122","post","type-post","status-publish","format-standard","hentry","category-aktualnosci","category-ogloszenia"],"_links":{"self":[{"href":"https:\/\/budy.przemyska.pl\/index.php\/wp-json\/wp\/v2\/posts\/3122","targetHints":{"allow":["GET"]}}],"collection":[{"href":"https:\/\/budy.przemyska.pl\/index.php\/wp-json\/wp\/v2\/posts"}],"about":[{"href":"https:\/\/budy.przemyska.pl\/index.php\/wp-json\/wp\/v2\/types\/post"}],"author":[{"embeddable":true,"href":"https:\/\/budy.przemyska.pl\/index.php\/wp-json\/wp\/v2\/users\/1"}],"replies":[{"embeddable":true,"href":"https:\/\/budy.przemyska.pl\/index.php\/wp-json\/wp\/v2\/comments?post=3122"}],"version-history":[{"count":0,"href":"https:\/\/budy.przemyska.pl\/index.php\/wp-json\/wp\/v2\/posts\/3122\/revisions"}],"wp:attachment":[{"href":"https:\/\/budy.przemyska.pl\/index.php\/wp-json\/wp\/v2\/media?parent=3122"}],"wp:term":[{"taxonomy":"category","embeddable":true,"href":"https:\/\/budy.przemyska.pl\/index.php\/wp-json\/wp\/v2\/categories?post=3122"},{"taxonomy":"post_tag","embeddable":true,"href":"https:\/\/budy.przemyska.pl\/index.php\/wp-json\/wp\/v2\/tags?post=3122"}],"curies":[{"name":"wp","href":"https:\/\/api.w.org\/{rel}","templated":true}]}}