{"id":3120,"date":"2020-07-05T09:23:56","date_gmt":"2020-07-05T07:23:56","guid":{"rendered":"http:\/\/www.budylancuckie.przemyska.pl\/?p=3120"},"modified":"2020-07-05T09:23:56","modified_gmt":"2020-07-05T07:23:56","slug":"ogloszenia-parafialne-05-07-2020","status":"publish","type":"post","link":"https:\/\/budy.przemyska.pl\/index.php\/2020\/07\/05\/ogloszenia-parafialne-05-07-2020\/","title":{"rendered":"Og\u0142oszenia parafialne 05-07-2020"},"content":{"rendered":"<h2 style=\"text-align: center;\"><strong><span style=\"color: rgb(0, 0, 128);\">XIV Niedziela zwyk\u0142a &#8211; 05-07-2020<\/span><\/strong><\/h2>\n<h2 style=\"text-align: center;\"><strong><span style=\"color: rgb(0, 0, 128);\">Og\u0142oszenia<br \/>\n\t<\/span><\/strong><\/h2>\n<ol>\n<li>Dzi\u015b o godz. 15.00 &ndash; nabo\u017ce\u0144stwo do Naj\u015bwi\u0119tszego Serca Pana Jezusa, a po nabo\u017ce\u0144stwie &#8211; Msza \u015bw. <\/li>\n<li>Jutro wspomnienie b\u0142. Marii Teresy Led&oacute;chowskiej, w \u015brod\u0119 &ndash; \u015bw. Jana z Dukli; patrona naszej Archidiecezji, w sobot\u0119 &ndash; \u015bw. Benedykta; patrona Europy. <\/li>\n<li>W zwi\u0105zku z trwaj\u0105ca epidemi\u0105, bardzo prosimy o zachowywanie wszystkich zasad sanitarnych dotycz\u0105cych naszego uczestnictwa w sprawowanej Liturgii.<\/li>\n<li>Serdeczne B&oacute;g zap\u0142a\u0107 dla os&oacute;b sprz\u0105taj\u0105cych i stroj\u0105cych ko\u015bci&oacute;\u0142 oraz za wszystkie ofiary sk\u0142adane na potrzeby parafii.<\/li>\n<\/ol>\n<h3 style=\"text-align: center;\"><strong><span style=\"color: rgb(0, 0, 128);\">Intencje mszalne<\/span><\/strong><\/h3>\n<h4 style=\"text-align: center;\"><strong><span style=\"color: rgb(0, 0, 128);\">od 6 lipca 2020 do 12 lipca 2020<\/span><\/strong><\/h4>\n<h4><strong><br \/>\n\tGdyby zbyt d\u0142ugi czas nie by\u0142a og\u0142oszona zam&oacute;wiona intencja mszalna &ndash; prosimy o zg\u0142oszenie tego kap\u0142anowi.&nbsp; Zam&oacute;wiona intencja nie mo\u017ce zgin\u0105\u0107.<br \/>\n\t<\/strong><\/h4>\n<p><u><strong>Poniedzia\u0142ek &#8211; 6 lipiec<\/strong><\/u><br \/>\n\t1. + Micha\u0142 Kie\u0142b (greg.); <br \/>\n\t2. + Jan Lorenc;<br \/>\n\t3. + W\u0142adys\u0142aw Cebulak;<\/p>\n<p><u><strong>Wtorek &#8211; 7 lipiec<br \/>\n\t<\/strong><\/u>1. + Micha\u0142 Kie\u0142b (greg. ); <br \/>\n\t2. ++ Bronis\u0142awa, Julian, Franciszek Por\u0119bny; <br \/>\n\t3. ++ Jan i Katarzyna Kondel; <\/p>\n<p><u><strong>\u015aroda &#8211; 8 lipiec<\/strong><\/u><br \/>\n\t1. + Micha\u0142 Kie\u0142b (greg.); <br \/>\n\t2. ++ W\u0142adys\u0142aw, Jacek, Wies\u0142aw Ko\u0142cz; <br \/>\n\t3. ++ Maria, Stefan Marek; Zofia, Franciszek Bartnik;<\/p>\n<p><u><strong>Czwartek &#8211; 9 lipiec<\/strong><\/u><br \/>\n\t1. + Micha\u0142 Kie\u0142b (greg.); <br \/>\n\t2. + W\u0142adys\u0142aw \u015awizdor od syna Karola z \u017con\u0105; <br \/>\n\t3. + Zofia Skiba od wnuczki Ma\u0142gorzaty z rodzin\u0105;<\/p>\n<p>\t<u><strong>Pi\u0105tek &#8211; 10 lipiec<\/strong><\/u><br \/>\n\t1. + Micha\u0142 Kie\u0142b (greg.); <br \/>\n\t2. + O. Bogus\u0142aw Golak od Weroniki, Zofii i Marii; <br \/>\n\t3. + Boles\u0142aw Rupar od szwagierki Bogumi\u0142y; <\/p>\n<p><u><strong>Sobota &#8211; 11 lipiec<\/strong><\/u><br \/>\n\t1. + Micha\u0142 Kie\u0142b (greg.); <br \/>\n\t2. + Tadeusz Kubis od \u017cony z rodzin\u0105; <br \/>\n\t3. ++ Czes\u0142aw Piestrak, Franciszka i Stanis\u0142aw W\u0119grzyn;<\/p>\n<p><u><strong>Niedziela &#8211; 12 lipiec<\/strong><\/u><br \/>\n\t6.30 ++ Salomea i W\u0142adys\u0142aw Mach; <br \/>\n\t8.00 ++ Anna Golak, Rodzice i rodze\u0144stwo; <br \/>\n\t10.30 W intencji parafian; <br \/>\n\t15.00 + Micha\u0142 Kie\u0142b (greg.);<\/p>\n<h3 style=\"text-align: center;\"><strong><strong><span style=\"color: rgb(0, 0, 128);\">Modlitw\u0119 r&oacute;\u017ca\u0144cow\u0105 prowadz\u0105<br \/>\n\t<\/span><\/strong><\/strong><\/h3>\n<p>06. P. R. \u015aw. Kingi &#8211; (Maria Golak)<br \/>\n\t07. W. R. \u015aw. Klary &#8211; (Teresa G\u0142owiak) <br \/>\n\t08. \u015a. R. \u015aw. Marii Magdaleny &#8211; (Maria Baran) <br \/>\n\t09. C. R. \u015aw. Marii Goretti &#8211; (El\u017cbieta Kukulska)<br \/>\n\t10. P. KSM. <br \/>\n\t11. S. R. \u015aw. Marty &#8211; (Cz. Por\u0119bna)<br \/>\n\t12. N. R. Matki Bo\u017cej Bolesnej &#8211; (G. Bartnik)<\/p>\n","protected":false},"excerpt":{"rendered":"<p>XIV Niedziela zwyk\u0142a &#8211; 05-07-2020 Og\u0142oszenia Dzi\u015b o godz. 15.00 &ndash; nabo\u017ce\u0144stwo do Naj\u015bwi\u0119tszego Serca Pana Jezusa, a po nabo\u017ce\u0144stwie &#8211; Msza \u015bw. Jutro wspomnienie b\u0142. Marii Teresy Led&oacute;chowskiej, w &hellip; <a href=\"https:\/\/budy.przemyska.pl\/index.php\/2020\/07\/05\/ogloszenia-parafialne-05-07-2020\/\" class=\"more-link\">Czytaj dalej <span class=\"screen-reader-text\">Og\u0142oszenia parafialne 05-07-2020<\/span> <span class=\"meta-nav\">&rarr;<\/span><\/a><\/p>\n","protected":false},"author":1,"featured_media":0,"comment_status":"closed","ping_status":"closed","sticky":false,"template":"","format":"standard","meta":{"footnotes":""},"categories":[6,4],"tags":[],"class_list":["post-3120","post","type-post","status-publish","format-standard","hentry","category-aktualnosci","category-ogloszenia"],"_links":{"self":[{"href":"https:\/\/budy.przemyska.pl\/index.php\/wp-json\/wp\/v2\/posts\/3120","targetHints":{"allow":["GET"]}}],"collection":[{"href":"https:\/\/budy.przemyska.pl\/index.php\/wp-json\/wp\/v2\/posts"}],"about":[{"href":"https:\/\/budy.przemyska.pl\/index.php\/wp-json\/wp\/v2\/types\/post"}],"author":[{"embeddable":true,"href":"https:\/\/budy.przemyska.pl\/index.php\/wp-json\/wp\/v2\/users\/1"}],"replies":[{"embeddable":true,"href":"https:\/\/budy.przemyska.pl\/index.php\/wp-json\/wp\/v2\/comments?post=3120"}],"version-history":[{"count":0,"href":"https:\/\/budy.przemyska.pl\/index.php\/wp-json\/wp\/v2\/posts\/3120\/revisions"}],"wp:attachment":[{"href":"https:\/\/budy.przemyska.pl\/index.php\/wp-json\/wp\/v2\/media?parent=3120"}],"wp:term":[{"taxonomy":"category","embeddable":true,"href":"https:\/\/budy.przemyska.pl\/index.php\/wp-json\/wp\/v2\/categories?post=3120"},{"taxonomy":"post_tag","embeddable":true,"href":"https:\/\/budy.przemyska.pl\/index.php\/wp-json\/wp\/v2\/tags?post=3120"}],"curies":[{"name":"wp","href":"https:\/\/api.w.org\/{rel}","templated":true}]}}