{"id":3115,"date":"2020-06-28T08:01:47","date_gmt":"2020-06-28T06:01:47","guid":{"rendered":"http:\/\/www.budylancuckie.przemyska.pl\/?p=3115"},"modified":"2020-06-28T08:01:47","modified_gmt":"2020-06-28T06:01:47","slug":"ogloszenia-parafialne-28-06-2020","status":"publish","type":"post","link":"https:\/\/budy.przemyska.pl\/index.php\/2020\/06\/28\/ogloszenia-parafialne-28-06-2020\/","title":{"rendered":"Og\u0142oszenia parafialne 28-06-2020"},"content":{"rendered":"<h2 style=\"text-align: center;\"><strong><span style=\"color: rgb(0, 0, 128);\">XIII Niedziela zwyk\u0142a &#8211; 28-06-2020<\/span><\/strong><\/h2>\n<h2 style=\"text-align: center;\"><strong><span style=\"color: rgb(0, 0, 128);\">Og\u0142oszenia<br \/>\n\t<\/span><\/strong><\/h2>\n<ol>\n<li>Dzi\u015b o godz. 15.00 &ndash; nabo\u017ce\u0144stwo do Naj\u015bwi\u0119tszego Serca Pana Jezusa, a po nabo\u017ce\u0144stwie &#8211; Msza \u015bw. <\/li>\n<li>Jutro Uroczysto\u015b\u0107 \u015awi\u0119tych Aposto\u0142&oacute;w Piotra i Paw\u0142a. Msze \u015bw. o godz.6.30, 8.00 i 10.30. Po Sumie zostanie odprawione Nabo\u017ce\u0144stwo do Naj\u015bwi\u0119tszego Serca Pana Jezusa. Na Mszy \u015bw. o godz. 18.00 <strong>(zmiana!)<\/strong> m\u0142odzie\u017c z naszej parafii przyjmie Sakrament Bierzmowania z r\u0105k ks. bpa Krzysztofa Chudzio.<\/li>\n<li>We wtorek zako\u0144czenie nabo\u017ce\u0144stw czerwcowych.<\/li>\n<li>W tym tygodniu wypada I czwartek, I pi\u0105tek i I sobota miesi\u0105ca. W czwartek Adoracja Naj\u015bwi\u0119tszego Sakramentu od godz. 17.00. Modlimy si\u0119 szczeg&oacute;lnie o \u0142ask\u0119 powo\u0142a\u0144 do S\u0142u\u017cby Bo\u017cej.<\/li>\n<li>W I pi\u0105tek wypada \u015awi\u0119to \u015bw. Tomasza Aposto\u0142a. Czcimy Naj\u015bwi\u0119tsze Serce Pana Jezusa. Msza \u015bw. rano o godz. 6.45, za\u015b po po\u0142udniu o godz.18.00. Ze wzgl\u0119du na ci\u0105gle trwaj\u0105cy stan epidemii, odwiedzimy tylko tych chorych, kt&oacute;rzy zostali wcze\u015bniej zg\u0142oszeni. Spowied\u017a \u015bw. codziennie przed ka\u017cd\u0105 Msz\u0105 \u015bw.<\/li>\n<li>W I sobot\u0119 czcimy Niepokalane Serce NMP. O godz.17.30 Msza \u015bw., po niej modlitwa r&oacute;\u017ca\u0144cowa , procesja z figurk\u0105 Matki Bo\u017cej Fatimskiej i zmiana tajemnic r&oacute;\u017ca\u0144cowych.<\/li>\n<li>W najbli\u017csz\u0105 niedziel\u0119 (5 lipca) organizowana jest w ca\u0142ej naszej Archidiecezji zbi&oacute;rka dla tych, kt&oacute;rzy w tych dniach ucierpieli w wyniku nawa\u0142nic i podtopie\u0144. Nadwy\u017ck\u0119 ofiar z tacy przeka\u017cemy dla poszkodowanych. <\/li>\n<li>W naszej parafialnej gazetce zamie\u015bcili\u015bmy intencje, kt&oacute;re zostan\u0105 odprawione w Wy\u017cszym Seminarium Duchownym w Przemy\u015blu. Poniewa\u017c jest du\u017co zam&oacute;wionych intencji, zw\u0142aszcza z racji pogrzebu, nie jeste\u015bmy w stanie odprawi\u0107 wszystkich. Prosimy zatem o zrozumienie tej sytuacji. R&oacute;wnie\u017c ks. Arcybiskup wielokrotnie prosi\u0142 na kongregacjach kap\u0142a\u0144skich, aby zbyt d\u0142ugo nie przetrzymywa\u0107 nieodprawionych intencji, ale przekazywa\u0107 je do odprawienia kap\u0142anom, kt&oacute;rzy ich nie maj\u0105.<\/li>\n<li>Serdeczne B&oacute;g zap\u0142a\u0107 dla os&oacute;b sprz\u0105taj\u0105cych i stroj\u0105cych ko\u015bci&oacute;\u0142 oraz za ofiary sk\u0142adane na potrzeby parafii. Bardzo serdecznie dzi\u0119kuj\u0119 r&oacute;wnie\u017c za ofiar\u0119 z\u0142o\u017cona przez rodzic&oacute;w m\u0142odzie\u017cy bierzmowanej. W wi\u0119kszo\u015bci ta ofiara zosta\u0142a przekazana na potrzeby parafii..<\/li>\n<\/ol>\n<h3 style=\"text-align: center;\"><strong><span style=\"color: rgb(0, 0, 128);\">Intencje mszalne<\/span><\/strong><\/h3>\n<h4 style=\"text-align: center;\"><strong><span style=\"color: rgb(0, 0, 128);\">od 29 czerwca 2020 do 5 lipca 2020<\/span><\/strong><\/h4>\n<h4><strong><br \/>\n\tGdyby zbyt d\u0142ugi czas nie by\u0142a og\u0142oszona zam&oacute;wiona intencja mszalna &ndash; prosimy o zg\u0142oszenie tego kap\u0142anowi.&nbsp; Zam&oacute;wiona intencja nie mo\u017ce zgin\u0105\u0107.<br \/>\n\t<\/strong><\/h4>\n<p><u><strong>Poniedzia\u0142ek &#8211; 29 czerwiec<\/strong><\/u><br \/>\n\t6.30 + Bogdan Blok &#8211; od Nauczycieli SP w Budach. \u0141a\u0144c.;<br \/>\n\t8.00 ++ Stefan, Jan Kojder i zmarli z rodziny;<br \/>\n\t10.30 + Maria Kubis (greg.); <br \/>\n\t18.00 W intencji Bierzmowanych; <\/p>\n<p><u><strong>Wtorek &#8211; 30 czerwiec<br \/>\n\t<\/strong><\/u>1. + Micha\u0142 Kie\u0142b (pocz. greg.); <br \/>\n\t2. + Aniela, Franciszek Mach; <br \/>\n\t3. ++ Maria, W\u0142adys\u0142aw, Stanis\u0142aw, Marek K\u0142os; <\/p>\n<p><u><strong>\u015aroda &#8211; 1 lipiec<\/strong><\/u><br \/>\n\t1. + Micha\u0142 Kie\u0142b (greg.); <br \/>\n\t2. + J&oacute;zef \u015awizdor; <br \/>\n\t3. ++ Agata, Jan Ciupi\u0144scy, Jan Skiba, Maria i W\u0142adys\u0142aw D\u0105bek;<\/p>\n<p><u><strong>Czwartek &#8211; 2 lipiec<\/strong><\/u><br \/>\n\t1. + Micha\u0142 Kie\u0142b (greg.); <br \/>\n\t2. O \u0142ask\u0119 i b\u0142og. Bo\u017ce oraz opiek\u0119 Matki Bo\u017cej dla syna i jego rodziny; <br \/>\n\t3. ++ Stanis\u0142aw Biel&oacute;wka, Zofia i Jan Kubis;<\/p>\n<p>\t<u><strong>Pi\u0105tek &#8211; 3 lipiec<\/strong><\/u><br \/>\n\t6.45 + Micha\u0142 Kie\u0142b (greg.); <br \/>\n\t18.00 1. + W\u0142adys\u0142aw \u015awizdor od r. Kukulskich; <br \/>\n\t&nbsp;&nbsp;&nbsp;&nbsp;&nbsp; 2. W intencji Mamy, Babci Stanis\u0142awy; <\/p>\n<p><u><strong>Sobota &#8211; 4 lipiec<\/strong><\/u><br \/>\n\t1. + Micha\u0142 Kie\u0142b (greg.); <br \/>\n\t2. + Tadeusz Kubis od s. Grzegorza z rodzin\u0105; <br \/>\n\t3. + \u0141ucja Dzierwa od Nauczycieli i Pracownik&oacute;w Zespo\u0142u Szk&oacute;\u0142 w Bia\u0142obrzegach;<\/p>\n<p><u><strong>Niedziela &#8211; 5 lipiec<\/strong><\/u><br \/>\n\t6.30 + Micha\u0142 Kie\u0142b (greg.); <br \/>\n\t8.00 Dzi\u0119k. i o b\u0142og. Bo\u017ce dla Haliny i Jana w 45 r. \u015blubu; <br \/>\n\t10.30 1. W intencji parafian; <br \/>\n\t&nbsp;&nbsp;&nbsp;&nbsp;&nbsp; 2. Dzi\u0119k. i o b\u0142og. Bo\u017ce dla Marii i Jana w 50 rocznic\u0119 \u015blubu; <br \/>\n\t15.00 Dzi\u0119k. i o b\u0142og. Bo\u017ce w 40 rocz. \u015blubu ;<\/p>\n<h3 style=\"text-align: center;\"><strong><strong><span style=\"color: rgb(0, 0, 128);\">Modlitw\u0119 r&oacute;\u017ca\u0144cow\u0105 prowadz\u0105<br \/>\n\t<\/span><\/strong><\/strong><\/h3>\n<p>29. P. R. \u015aw. Genowefy &#8211; (Genowefa Dr\u0105\u017cek)<br \/>\n\t30. W. R. \u015aw. Heleny &#8211; (Helena Dyrda) <br \/>\n\t01. \u015a. R. \u015aw. Jadwigi Kr&oacute;lowej &#8211; (Halina Dyrda) <br \/>\n\t02. C. R. Dzie\u0142o Pomocy Powo\u0142aniom &ndash; (Anna Szular)<br \/>\n\t03. P. KSM. <br \/>\n\t04. S. Kap\u0142an<br \/>\n\t05. N. R. \u015aw. Katarzyny &#8211; (Anna Kurek)<\/p>\n<h3 style=\"text-align: center;\"><strong><strong><span style=\"color: rgb(0, 0, 128);\">Intencje mszalne, kt&oacute;re w najbli\u017cszym czasie b\u0119d\u0105 odprawione w Seminarium Duchownym w Przemy\u015blu<br \/>\n\t<\/span><\/strong><\/strong><\/h3>\n<p>1.&nbsp;&nbsp;&nbsp; + Arkadiusz Sanok od chrzestnego Jana z rodzin\u0105 .<br \/>\n\t2.&nbsp;&nbsp;&nbsp; + Arkadiusz Sanok od przyjaci&oacute;\u0142 rodz. z \u015awi\u0119toniowej <br \/>\n\t3.&nbsp;&nbsp;&nbsp; + Arkadiusz Sanok od Anny i Krzysztofa Dzindzio <br \/>\n\t4.&nbsp;&nbsp;&nbsp; + Arkadiusz Sanok od r. P\u0142onka<br \/>\n\t5.&nbsp;&nbsp;&nbsp; + Arkadiusz Sanok od kolegi Adriana z Magdalen\u0105 <br \/>\n\t6.&nbsp;&nbsp;&nbsp; + Arkadiusz Sanok od r.Fia\u0142kowskich <br \/>\n\t7.&nbsp;&nbsp;&nbsp; + Arkadiusz Sanok od koleg&oacute;w i kole\u017canek klasy gimnazjalnej<br \/>\n\t8.&nbsp;&nbsp;&nbsp; + Renata Nowak od rodziny Kie\u0142basa &ndash; Be\u0142z <br \/>\n\t9.&nbsp;&nbsp;&nbsp; + Renata Nowak od rodziny J&oacute;zefy i J&oacute;zefa Buszta <br \/>\n\t10.&nbsp;&nbsp;&nbsp; + Renata Nowak od rodziny Mac z Bia\u0142obrzeg&oacute;w <br \/>\n\t11.&nbsp;&nbsp;&nbsp; + Renata Nowak <br \/>\n\t12.&nbsp;&nbsp;&nbsp; + Renata Nowak od rodziny Kuter &ndash; Piwowarski<br \/>\n\t13.&nbsp;&nbsp;&nbsp; + Renata Nowak od kol. Sp&oacute;\u0142dzielni Zgoda &ndash; \u0141a\u0144cut <br \/>\n\t14.&nbsp;&nbsp;&nbsp; &nbsp;+ Renata Nowak od Firmy MS System<br \/>\n\t15.&nbsp;&nbsp;&nbsp; &nbsp;+ Renata Nowak od rodziny Nowak &ndash; Wieloch z Rakszawy<br \/>\n\t16.&nbsp;&nbsp;&nbsp; &nbsp;+ Renata Nowak od kole\u017canek Anety z pracy <br \/>\n\t17.&nbsp;&nbsp;&nbsp; + Stanis\u0142aw Socha od kol. z Wysokiej <br \/>\n\t18.&nbsp;&nbsp;&nbsp; &nbsp;+ Ryszard Markowicz od rodziny Trojnar <br \/>\n\t19.&nbsp;&nbsp;&nbsp; &nbsp;+ Jan Janusz od rodziny Szyd\u0142owski<br \/>\n\t20.&nbsp;&nbsp;&nbsp; &nbsp;+ Jan Janusz od rodziny z Rog&oacute;\u017cna <br \/>\n\t21.&nbsp;&nbsp;&nbsp; &nbsp;+ Jan Janusz od cioci Stefani <br \/>\n\t22.&nbsp;&nbsp;&nbsp; &nbsp;+ Maria Wacnik od r. Wacnik z \u0141a\u0144cuta<br \/>\n\t23.&nbsp;&nbsp;&nbsp; &nbsp;+ Maria Wacnik od r. Wacnik z \u0141a\u0144cuta <br \/>\n\t24.&nbsp;&nbsp;&nbsp; &nbsp;+ Maria Wacnik od r. Wacnik z \u0141a\u0144cuta <br \/>\n\t25.&nbsp;&nbsp;&nbsp; &nbsp;+ Maria Wacnik od r. Wacnik z \u0141a\u0144cuta <br \/>\n\t26.&nbsp;&nbsp;&nbsp; &nbsp;+ Maria Wacnik od r. Wacnik z \u0141a\u0144cuta <br \/>\n\t27.&nbsp;&nbsp;&nbsp; &nbsp;+ Maria Wacnik od kole\u017canek c&oacute;rki Danuty <br \/>\n\t28.&nbsp;&nbsp;&nbsp; &nbsp;+ Maria Wacnik od rodziny Buszta z D\u0119bcy <br \/>\n\t29.&nbsp;&nbsp;&nbsp; &nbsp;+ Maria Wacnik od prac. Firmy Gentelmen <br \/>\n\t30.&nbsp;&nbsp;&nbsp; &nbsp;+ Maria Czyrek od wnuczki Lidii z m\u0119\u017cem <br \/>\n\t31.&nbsp;&nbsp;&nbsp; &nbsp;+ Maria Czyrek od r. Bar z Nowego Jorku <br \/>\n\t32.&nbsp;&nbsp;&nbsp; &nbsp;+ Maria Czyrek od r. Rajewskich z Nowego Jorku.<br \/>\n\t33.&nbsp;&nbsp;&nbsp; &nbsp;+ Maria Czyrek od wnuczki Malwiny z rodzin\u0105<br \/>\n\t34.&nbsp;&nbsp;&nbsp; &nbsp;+ Zofia Skiba od Lucyny \u0141apa z rodzin\u0105<br \/>\n\t35.&nbsp;&nbsp;&nbsp; + Zofia Skiba od wnuka Rados\u0142awa<br \/>\n\t36.&nbsp;&nbsp;&nbsp; + Zofia Skiba od wnuczki Katarzyny z m\u0119\u017cem<br \/>\n\t37.&nbsp;&nbsp;&nbsp; + Zofia Skiba od wnuka Adama<br \/>\n\t38.&nbsp;&nbsp;&nbsp; + Zofia Skiba od wnuka Micha\u0142a,<br \/>\n\t39.&nbsp;&nbsp;&nbsp; + Zofia Skiba od chrze\u015bniaka Janka z rodzin\u0105,<br \/>\n\t40.&nbsp;&nbsp;&nbsp; + Zofia Skiba od chrze\u015bnicy Doroty z m\u0119\u017cem,<br \/>\n\t41.&nbsp;&nbsp;&nbsp; + Zofia Skiba od Janiny i Zdzis\u0142awa Rybak,<br \/>\n\t42.&nbsp;&nbsp;&nbsp; + Zofia Skiba od kole\u017canek Ewy ze Sklepu Nr 1,<br \/>\n\t43.&nbsp;&nbsp;&nbsp; + Zofia Skiba od kole\u017canek Ewy z pracy,<br \/>\n\t44.&nbsp;&nbsp;&nbsp; + Stanis\u0142aw Por\u0119bny od rodziny Kap\u0142on&oacute;w,<br \/>\n\t45.&nbsp;&nbsp;&nbsp; + Stanis\u0142aw Por\u0119bny od Marii i J&oacute;zefa Mo\u0142o\u0144,<br \/>\n\t46.&nbsp;&nbsp;&nbsp; + Stanis\u0142aw Por\u0119bny od chrze\u015bniaka Mariusza z rodzin\u0105,<br \/>\n\t47.&nbsp;&nbsp;&nbsp; + Stanis\u0142aw Por\u0119bny od Mariusza i Teresy Pieni\u0105\u017cek z rodzin\u0105,<br \/>\n\t48.&nbsp;&nbsp;&nbsp; + Stanis\u0142aw Por\u0119bny od r. Sidor, Fo\u0142ta,<br \/>\n\t49.&nbsp;&nbsp;&nbsp; + Stanis\u0142aw Por\u0119bny od chrze\u015bnicy Krystyny z rodzin\u0105,<br \/>\n\t50.&nbsp;&nbsp;&nbsp; + Stanis\u0142aw Por\u0119bny od r. Pieni\u0105\u017ck&oacute;w,<br \/>\n\t51.&nbsp;&nbsp;&nbsp; + Stanis\u0142aw Baran od Czes\u0142awy Piwowar,<br \/>\n\t52.&nbsp;&nbsp;&nbsp; + Stanis\u0142aw Baran od Genowefy B\u0119ben,<br \/>\n\t53.&nbsp;&nbsp;&nbsp; + Stanis\u0142aw Baran od Andrzeja z \u017con\u0105,<br \/>\n\t54.&nbsp;&nbsp;&nbsp; + Stanis\u0142aw Baran od Andrzeja z \u017con\u0105,<br \/>\n\t55.&nbsp;&nbsp;&nbsp; + Stanis\u0142aw Baran od Haliny i Tadeusza Cebulak,<br \/>\n\t56.&nbsp;&nbsp;&nbsp; + Stanis\u0142aw Baran od kole\u017canek i koleg&oacute;w c&oacute;rki Janiny z pracy,<br \/>\n\t57.&nbsp;&nbsp;&nbsp; + Stanis\u0142aw Baran od Zofii,<br \/>\n\t58.&nbsp;&nbsp;&nbsp; + Weronika Dr\u0105g od Zak\u0142adu Pracy c. Agnieszki,<br \/>\n\t59.&nbsp;&nbsp;&nbsp; + Weronika Dr\u0105g od rodziny Dr\u0105g, Kochman,<br \/>\n\t60.&nbsp;&nbsp;&nbsp; + Weronika Dr\u0105g od rodziny Chru\u015bcickich,<br \/>\n\t61.&nbsp;&nbsp;&nbsp; + Weronika Dr\u0105g od Ewy i Paw\u0142a Babiarz,<br \/>\n\t62.&nbsp;&nbsp;&nbsp; + Weronika Dr\u0105g od Adama i Aliny z rodzin\u0105,<br \/>\n\t63.&nbsp;&nbsp;&nbsp; + Weronika Dr\u0105g od Gra\u017cyny M\u0142ynarskiej z rodzin\u0105,<br \/>\n\t64.&nbsp;&nbsp;&nbsp; + Weronika Dr\u0105g od kole\u017canek i koleg&oacute;w z pracy World Service <br \/>\n\t65.&nbsp;&nbsp;&nbsp; + Weronika Dr\u0105g od rodziny Zaj\u0105c<\/p>\n","protected":false},"excerpt":{"rendered":"<p>XIII Niedziela zwyk\u0142a &#8211; 28-06-2020 Og\u0142oszenia Dzi\u015b o godz. 15.00 &ndash; nabo\u017ce\u0144stwo do Naj\u015bwi\u0119tszego Serca Pana Jezusa, a po nabo\u017ce\u0144stwie &#8211; Msza \u015bw. Jutro Uroczysto\u015b\u0107 \u015awi\u0119tych Aposto\u0142&oacute;w Piotra i Paw\u0142a. &hellip; <a href=\"https:\/\/budy.przemyska.pl\/index.php\/2020\/06\/28\/ogloszenia-parafialne-28-06-2020\/\" class=\"more-link\">Czytaj dalej <span class=\"screen-reader-text\">Og\u0142oszenia parafialne 28-06-2020<\/span> <span class=\"meta-nav\">&rarr;<\/span><\/a><\/p>\n","protected":false},"author":1,"featured_media":0,"comment_status":"closed","ping_status":"closed","sticky":false,"template":"","format":"standard","meta":{"footnotes":""},"categories":[6,4],"tags":[],"class_list":["post-3115","post","type-post","status-publish","format-standard","hentry","category-aktualnosci","category-ogloszenia"],"_links":{"self":[{"href":"https:\/\/budy.przemyska.pl\/index.php\/wp-json\/wp\/v2\/posts\/3115","targetHints":{"allow":["GET"]}}],"collection":[{"href":"https:\/\/budy.przemyska.pl\/index.php\/wp-json\/wp\/v2\/posts"}],"about":[{"href":"https:\/\/budy.przemyska.pl\/index.php\/wp-json\/wp\/v2\/types\/post"}],"author":[{"embeddable":true,"href":"https:\/\/budy.przemyska.pl\/index.php\/wp-json\/wp\/v2\/users\/1"}],"replies":[{"embeddable":true,"href":"https:\/\/budy.przemyska.pl\/index.php\/wp-json\/wp\/v2\/comments?post=3115"}],"version-history":[{"count":0,"href":"https:\/\/budy.przemyska.pl\/index.php\/wp-json\/wp\/v2\/posts\/3115\/revisions"}],"wp:attachment":[{"href":"https:\/\/budy.przemyska.pl\/index.php\/wp-json\/wp\/v2\/media?parent=3115"}],"wp:term":[{"taxonomy":"category","embeddable":true,"href":"https:\/\/budy.przemyska.pl\/index.php\/wp-json\/wp\/v2\/categories?post=3115"},{"taxonomy":"post_tag","embeddable":true,"href":"https:\/\/budy.przemyska.pl\/index.php\/wp-json\/wp\/v2\/tags?post=3115"}],"curies":[{"name":"wp","href":"https:\/\/api.w.org\/{rel}","templated":true}]}}