{"id":3108,"date":"2020-06-20T21:27:14","date_gmt":"2020-06-20T19:27:14","guid":{"rendered":"http:\/\/www.budylancuckie.przemyska.pl\/?p=3108"},"modified":"2020-06-20T21:27:14","modified_gmt":"2020-06-20T19:27:14","slug":"ogloszenia-parafialne-21-06-2020","status":"publish","type":"post","link":"https:\/\/budy.przemyska.pl\/index.php\/2020\/06\/20\/ogloszenia-parafialne-21-06-2020\/","title":{"rendered":"Og\u0142oszenia parafialne 21-06-2020"},"content":{"rendered":"<h2 style=\"text-align: center;\"><strong><span style=\"color: rgb(0, 0, 128);\">XII Niedziela zwyk\u0142a &#8211; 21-06-2020<\/span><\/strong><\/h2>\n<h2 style=\"text-align: center;\"><strong><span style=\"color: rgb(0, 0, 128);\">Og\u0142oszenia<br \/>\n\t<\/span><\/strong><\/h2>\n<ol>\n<li>Dzi\u015b o godz. 12.00 &ndash; I Komunia \u015bw. w naszej parafii. O 15.00 &ndash; nabo\u017ce\u0144stwo do Naj\u015bw. Serca Pana Jezusa, a po nabo\u017ce\u0144stwie &#8211; Msza \u015bw. <\/li>\n<li>We wtorek po Mszy \u015bw. spotkanie dla m\u0142odzie\u017cy przygotowuj\u0105cej si\u0119 do Sakramentu Bierzmowania.<\/li>\n<li>W \u015brod\u0119 Uroczysto\u015b\u0107 Narodzenia \u015bw. Jana Chrzciciela.<\/li>\n<li>W czwartek adoracja Naj\u015bwi\u0119tszego Sakramentu od godz.17.00, za\u015b o godz.18.00 Msza \u015bw. na zako\u0144czenie roku szkolnego dla uczni&oacute;w Szk&oacute;\u0142 Podstawowych. Mo\u017cliwo\u015b\u0107 spowiedzi \u015bw. codziennie od godz.17.00.<\/li>\n<li>W pi\u0105tek po Mszy \u015bw. o godz.18.00 &ndash; spotkanie dla bierzmowanych z ks. Dziekanem &#8211; rozmowa i egzamin przed Bierzmowaniem.<\/li>\n<li>Spowied\u017a \u015bw. dla bierzmowanych w sobot\u0119 od godz.16.00.<\/li>\n<li>Serdeczne B&oacute;g zap\u0142a\u0107 dla os&oacute;b sprz\u0105taj\u0105cych i stroj\u0105cych ko\u015bci&oacute;\u0142 oraz za wszystkie ofiary sk\u0142adane na potrzeby parafii.<\/li>\n<\/ol>\n<h3 style=\"text-align: center;\"><strong><span style=\"color: rgb(0, 0, 128);\">Intencje mszalne<\/span><\/strong><\/h3>\n<h4 style=\"text-align: center;\"><strong><span style=\"color: rgb(0, 0, 128);\">od 22 czerwca 2020 do 28 czerwca 2020<\/span><\/strong><\/h4>\n<h4><strong><br \/>\n\tGdyby zbyt d\u0142ugi czas nie by\u0142a og\u0142oszona zam&oacute;wiona intencja mszalna &ndash; prosimy o zg\u0142oszenie tego kap\u0142anowi.&nbsp; Zam&oacute;wiona intencja nie mo\u017ce zgin\u0105\u0107.<br \/>\n\t<\/strong><\/h4>\n<p><u><strong>Poniedzia\u0142ek &#8211; 22 czerwiec<\/strong><\/u><br \/>\n\t1. + Maria Kubis (greg.);<br \/>\n\t2. + Boles\u0142aw Rupar &#8211; od prac. Starostwa Pow. w \u0141a\u0144cucie;<br \/>\n\t3. + W\u0142adys\u0142aw \u015awizdor &#8211; od c&oacute;rki z rodzin\u0105;<\/p>\n<p><u><strong>Wtorek &#8211; 23 czerwiec<br \/>\n\t<\/strong><\/u>1. + Maria Kubis (greg.);<br \/>\n\t2. + Maria Kubis &ndash; 1 rocznica \u015bmierci<br \/>\n\t3. ++ W\u0142adys\u0142aw, W\u0142adys\u0142aw i Zofia Kojder.;<\/p>\n<p><u><strong>\u015aroda &#8211; 24 czerwiec<\/strong><\/u><br \/>\n\t1. + Maria Kubis (greg.);<br \/>\n\t2. ++ Ks. Jan Cebulak i rodzice;<br \/>\n\t3. ++ Janina, Stanis\u0142aw Wacnik i ich rodzice;<\/p>\n<p><u><strong>Czwartek &#8211; 25 czerwiec<\/strong><\/u><br \/>\n\t1. + Maria Kubis (greg.); <br \/>\n\t2. + Barbara Ko\u0142cz od s\u0105siad&oacute;w; <br \/>\n\t3. ++ Stefania, Zofia, W\u0142adys\u0142aw Wasilewscy; Anna i Antoni Kruk;<\/p>\n<p>\t<u><strong>Pi\u0105tek &#8211; 26 czerwiec<\/strong><\/u><br \/>\n\t1. + Maria Kubis (greg.);<br \/>\n\t2. + Jerzy Kie\u0142b &#8211; od cioci Genowefy;<br \/>\n\t3. + Maria Wacnik &#8211; od rodziny z \u0141a\u0144cuta;<\/p>\n<p><u><strong>Sobota &#8211; 27 czerwiec<\/strong><\/u><br \/>\n\t1. + Maria Kubis (greg.);<br \/>\n\t2. ++ W\u0142adys\u0142aw, W\u0142adys\u0142awa Por\u0119bny;<br \/>\n\t3. + J&oacute;zef Por\u0119bny &#8211; od \u017cony z dzie\u0107mi;<\/p>\n<p><u><strong>Niedziela &#8211; 28 czerwiec<\/strong><\/u><br \/>\n\t6.30 ++ Renata, Stefania, Franciszek, Tadeusz Nowak;<br \/>\n\t8.00 + Maria Kubis (greg.);<br \/>\n\t10.30 W intencji parafian; <br \/>\n\t15.00 Dzi\u0119k. i o b\u0142og. Bo\u017ce w 40 rocz. \u015blubu Alicji i Zbigniewa<\/p>\n<p><u><strong>Poniedzia\u0142ek &#8211; 29 czerwiec<\/strong><\/u><br \/>\n\t6.30 + Bogdan Blok &#8211; od Naucz. SP w Budach \u0141a\u0144cuckich;<br \/>\n\t8.00 ++ Stefan, Jan Kojder i zm. z rodziny;<br \/>\n\t10.30 W intencji m\u0142odzie\u017cy przyjmuj\u0105cej Sakr. Bierzmowania<br \/>\n\t18.00 + Maria Kubis (greg.);<\/p>\n<h3 style=\"text-align: center;\"><strong><strong><span style=\"color: rgb(0, 0, 128);\">Modlitw\u0119 r&oacute;\u017ca\u0144cow\u0105 prowadz\u0105<br \/>\n\t<\/span><\/strong><\/strong><\/h3>\n<p>22. P. R.\u015aw. Agnieszki &#8211; (Krystyna Nykiel)<br \/>\n\t23. W. R. \u015aw. Andrzeja Aposto\u0142a &#8211; (J&oacute;zef M\u0105dry) <br \/>\n\t24. \u015a. R. \u015aw. Anny &#8211; (Karolina Benedyk) <br \/>\n\t25. C. R. \u015aw. Cecylii &#8211; (Krystyna Markowicz)<br \/>\n\t26. P. KSM. <br \/>\n\t27. S. R. \u015aw. El\u017cbiety &#8211; (Alina Trojnar)<br \/>\n\t28. N. R. \u015aw. Faustyny &#8211; (Eugenia \u015awizdor)<\/p>\n","protected":false},"excerpt":{"rendered":"<p>XII Niedziela zwyk\u0142a &#8211; 21-06-2020 Og\u0142oszenia Dzi\u015b o godz. 12.00 &ndash; I Komunia \u015bw. w naszej parafii. O 15.00 &ndash; nabo\u017ce\u0144stwo do Naj\u015bw. Serca Pana Jezusa, a po nabo\u017ce\u0144stwie &#8211; &hellip; <a href=\"https:\/\/budy.przemyska.pl\/index.php\/2020\/06\/20\/ogloszenia-parafialne-21-06-2020\/\" class=\"more-link\">Czytaj dalej <span class=\"screen-reader-text\">Og\u0142oszenia parafialne 21-06-2020<\/span> <span class=\"meta-nav\">&rarr;<\/span><\/a><\/p>\n","protected":false},"author":1,"featured_media":0,"comment_status":"closed","ping_status":"closed","sticky":false,"template":"","format":"standard","meta":{"footnotes":""},"categories":[6,4],"tags":[],"class_list":["post-3108","post","type-post","status-publish","format-standard","hentry","category-aktualnosci","category-ogloszenia"],"_links":{"self":[{"href":"https:\/\/budy.przemyska.pl\/index.php\/wp-json\/wp\/v2\/posts\/3108","targetHints":{"allow":["GET"]}}],"collection":[{"href":"https:\/\/budy.przemyska.pl\/index.php\/wp-json\/wp\/v2\/posts"}],"about":[{"href":"https:\/\/budy.przemyska.pl\/index.php\/wp-json\/wp\/v2\/types\/post"}],"author":[{"embeddable":true,"href":"https:\/\/budy.przemyska.pl\/index.php\/wp-json\/wp\/v2\/users\/1"}],"replies":[{"embeddable":true,"href":"https:\/\/budy.przemyska.pl\/index.php\/wp-json\/wp\/v2\/comments?post=3108"}],"version-history":[{"count":0,"href":"https:\/\/budy.przemyska.pl\/index.php\/wp-json\/wp\/v2\/posts\/3108\/revisions"}],"wp:attachment":[{"href":"https:\/\/budy.przemyska.pl\/index.php\/wp-json\/wp\/v2\/media?parent=3108"}],"wp:term":[{"taxonomy":"category","embeddable":true,"href":"https:\/\/budy.przemyska.pl\/index.php\/wp-json\/wp\/v2\/categories?post=3108"},{"taxonomy":"post_tag","embeddable":true,"href":"https:\/\/budy.przemyska.pl\/index.php\/wp-json\/wp\/v2\/tags?post=3108"}],"curies":[{"name":"wp","href":"https:\/\/api.w.org\/{rel}","templated":true}]}}