{"id":3102,"date":"2020-06-13T21:49:39","date_gmt":"2020-06-13T19:49:39","guid":{"rendered":"http:\/\/www.budylancuckie.przemyska.pl\/?p=3102"},"modified":"2020-06-13T21:49:39","modified_gmt":"2020-06-13T19:49:39","slug":"ogloszenia-parafialne-14-06-2020","status":"publish","type":"post","link":"https:\/\/budy.przemyska.pl\/index.php\/2020\/06\/13\/ogloszenia-parafialne-14-06-2020\/","title":{"rendered":"Og\u0142oszenia parafialne 14-06-2020"},"content":{"rendered":"<h2 style=\"text-align: center;\"><strong><span style=\"color: rgb(0, 0, 128);\">XI Niedziela zwyk\u0142a &#8211; 14-06-2020<\/span><\/strong><\/h2>\n<h2 style=\"text-align: center;\"><strong><span style=\"color: rgb(0, 0, 128);\">Og\u0142oszenia<br \/>\n\t<\/span><\/strong><\/h2>\n<ol>\n<li>Dzi\u015b o godz.15.00 &ndash; nabo\u017ce\u0144stwo do Naj\u015bwi\u0119tszego Serca Pana Jezusa, a potem Msza \u015bw.<\/li>\n<li>Trwa Oktawa Bo\u017cego Cia\u0142a, zach\u0119camy wszystkich do udzia\u0142u w procesjach eucharystycznych.<\/li>\n<li>W poniedzia\u0142ek o godz.16.00 spotkanie dla dzieci przygotowuj\u0105cych si\u0119 do I Komunii \u015bw. Uroczysto\u015b\u0107 komunijna w niedziel\u0119, 21 czerwca o godz. 12.00.<\/li>\n<li>W czwartek zako\u0144czenie Oktawy Bo\u017cego Cia\u0142a. W tym dniu po\u015bwi\u0119cenie wiank&oacute;w i b\u0142ogos\u0142awie\u0144stwo dzieci. Serdecznie zapraszamy! Adoracja Naj\u015bwi\u0119tszego Sakramentu od godz.17.00.<\/li>\n<li>W pi\u0105tek Uroczysto\u015b\u0107 Naj\u015bwi\u0119tszego Serca Pana Jezusa. Parafia w Bia\u0142obrzegach prze\u017cywa sw&oacute;j Jubileusz &ndash; 100 &#8211; lecia od za\u0142o\u017cenia. Jest to zarazem \u015awiatowy Dzie\u0144 Modlitw o U\u015bwi\u0119cenie Kap\u0142an&oacute;w. W tym dniu nie obowi\u0105zuje wstrzemi\u0119\u017aliwo\u015b\u0107 od pokarm&oacute;w mi\u0119snych.<\/li>\n<li>W sobot\u0119 &#8211; Niepokalanego Serca NMP &#8211; Uroczysto\u015b\u0107 Odpustowa w naszej parafii. Msze \u015bw. o godz.7.30, uroczysta Suma Odpustowa o godz.10.30 i po po\u0142udniu &#8211; o godz.18.00. Od godz. 16.00 &#8211; Spowied\u017a \u015bw. dla dzieci i ich bliskich przed I Komuni\u0105 \u015bw. Zapraszam serdecznie do wzi\u0119cia udzia\u0142u w Uroczysto\u015bci odpustowej. To \u015bwi\u0119to ca\u0142ej naszej parafii. Prosz\u0119 o zabranie na procesj\u0119 baldachimu, chor\u0105gwi, obraz&oacute;w. Do niesienia obraz&oacute;w zapraszam dziewczynki ju\u017c od 6 klasy Szko\u0142y Podstawowej. Mamy niech pomog\u0105 przygotowa\u0107 obrazy do niesienia na procesj\u0119.<\/li>\n<li>Najbli\u017csza niedziela to III niedziela miesi\u0105ca, w naszej parafii niedziela inwestycyjna.<\/li>\n<li>Serdeczne B&oacute;g zap\u0142a\u0107 dla os&oacute;b sprz\u0105taj\u0105cych i stroj\u0105cych ko\u015bci&oacute;\u0142 oraz za wszystkie ofiary sk\u0142adane na potrzeby parafii. Wyra\u017cam r&oacute;wnie\u017c serdeczne podzi\u0119kowanie dla wszystkich zaanga\u017cowanych w przygotowanie o\u0142tarzy na Uroczysto\u015b\u0107 Bo\u017cego Cia\u0142a. Przez najbli\u017csze 2 tygodnie wyd\u0142u\u017cy si\u0119 kolejka do sprz\u0105tania ko\u015bcio\u0142a. Za tydzie\u0144 ko\u015bci&oacute;\u0142 przygotowuj\u0105 rodzice dzieci pierwszokomunijnych, za\u015b za dwa tygodnie &ndash; rodzice bierzmowanych.<\/li>\n<\/ol>\n<h3 style=\"text-align: center;\"><strong><span style=\"color: rgb(0, 0, 128);\">Intencje mszalne<\/span><\/strong><\/h3>\n<h4 style=\"text-align: center;\"><strong><span style=\"color: rgb(0, 0, 128);\">od 15 czerwca 2020 do 21 czerwca 2020<\/span><\/strong><\/h4>\n<h4><strong><br \/>\n\tGdyby zbyt d\u0142ugi czas nie by\u0142a og\u0142oszona zam&oacute;wiona intencja mszalna &ndash; prosimy o zg\u0142oszenie tego kap\u0142anowi.&nbsp; Zam&oacute;wiona intencja nie mo\u017ce zgin\u0105\u0107.<br \/>\n\t<\/strong><\/h4>\n<p><u><strong>Poniedzia\u0142ek &#8211; 15 czerwiec<\/strong><\/u><br \/>\n\t1. + Maria Kubis (greg.); <br \/>\n\t2. + W\u0142adys\u0142aw \u015awizdor &#8211; od rodziny Bia\u0142ych.; <br \/>\n\t3. O zdrowie dla Antosia od r. Szczepana Pelc;<\/p>\n<p><u><strong>Wtorek &#8211; 16 czerwiec<br \/>\n\t<\/strong><\/u>1. + Maria Kubis (greg.); <br \/>\n\t2. + Bogdan Blok &#8211; od syna Patryka z rodzin\u0105; <br \/>\n\t3. + Barbara Ko\u0142cz &#8211; od kole\u017canki J.;<\/p>\n<p><u><strong>\u015aroda &#8211; 17 czerwiec<\/strong><\/u><br \/>\n\t1. + Maria Kubis (greg.); <br \/>\n\t2. ++ Ma\u0142gorzata i J&oacute;zef \u015awizdor;<br \/>\n\t3. + Jerzy Kie\u0142b &#8211; od brata Marcina;<\/p>\n<p><u><strong>Czwartek &#8211; 18 czerwiec<\/strong><\/u><br \/>\n\t1. + Maria Kubis (greg.); <br \/>\n\t2. ++ Maria, Roman Por\u0119bny oraz Stanis\u0142awa i Franciszek \u015awizdor;<br \/>\n\t3. ++ Stanis\u0142aw i Zofia Kochman od te\u015bciowej z synem;<\/p>\n<p>\t<u><strong>Pi\u0105tek &#8211; 19 czerwiec<\/strong><\/u><br \/>\n\t1. + Maria Kubis (greg.); <br \/>\n\t2. + Dariusz Cebulak;<br \/>\n\t3. + Boles\u0142aw Rupar &#8211; od Starosty i Vice-Starosty;<\/p>\n<p><u><strong>Sobota &#8211; 20 czerwiec<\/strong><\/u><br \/>\n\t7.30 1.Intencja wiadoma; 2. Dzi\u0119k. i o b\u0142og. Bo\u017ce w 40 rocz. \u015blubu ; <br \/>\n\t10.30 W intencji parafian; <br \/>\n\t18.00 1. + Maria Kubis (greg.); 2. Dzi\u0119k. i o b\u0142og. Bo\u017ce w 90 r. urodzin;<\/p>\n<p><u><strong>Niedziela &#8211; 21 czerwiec<\/strong><\/u><br \/>\n\t6.30 + Teresa Cebula; <br \/>\n\t8.00 + Stefan Ros&oacute;\u0142;<br \/>\n\t10.30 W intencji parafian; <br \/>\n\t12.00 W intencji dzieci przyjmuj\u0105cych I Komuni\u0119 \u015bw.; <br \/>\n\t15.00 + Maria Kubis (greg.);<br \/>\n\t&nbsp;<\/p>\n<h3 style=\"text-align: center;\"><strong><strong><span style=\"color: rgb(0, 0, 128);\">Modlitw\u0119 r&oacute;\u017ca\u0144cow\u0105 prowadz\u0105<br \/>\n\t<\/span><\/strong><\/strong><\/h3>\n<p>15. P. R. \u015aw. Teresy od Dzieci\u0105tka Jezus &#8211; (Dorota Dzierga)<br \/>\n\t16. W. R. \u015aw. Teresy Wielkiej &#8211; (Zofia Wierzbicka)<br \/>\n\t17. \u015a. R. \u015aw. Tomasza Aposto\u0142a &#8211; (Stanis\u0142aw \u015alimak) <br \/>\n\t18. C. R. \u015aw. Zofii &#8211; (Zofia Kurek)<br \/>\n\t19. P. KSM. <br \/>\n\t20. S. R. \u015aw. Agaty &ndash; (Patrycja Por\u0119bna)<br \/>\n\t21. N. Akcja Katolicka.<\/p>\n","protected":false},"excerpt":{"rendered":"<p>XI Niedziela zwyk\u0142a &#8211; 14-06-2020 Og\u0142oszenia Dzi\u015b o godz.15.00 &ndash; nabo\u017ce\u0144stwo do Naj\u015bwi\u0119tszego Serca Pana Jezusa, a potem Msza \u015bw. Trwa Oktawa Bo\u017cego Cia\u0142a, zach\u0119camy wszystkich do udzia\u0142u w procesjach &hellip; <a href=\"https:\/\/budy.przemyska.pl\/index.php\/2020\/06\/13\/ogloszenia-parafialne-14-06-2020\/\" class=\"more-link\">Czytaj dalej <span class=\"screen-reader-text\">Og\u0142oszenia parafialne 14-06-2020<\/span> <span class=\"meta-nav\">&rarr;<\/span><\/a><\/p>\n","protected":false},"author":1,"featured_media":0,"comment_status":"closed","ping_status":"closed","sticky":false,"template":"","format":"standard","meta":{"footnotes":""},"categories":[6,4],"tags":[],"class_list":["post-3102","post","type-post","status-publish","format-standard","hentry","category-aktualnosci","category-ogloszenia"],"_links":{"self":[{"href":"https:\/\/budy.przemyska.pl\/index.php\/wp-json\/wp\/v2\/posts\/3102","targetHints":{"allow":["GET"]}}],"collection":[{"href":"https:\/\/budy.przemyska.pl\/index.php\/wp-json\/wp\/v2\/posts"}],"about":[{"href":"https:\/\/budy.przemyska.pl\/index.php\/wp-json\/wp\/v2\/types\/post"}],"author":[{"embeddable":true,"href":"https:\/\/budy.przemyska.pl\/index.php\/wp-json\/wp\/v2\/users\/1"}],"replies":[{"embeddable":true,"href":"https:\/\/budy.przemyska.pl\/index.php\/wp-json\/wp\/v2\/comments?post=3102"}],"version-history":[{"count":0,"href":"https:\/\/budy.przemyska.pl\/index.php\/wp-json\/wp\/v2\/posts\/3102\/revisions"}],"wp:attachment":[{"href":"https:\/\/budy.przemyska.pl\/index.php\/wp-json\/wp\/v2\/media?parent=3102"}],"wp:term":[{"taxonomy":"category","embeddable":true,"href":"https:\/\/budy.przemyska.pl\/index.php\/wp-json\/wp\/v2\/categories?post=3102"},{"taxonomy":"post_tag","embeddable":true,"href":"https:\/\/budy.przemyska.pl\/index.php\/wp-json\/wp\/v2\/tags?post=3102"}],"curies":[{"name":"wp","href":"https:\/\/api.w.org\/{rel}","templated":true}]}}