{"id":3098,"date":"2020-06-07T11:11:16","date_gmt":"2020-06-07T09:11:16","guid":{"rendered":"http:\/\/www.budylancuckie.przemyska.pl\/?p=3098"},"modified":"2020-06-07T11:11:16","modified_gmt":"2020-06-07T09:11:16","slug":"ogloszenia-parafialne-07-06-2020","status":"publish","type":"post","link":"https:\/\/budy.przemyska.pl\/index.php\/2020\/06\/07\/ogloszenia-parafialne-07-06-2020\/","title":{"rendered":"Og\u0142oszenia parafialne 07-06-2020"},"content":{"rendered":"<h2 style=\"text-align: center;\"><strong><span style=\"color: rgb(0, 0, 128);\">Uroczysto\u015b\u0107 Naj\u015bwi\u0119tszej Tr&oacute;jcy &#8211; 07-06-2020<\/span><\/strong><\/h2>\n<h2 style=\"text-align: center;\"><strong><span style=\"color: rgb(0, 0, 128);\">Og\u0142oszenia<br \/>\n\t<\/span><\/strong><\/h2>\n<ol>\n<li>Dzi\u015b o godz.15.00 &ndash; nabo\u017ce\u0144stwo do Naj\u015bwi\u0119tszego Serca Pana Jezusa, a potem Msza \u015bw. Wraz z dzisiejsz\u0105 Uroczysto\u015bci\u0105 Tr&oacute;jcy \u015awi\u0119tej ko\u0144czy si\u0119 okres Komunii \u015bw. Wielkanocnej.<\/li>\n<li>W poniedzia\u0142ek &ndash; wspomnienie \u015bw. Jadwigi, Kr&oacute;lowej; w pi\u0105tek &ndash; B\u0142ogos\u0142awionych M\u0119czennik&oacute;w II wojny \u015bwiatowej; w sobot\u0119 &ndash; \u015bw. Antoniego z Padwy.<\/li>\n<li>We wtorek o godz. 16.00 spotkanie dla dzieci przygotowuj\u0105cych si\u0119 do I Komunii \u015bw. Po Mszy \u015bw. za\u015b, spotkanie dla m\u0142odzie\u017cy &ndash; przygotowuj\u0105cej si\u0119 do Sakramentu Bierzmowania. <\/li>\n<li>R&oacute;wnie\u017c we wtorek o godz. 19.00 w sali na plebanii planowane jest spotkanie z p. Ann\u0105 Prokop &ndash; Wilk z Biura Podr&oacute;\u017cy Matteotravel &ndash; odno\u015bnie wyp\u0142aty zaliczki na nasz\u0105 niezrealizowan\u0105 Pielgrzymk\u0119 do W\u0142och. Zapraszamy zainteresowanych.<\/li>\n<li>W czwartek Uroczysto\u015b\u0107 Bo\u017cego Cia\u0142a. Msze \u015bw. tak, jak w niedziel\u0119, tylko Suma b\u0119dzie o godz.10.00. Po Niej procesja do 4 o\u0142tarzy. Umiejscowienie o\u0142tarzy, tak jak, w ubieg\u0142ym roku, a zatem w pobli\u017cu naszego ko\u015bcio\u0142a. Bardzo prosz\u0119 o przygotowanie o\u0142tarzy na procesj\u0119 Bo\u017cego Cia\u0142a. Ze wzgl\u0119du na czas epidemii &ndash; podczas procesji &ndash; zachowajmy zalecenia sanitarne zwi\u0105zane z organizacj\u0105 takich zgromadze\u0144. <\/li>\n<li>Od pi\u0105tku, codziennie przez Oktaw\u0119 Bo\u017cego Cia\u0142a, procesja Eucharystyczna po Mszy \u015bw. Zapraszamy wszystkich do udzia\u0142u w tych &#8211; bogatych w wymow\u0119 &#8211; liturgicznych wydarzeniach. Pod opiek\u0105 rodzic&oacute;w zapraszamy r&oacute;wnie\u017c dzieci do sypania kwiat&oacute;w, jak te\u017c m\u0142odzie\u017c przygotowuj\u0105c\u0105 si\u0119 do przyj\u0119cia Sakramentu Bierzmowania. W pi\u0105tek nie obowi\u0105zuje wstrzemi\u0119\u017aliwo\u015b\u0107 od pokarm&oacute;w mi\u0119snych. W niedziel\u0119 procesja Eucharystyczna &ndash; po Sumie.<\/li>\n<li>Serdeczne B&oacute;g zap\u0142a\u0107 dla os&oacute;b sprz\u0105taj\u0105cych i stroj\u0105cych ko\u015bci&oacute;\u0142 oraz za wszystkie ofiary sk\u0142adane na potrzeby parafii..<\/li>\n<\/ol>\n<h3 style=\"text-align: center;\"><strong><span style=\"color: rgb(0, 0, 128);\">Intencje mszalne<\/span><\/strong><\/h3>\n<h4 style=\"text-align: center;\"><strong><span style=\"color: rgb(0, 0, 128);\">od 8 czerwca 2020 do 14 czerwca 2020<\/span><\/strong><\/h4>\n<h4><strong><br \/>\n\tGdyby zbyt d\u0142ugi czas nie by\u0142a og\u0142oszona zam&oacute;wiona intencja mszalna &ndash; prosimy o zg\u0142oszenie tego kap\u0142anowi.&nbsp; Zam&oacute;wiona intencja nie mo\u017ce zgin\u0105\u0107.<br \/>\n\t<\/strong><\/h4>\n<p><u><strong>Poniedzia\u0142ek &#8211; 8 czerwiec<\/strong><\/u><br \/>\n\t1. + Maria Kubis (greg.); <br \/>\n\t2. + W\u0142adys\u0142aw \u015awizdor &#8211; od kol. c&oacute;rki Renaty z Gimnazjum w Bia\u0142obrzegach; <br \/>\n\t3. + Stanis\u0142aw Kochman &#8211; od c&oacute;rki Anny z rodzin\u0105;<\/p>\n<p><u><strong>Wtorek &#8211; 9 czerwiec<br \/>\n\t<\/strong><\/u>1. + Maria Kubis (greg.); <br \/>\n\t2. + Zofia Kr&oacute;l &#8211; od s\u0105siad&oacute;w;<br \/>\n\t3. ++ Karolina i J&oacute;zef Bosak &#8211; od syna; <\/p>\n<p><u><strong>\u015aroda &#8211; 10 czerwiec<\/strong><\/u><br \/>\n\t1. + Maria Kubis (greg.); <br \/>\n\t2. Dzi\u0119kczynna i o b\u0142og. Bo\u017ce w 68 rocznic\u0119 \u015blubu Marii i Tadeusza; <br \/>\n\t3. Dzi\u0119kczynna i o b\u0142og. Bo\u017ce w 20 rocz. \u015blubu Ma\u0142gorzaty i Zbigniewa;<\/p>\n<p><u><strong>Czwartek &#8211; 11 czerwiec<\/strong><\/u><br \/>\n\t6.30. + Maria Kubis (greg.); <br \/>\n\t8.00. + Stefania Wasilewska; <br \/>\n\t10.00. W intencji Parafian ; <br \/>\n\t15.00. + Boles\u0142aw Rupar &#8211; od W\u0142adys\u0142awy i rodziny Gromelskich;<\/p>\n<p>\t<u><strong>Pi\u0105tek &#8211; 12 czerwiec<\/strong><\/u><br \/>\n\t1. + Maria Kubis (greg.); <br \/>\n\t2. + Maria Markowicz &#8211; od swata Stanis\u0142awa i Emilii; <br \/>\n\t3. + Bogdan Blok &#8211; od \u017cony;<\/p>\n<p><u><strong>Sobota &#8211; 13 czerwiec<\/strong><\/u><br \/>\n\t1. + Maria Kubis (greg.); <br \/>\n\t2. + Barbara Ko\u0142cz &#8211; od Dyrekcji, Nauczycieli i Pracownik&oacute;w Szko\u0142y Podst. w Korniaktowie.; <br \/>\n\t3. ++ Roman, Zofia i Walenty Kojder ; <\/p>\n<p><u><strong>Niedziela &#8211; 14 czerwiec<\/strong><\/u><br \/>\n\t6.30. ++ Antoni i Weronika G\u0142owiak; <br \/>\n\t8.00. ++ Stefania, Franciszek Nowak i ich dzieci; <br \/>\n\t10.30. W intencji Parafian; <br \/>\n\t15.00 + Maria Kubis (greg.);<br \/>\n\t&nbsp;<\/p>\n<h3 style=\"text-align: center;\"><strong><strong><span style=\"color: rgb(0, 0, 128);\">Modlitw\u0119 r&oacute;\u017ca\u0144cow\u0105 prowadz\u0105<br \/>\n\t<\/span><\/strong><\/strong><\/h3>\n<p>08. P. R. Marii Goretti &#8211; (El\u017cbieta Kukulska)<br \/>\n\t09. W. R. \u015aw. Marty &#8211; (Cz. Por\u0119bna)<br \/>\n\t10. \u015a. R. Matki Bo\u017cej Bolesnej &#8211; (G. Bartnik)<br \/>\n\t11. C. R. Matki Bo\u017cej R&oacute;\u017ca\u0144cowej &#8211; (Zofia \u015awizdor)<br \/>\n\t12. P. KSM.<br \/>\n\t13. S. R. Matki Bo\u017cej Szkaplerznej &#8211; (M. K\u0142os)<br \/>\n\t14. N. R. \u015aw. Stanis\u0142awa Biskupa &#8211; (Franciszek Bartnik)<\/p>\n","protected":false},"excerpt":{"rendered":"<p>Uroczysto\u015b\u0107 Naj\u015bwi\u0119tszej Tr&oacute;jcy &#8211; 07-06-2020 Og\u0142oszenia Dzi\u015b o godz.15.00 &ndash; nabo\u017ce\u0144stwo do Naj\u015bwi\u0119tszego Serca Pana Jezusa, a potem Msza \u015bw. Wraz z dzisiejsz\u0105 Uroczysto\u015bci\u0105 Tr&oacute;jcy \u015awi\u0119tej ko\u0144czy si\u0119 okres Komunii &hellip; <a href=\"https:\/\/budy.przemyska.pl\/index.php\/2020\/06\/07\/ogloszenia-parafialne-07-06-2020\/\" class=\"more-link\">Czytaj dalej <span class=\"screen-reader-text\">Og\u0142oszenia parafialne 07-06-2020<\/span> <span class=\"meta-nav\">&rarr;<\/span><\/a><\/p>\n","protected":false},"author":1,"featured_media":0,"comment_status":"closed","ping_status":"closed","sticky":false,"template":"","format":"standard","meta":{"footnotes":""},"categories":[6,4],"tags":[],"class_list":["post-3098","post","type-post","status-publish","format-standard","hentry","category-aktualnosci","category-ogloszenia"],"_links":{"self":[{"href":"https:\/\/budy.przemyska.pl\/index.php\/wp-json\/wp\/v2\/posts\/3098","targetHints":{"allow":["GET"]}}],"collection":[{"href":"https:\/\/budy.przemyska.pl\/index.php\/wp-json\/wp\/v2\/posts"}],"about":[{"href":"https:\/\/budy.przemyska.pl\/index.php\/wp-json\/wp\/v2\/types\/post"}],"author":[{"embeddable":true,"href":"https:\/\/budy.przemyska.pl\/index.php\/wp-json\/wp\/v2\/users\/1"}],"replies":[{"embeddable":true,"href":"https:\/\/budy.przemyska.pl\/index.php\/wp-json\/wp\/v2\/comments?post=3098"}],"version-history":[{"count":0,"href":"https:\/\/budy.przemyska.pl\/index.php\/wp-json\/wp\/v2\/posts\/3098\/revisions"}],"wp:attachment":[{"href":"https:\/\/budy.przemyska.pl\/index.php\/wp-json\/wp\/v2\/media?parent=3098"}],"wp:term":[{"taxonomy":"category","embeddable":true,"href":"https:\/\/budy.przemyska.pl\/index.php\/wp-json\/wp\/v2\/categories?post=3098"},{"taxonomy":"post_tag","embeddable":true,"href":"https:\/\/budy.przemyska.pl\/index.php\/wp-json\/wp\/v2\/tags?post=3098"}],"curies":[{"name":"wp","href":"https:\/\/api.w.org\/{rel}","templated":true}]}}