{"id":3096,"date":"2020-05-30T12:46:08","date_gmt":"2020-05-30T10:46:08","guid":{"rendered":"http:\/\/www.budylancuckie.przemyska.pl\/?p=3096"},"modified":"2020-05-30T12:46:08","modified_gmt":"2020-05-30T10:46:08","slug":"ogloszenia-parafialne-31-05-2020","status":"publish","type":"post","link":"https:\/\/budy.przemyska.pl\/index.php\/2020\/05\/30\/ogloszenia-parafialne-31-05-2020\/","title":{"rendered":"Og\u0142oszenia parafialne 31-05-2020"},"content":{"rendered":"<h2 style=\"text-align: center;\"><strong><span style=\"color: rgb(0, 0, 128);\">Niedziela Zes\u0142ania Ducha \u015awi\u0119tego &#8211; 31-05-2020<\/span><\/strong><\/h2>\n<h2 style=\"text-align: center;\"><strong><span style=\"color: rgb(0, 0, 128);\">Og\u0142oszenia<br \/>\n\t<\/span><\/strong><\/h2>\n<ol>\n<li>Dzi\u015b o godz.15.00 &ndash; zako\u0144czenie nabo\u017ce\u0144stw majowych, a potem Msza \u015bw.<\/li>\n<li>W poniedzia\u0142ek \u015awi\u0119to NMP Matki Ko\u015bcio\u0142a. Msze \u015bw. o godz. 6.30, 8.00 oraz o 18.00. W tym dniu rozpoczynamy r&oacute;wnie\u017c Nabo\u017ce\u0144stwa do Naj\u015bwi\u0119tszego Serca Pana Jezusa.<\/li>\n<li>W tym tygodniu wypada I czwartek, I pi\u0105tek i I sobota miesi\u0105ca. W czwartek liturgiczne \u015awi\u0119to Jezusa Chrystusa Najwy\u017cszego i Wiecznego Kap\u0142ana. Adoracja Naj\u015bwi\u0119tszego Sakramentu od godz. 17.00. Modlimy si\u0119 szczeg&oacute;lnie o \u0142ask\u0119 powo\u0142a\u0144 do S\u0142u\u017cby Bo\u017cej.<\/li>\n<li>W I pi\u0105tek czcimy Naj\u015bwi\u0119tsze Serce Pana Jezusa., Msza \u015bw. rano o godz. 6.45, za\u015b po po\u0142udniu o godz.18.00. Ze wzgl\u0119du na ci\u0105gle trwaj\u0105cy stan epidemii, b\u0119dzie mo\u017cliwo\u015b\u0107 odwiedzin tylko tych chorych, kt&oacute;rzy wcze\u015bniej o to poprosz\u0105. Prosimy zatem o zg\u0142oszenie tych os&oacute;b pod nr tel. 604 205 729. <\/li>\n<li>W I sobot\u0119 czcimy Niepokalane Serce NMP. O godz.17.30 Msza \u015bw., po niej Litania do Serca Pana Jezusa, modlitwa r&oacute;\u017ca\u0144cowa , procesja z figurk\u0105 Matki Bo\u017cej Fatimskiej i zmiana tajemnic r&oacute;\u017ca\u0144cowych.<\/li>\n<li>W przysz\u0142\u0105 niedziel\u0119 Uroczysto\u015b\u0107 Tr&oacute;jcy Przenaj\u015bwi\u0119tszej &ndash; ko\u0144czy si\u0119 okres Komunii \u015bw. wielkanocnej. O godz.10.30 zostanie odprawiona Msza \u015bw. w intencji dzieci i ich rodzin prze\u017cywaj\u0105cych I rocznic\u0119 przyj\u0119cia Komunii \u015bw. Spotkanie dla tych dzieci i ich rodzic&oacute;w w czwartek (04.06.) po Mszy \u015bw. Mo\u017cliwo\u015b\u0107 spowiedzi \u015bw. codziennie od godz. 17.00.<\/li>\n<li>Poniewa\u017c, jak s\u0142yszeli\u015bmy, zosta\u0142y zniesione limity uczestnictwa we Mszy \u015bw. w ko\u015bcio\u0142ach, dlatego chcemy, aby do przyj\u0119cia Sakramentu Bierzmowania w dniu 29 czerwca przyst\u0105pili r&oacute;wnie\u017c uczniowie klas VIII. Zapraszamy zatem t\u0119 m\u0142odzie\u017c i ich rodzic&oacute;w na spotkanie w \u015brod\u0119, po Mszy \u015bw. <\/li>\n<li>Data I Komunii \u015bw. pozostaje ta sama, czyli 21 czerwca, jednak\u017ce nie by\u0142oby dodatkowych Mszy \u015bw. I Komunia \u015bw. by\u0142aby o godz. 10.30 &ndash; na Sumie.<\/li>\n<li>Serdeczne B&oacute;g zap\u0142a\u0107 dla os&oacute;b sprz\u0105taj\u0105cych i stroj\u0105cych ko\u015bci&oacute;\u0142 oraz za wszystkie ofiary sk\u0142adane na potrzeby parafii.<\/li>\n<\/ol>\n<h3 style=\"text-align: center;\"><strong><span style=\"color: rgb(0, 0, 128);\">Intencje mszalne<\/span><\/strong><\/h3>\n<h4 style=\"text-align: center;\"><strong><span style=\"color: rgb(0, 0, 128);\">od 1 czerwca 2020 do 7 czerwca 2020<\/span><\/strong><\/h4>\n<h4><strong><br \/>\n\tGdyby zbyt d\u0142ugi czas nie by\u0142a og\u0142oszona zam&oacute;wiona intencja mszalna &ndash; prosimy o zg\u0142oszenie tego kap\u0142anowi.&nbsp; Zam&oacute;wiona intencja nie mo\u017ce zgin\u0105\u0107.<br \/>\n\t<\/strong><\/h4>\n<p><u><strong>Poniedzia\u0142ek &#8211; 1 czerwiec<\/strong><\/u><br \/>\n\t1. + Maria Kubis (greg.); <br \/>\n\t2. + Bogdan Blok &#8211; od brata z \u017con\u0105; <br \/>\n\t3. + Jerzy Kie\u0142b &#8211; od s\u0105siad&oacute;w &#8211; Kojdr&oacute;w;<\/p>\n<p><u><strong>Wtorek &#8211; 2 czerwiec<br \/>\n\t<\/strong><\/u>1. + Maria Kubis (greg.); <br \/>\n\t2. ++ Anna, Stanis\u0142aw, Ks. Jan Cebulak; <br \/>\n\t3. ++ Katarzyna i W\u0142adys\u0142aw Benedyk;<\/p>\n<p><u><strong>\u015aroda &#8211; 3 czerwiec<\/strong><\/u><br \/>\n\t1. + Maria Kubis (greg.); <br \/>\n\t2. + Bronis\u0142awa Rupar;<br \/>\n\t3. + Barbara Ko\u0142cz &#8211; od m\u0119\u017ca z dzie\u0107mi;<\/p>\n<p><u><strong>Czwartek &#8211; 4 czerwiec<\/strong><\/u><br \/>\n\t1. + Maria Kubis (greg.); <br \/>\n\t2. + \u0141ucja Dzierwa &#8211; od chrzestnej i rodziny Chmiel; <br \/>\n\t3. + Maria Wacnik &#8211; od rodziny z \u0141a\u0144cuta;<\/p>\n<p>\t<u><strong>Pi\u0105tek &#8211; 5 czerwiec<\/strong><\/u><br \/>\n\t1. + Maria Kubis (greg.); <br \/>\n\t2. + Boles\u0142aw Rupar &#8211; od Rady Miasta \u0141a\u0144cuta; <br \/>\n\t3. ++ Jakub i Salomea Wierzbiccy;<\/p>\n<p><u><strong>Sobota &#8211; 6 czerwiec<\/strong><\/u><br \/>\n\t1. + Maria Kubis (greg.); <br \/>\n\t2. + Stanis\u0142aw Ko\u0142cz;<br \/>\n\t3. + Zofia Skiba &#8211; od rodziny Ficek Janusz, Jadwiga;<\/p>\n<p><u><strong>Niedziela &#8211; 7 czerwiec<\/strong><\/u><br \/>\n\t6.30. ++ Stefan, Waleria, Jan Wal; W\u0142adys\u0142awa, W\u0142adys\u0142aw Kie\u0142b; <br \/>\n\t8.00. + Jerzy Kie\u0142b &#8211; od brata Grzegorza z \u017con\u0105;<br \/>\n\t10.30. 1. W intencji Parafian; <br \/>\n\t&nbsp;&nbsp;&nbsp;&nbsp;&nbsp;&nbsp; 2. W intencji dzieci i ich rodzin prze\u017cywaj\u0105cych I rocznic\u0119 przyj\u0119cia Komunii \u015bwi\u0119tej; <br \/>\n\t15.00. + Maria Kubis (greg.);<br \/>\n\t&nbsp;<\/p>\n<h3 style=\"text-align: center;\"><strong><strong><span style=\"color: rgb(0, 0, 128);\">Modlitw\u0119 r&oacute;\u017ca\u0144cow\u0105 prowadz\u0105<br \/>\n\t<\/span><\/strong><\/strong><\/h3>\n<p>01. P. R.Jadwigi \u015al\u0105skiej -(Maria Bester)<br \/>\n\t02. W. R. \u015aw. Katarzyny &#8211; (Anna Kurek) <br \/>\n\t03. \u015a. R. \u015aw. Klary &#8211; (Teresa G\u0142owiak) <br \/>\n\t04. C. Dzie\u0142o Pomocy Powo\u0142aniom &ndash; (Anna Szular)<br \/>\n\t05. P. KSM. <br \/>\n\t06. S. Nabo\u017ce\u0144stwo Fatimskie<br \/>\n\t07. N. R. \u015aw. Marii Magdaleny &#8211; (Maria Baran)<\/p>\n","protected":false},"excerpt":{"rendered":"<p>Niedziela Zes\u0142ania Ducha \u015awi\u0119tego &#8211; 31-05-2020 Og\u0142oszenia Dzi\u015b o godz.15.00 &ndash; zako\u0144czenie nabo\u017ce\u0144stw majowych, a potem Msza \u015bw. W poniedzia\u0142ek \u015awi\u0119to NMP Matki Ko\u015bcio\u0142a. Msze \u015bw. o godz. 6.30, 8.00 &hellip; <a href=\"https:\/\/budy.przemyska.pl\/index.php\/2020\/05\/30\/ogloszenia-parafialne-31-05-2020\/\" class=\"more-link\">Czytaj dalej <span class=\"screen-reader-text\">Og\u0142oszenia parafialne 31-05-2020<\/span> <span class=\"meta-nav\">&rarr;<\/span><\/a><\/p>\n","protected":false},"author":1,"featured_media":0,"comment_status":"closed","ping_status":"closed","sticky":false,"template":"","format":"standard","meta":{"footnotes":""},"categories":[6,4],"tags":[],"class_list":["post-3096","post","type-post","status-publish","format-standard","hentry","category-aktualnosci","category-ogloszenia"],"_links":{"self":[{"href":"https:\/\/budy.przemyska.pl\/index.php\/wp-json\/wp\/v2\/posts\/3096","targetHints":{"allow":["GET"]}}],"collection":[{"href":"https:\/\/budy.przemyska.pl\/index.php\/wp-json\/wp\/v2\/posts"}],"about":[{"href":"https:\/\/budy.przemyska.pl\/index.php\/wp-json\/wp\/v2\/types\/post"}],"author":[{"embeddable":true,"href":"https:\/\/budy.przemyska.pl\/index.php\/wp-json\/wp\/v2\/users\/1"}],"replies":[{"embeddable":true,"href":"https:\/\/budy.przemyska.pl\/index.php\/wp-json\/wp\/v2\/comments?post=3096"}],"version-history":[{"count":0,"href":"https:\/\/budy.przemyska.pl\/index.php\/wp-json\/wp\/v2\/posts\/3096\/revisions"}],"wp:attachment":[{"href":"https:\/\/budy.przemyska.pl\/index.php\/wp-json\/wp\/v2\/media?parent=3096"}],"wp:term":[{"taxonomy":"category","embeddable":true,"href":"https:\/\/budy.przemyska.pl\/index.php\/wp-json\/wp\/v2\/categories?post=3096"},{"taxonomy":"post_tag","embeddable":true,"href":"https:\/\/budy.przemyska.pl\/index.php\/wp-json\/wp\/v2\/tags?post=3096"}],"curies":[{"name":"wp","href":"https:\/\/api.w.org\/{rel}","templated":true}]}}