{"id":3094,"date":"2020-05-30T12:37:38","date_gmt":"2020-05-30T10:37:38","guid":{"rendered":"http:\/\/www.budylancuckie.przemyska.pl\/?p=3094"},"modified":"2020-05-30T12:37:38","modified_gmt":"2020-05-30T10:37:38","slug":"komunikaty-kurii-metropolitalnej-29-maja-2020","status":"publish","type":"post","link":"https:\/\/budy.przemyska.pl\/index.php\/2020\/05\/30\/komunikaty-kurii-metropolitalnej-29-maja-2020\/","title":{"rendered":"Komunikaty Kurii Metropolitalnej \u2013 29 maja 2020"},"content":{"rendered":"<h2 style=\"text-align: center;\"><strong>Komunikaty Kurii Metropolitalnej w&nbsp;Przemy\u015blu<\/strong><\/h2>\n<p style=\"text-align: right;\">Przemy\u015bl, 29 maja 2020 r.<\/p>\n<p>&nbsp;<\/p>\n<p>W&nbsp;zwi\u0105zku ze&nbsp;zniesieniem z&nbsp;dniem 30 maja br.&nbsp;kolejnych ogranicze\u0144 zwi\u0105zanych z&nbsp;COVID-19, kt&oacute;re odnosz\u0105 si\u0119 r&oacute;wnie\u017c do&nbsp;ko\u015bcio\u0142&oacute;w informujemy, \u017ce&nbsp;na&nbsp;terenie Archidiecezji Przemyskiej od&nbsp;tego\u017c dnia obowi\u0105zywa\u0107 b\u0119d\u0105 ni\u017cej podane zasady.<\/p>\n<h2><strong>I.<\/strong><\/h2>\n<p><strong>W&nbsp;ko\u015bcio\u0142ach i&nbsp;innych miejscach sprawowania kultu religijnego zniesiony zostaje limit os&oacute;b<\/strong>, z&nbsp;zachowaniem obowi\u0105zku zas\u0142aniania ust i&nbsp;nosa przez&nbsp;wszystkich jego uczestnik&oacute;w z&nbsp;wy\u0142\u0105czeniem os&oacute;b go sprawuj\u0105cych.<\/p>\n<h2><strong>II.<\/strong><\/h2>\n<p><strong>Zniesienie liczby uczestnik&oacute;w dotyczy r&oacute;wnie\u017c uroczysto\u015bci pogrzebowych.<\/strong> Nale\u017cy pami\u0119ta\u0107, \u017ce&nbsp;podczas procesji \u017ca\u0142obnej, kt&oacute;ra&nbsp;odbywa si\u0119 ju\u017c w&nbsp;przestrzeni publicznej, obowi\u0105zuj\u0105 odr\u0119bne przepisy. Zgodnie z&nbsp;nimi&nbsp; w&nbsp;procesji mo\u017ce bra\u0107 udzia\u0142 do&nbsp;150 os&oacute;b, kt&oacute;re zwolnione s\u0105 z&nbsp;zas\u0142aniania ust i&nbsp;nosa, o&nbsp;ile zachowaj\u0105 2-metrowy dystans od&nbsp;innych. Je\u015bli nie&nbsp;s\u0105 w&nbsp;stanie zachowa\u0107 takiego dystansu maj\u0105 nadal obowi\u0105zek zas\u0142aniania ust i&nbsp;nosa.<\/p>\n<h2><strong>III.<\/strong><\/h2>\n<p><strong>Od&nbsp;niedzieli 7 czerwca 2020 r. w\u0142\u0105cznie zostaje odwo\u0142ana dyspensa od&nbsp;obowi\u0105zku uczestnictwa w&nbsp;niedzielnych i&nbsp;\u015bwi\u0105tecznych Mszach \u015bwi\u0119tych.<\/strong> Informacj\u0119 powy\u017csz\u0105 nale\u017cy poda\u0107 do&nbsp;wiadomo\u015bci wiernym we&nbsp;wszystkich ko\u015bcio\u0142ach i&nbsp;kaplicach w&nbsp;niedziel\u0119 31 maja br.&nbsp;&nbsp;(Uroczysto\u015b\u0107 Zes\u0142ania Ducha \u015awi\u0119tego) oraz&nbsp;za&nbsp;pomoc\u0105 dost\u0119pnych \u015brodk&oacute;w przekazu. Warto r&oacute;wnie\u017c przypomnie\u0107 wiernym zapis z&nbsp;Katechizmu Ko\u015bcio\u0142a Katolickiego (nr&nbsp;2181): <em>Eucha&shy;rystia niedzielna uzasadnia i&nbsp;potwierdza ca\u0142e dzia\u0142anie chrze\u015bcija\u0144skie. Dlatego wierni s\u0105 zobowi\u0105zani do&nbsp;uczestniczenia w&nbsp;Eucharystii w&nbsp;dni nakazane, chyba \u017ce&nbsp;s\u0105 usprawiedliwieni dla wa\u017cnego powodu (np.&nbsp;choroba, piel\u0119gnacja niemowl\u0105t) lub te\u017c otrzymali dyspens\u0119 od&nbsp;ich w\u0142asnego pasterza. Ci, kt&oacute;rzy&nbsp;dobrowolnie zaniedbuj\u0105 ten obowi\u0105zek, pope\u0142niaj\u0105 grzech ci\u0119\u017cki.<\/em><\/p>\n<h2><strong>IV.<\/strong><\/h2>\n<p>W&nbsp;<strong>Uroczysto\u015b\u0107 Naj\u015bwi\u0119tszego Cia\u0142a i&nbsp;Krwi Pa\u0144skiej<\/strong> (11 czerwca br.), dopuszcza si\u0119 zorganizowanie tradycyjnej procesji eucharystycznej, jednak z&nbsp;zacho&shy;waniem obowi\u0105zuj\u0105cego limitu 150 os&oacute;b, mog\u0105cych przebywa\u0107 w&nbsp;przestrzeni publicznej. Uczestnicy procesji maj\u0105 obowi\u0105zek zas\u0142onienia ust i&nbsp;nosa, chyba, \u017ce&nbsp;zachowaj\u0105 2-metrowy dystans od&nbsp;innych.<\/p>\n<p>W&nbsp;innym przypadku nale\u017cy zastosowa\u0107 jedn\u0105 z&nbsp;propozycji celebracji Bo\u017cego Cia\u0142a:<\/p>\n<p>a) procesja z&nbsp;Naj\u015bwi\u0119tszym Sakramentem wok&oacute;\u0142 ko\u015bcio\u0142a,<\/p>\n<p>b) w&nbsp;przypadku wi\u0119kszych \u015bwi\u0105ty\u0144 &ndash; procesja z&nbsp;Naj\u015bwi\u0119tszym Sakramentem do&nbsp;<em>czterech o\u0142tarzy bocznych ko\u015bcio\u0142a<\/em> z&nbsp;tekstami liturgicznymi przewidzianymi na&nbsp;tradycyjn\u0105 procesj\u0119.<\/p>\n<p>c) d\u0142u\u017csz\u0105 adoracj\u0119 Naj\u015bwi\u0119tszego Sakramentu (nale\u017cy poda\u0107 godziny) dla indywidualnej modlitwy wiernych i&nbsp;z&nbsp;ko\u0144cowym b\u0142ogos\u0142awie\u0144stwem udzielanym na&nbsp;progu \u015bwi\u0105tyni. Nale\u017cy uwra\u017cli&shy;wi\u0107 wiernych na&nbsp;momenty ciszy i&nbsp;modlitw\u0119 w&nbsp;milczeniu.<\/p>\n<p>d) nabo\u017ce\u0144stwo Eucharystyczne z&nbsp;wystawieniem Naj\u015bwi\u0119tszego Sakramentu po&nbsp;ka\u017cdej Mszy \u015bwi\u0119tej. Na&nbsp;zako\u0144czenie b\u0142ogos\u0142awie\u0144stwo Naj\u015bwi\u0119tszym Sakramentem.<\/p>\n<p>Propozycje nabo\u017ce\u0144stw, o&nbsp;kt&oacute;rych&nbsp;mowa w&nbsp;punktach c) i&nbsp;d) dost\u0119pne s\u0105 w&nbsp;materia\u0142ach dla ksi\u0119\u017cy (zak\u0142adka: Rok duszpasterski).<\/p>\n<p>Maj\u0105c na&nbsp;uwadze przepisy ruchu drogowego (np.&nbsp;nakaz u\u017cywania pas&oacute;w bezpiecze\u0144stwa), nale\u017cy pami\u0119ta\u0107, \u017ce&nbsp;zabronionym jest korzystanie&nbsp; ze&nbsp;\u015brodk&oacute;w transportu przy jednoczesnym b\u0142ogos\u0142a&shy;wieniu wiernych Naj\u015bwi\u0119tszym Sakramentem wysta&shy;wionym w&nbsp;monstrancji.<\/p>\n<h2><strong>V.<\/strong><\/h2>\n<p>Przywr&oacute;cona zostaje praktyka odwiedzin chorych w&nbsp;ich domach z&nbsp;racji I&nbsp;pi\u0105tku miesi\u0105ca. W&nbsp;zwi\u0105zku z&nbsp;tym nale\u017cy t\u0119 wiadomo\u015b\u0107 przekaza\u0107 w&nbsp;og\u0142oszeniach duszpasterskich. Wypada w&nbsp;rozmowie&nbsp; telefonicznej z&nbsp;zainteresowanymi chorymi czy&nbsp;ich rodzinami ustali\u0107 szczeg&oacute;\u0142y dotycz\u0105ce tej&nbsp;pos\u0142ugi sakramentalnej, ale&nbsp;nale\u017cy uszanowa\u0107 ich ewentualn\u0105 pro\u015bb\u0119&nbsp; o&nbsp;dalsze jej zawieszenie.<\/p>\n<h2><strong>VI.<\/strong><\/h2>\n<p>Zach\u0119ca si\u0119 wiernych do&nbsp;tradycyjnej praktyki I&nbsp;pi\u0105tk&oacute;w i&nbsp;sob&oacute;t miesi\u0105ca.<\/p>\n<p>&nbsp;<\/p>\n<p style=\"text-align: right;\">ks.&nbsp;Bartosz Rajnowski<br \/>\n\tKanclerz Kurii Metropolitalnej w&nbsp;Przemy\u015blu<\/p>\n","protected":false},"excerpt":{"rendered":"<p>Komunikaty Kurii Metropolitalnej w&nbsp;Przemy\u015blu Przemy\u015bl, 29 maja 2020 r. &nbsp; W&nbsp;zwi\u0105zku ze&nbsp;zniesieniem z&nbsp;dniem 30 maja br.&nbsp;kolejnych ogranicze\u0144 zwi\u0105zanych z&nbsp;COVID-19, kt&oacute;re odnosz\u0105 si\u0119 r&oacute;wnie\u017c do&nbsp;ko\u015bcio\u0142&oacute;w informujemy, \u017ce&nbsp;na&nbsp;terenie Archidiecezji Przemyskiej od&nbsp;tego\u017c dnia &hellip; <a href=\"https:\/\/budy.przemyska.pl\/index.php\/2020\/05\/30\/komunikaty-kurii-metropolitalnej-29-maja-2020\/\" class=\"more-link\">Czytaj dalej <span class=\"screen-reader-text\">Komunikaty Kurii Metropolitalnej \u2013 29 maja 2020<\/span> <span class=\"meta-nav\">&rarr;<\/span><\/a><\/p>\n","protected":false},"author":1,"featured_media":0,"comment_status":"closed","ping_status":"closed","sticky":false,"template":"","format":"standard","meta":{"footnotes":""},"categories":[6],"tags":[],"class_list":["post-3094","post","type-post","status-publish","format-standard","hentry","category-aktualnosci"],"_links":{"self":[{"href":"https:\/\/budy.przemyska.pl\/index.php\/wp-json\/wp\/v2\/posts\/3094","targetHints":{"allow":["GET"]}}],"collection":[{"href":"https:\/\/budy.przemyska.pl\/index.php\/wp-json\/wp\/v2\/posts"}],"about":[{"href":"https:\/\/budy.przemyska.pl\/index.php\/wp-json\/wp\/v2\/types\/post"}],"author":[{"embeddable":true,"href":"https:\/\/budy.przemyska.pl\/index.php\/wp-json\/wp\/v2\/users\/1"}],"replies":[{"embeddable":true,"href":"https:\/\/budy.przemyska.pl\/index.php\/wp-json\/wp\/v2\/comments?post=3094"}],"version-history":[{"count":0,"href":"https:\/\/budy.przemyska.pl\/index.php\/wp-json\/wp\/v2\/posts\/3094\/revisions"}],"wp:attachment":[{"href":"https:\/\/budy.przemyska.pl\/index.php\/wp-json\/wp\/v2\/media?parent=3094"}],"wp:term":[{"taxonomy":"category","embeddable":true,"href":"https:\/\/budy.przemyska.pl\/index.php\/wp-json\/wp\/v2\/categories?post=3094"},{"taxonomy":"post_tag","embeddable":true,"href":"https:\/\/budy.przemyska.pl\/index.php\/wp-json\/wp\/v2\/tags?post=3094"}],"curies":[{"name":"wp","href":"https:\/\/api.w.org\/{rel}","templated":true}]}}