{"id":3090,"date":"2020-05-23T20:57:50","date_gmt":"2020-05-23T18:57:50","guid":{"rendered":"http:\/\/www.budylancuckie.przemyska.pl\/?p=3090"},"modified":"2020-05-23T20:57:50","modified_gmt":"2020-05-23T18:57:50","slug":"ogloszenia-parafialne-24-05-2020","status":"publish","type":"post","link":"https:\/\/budy.przemyska.pl\/index.php\/2020\/05\/23\/ogloszenia-parafialne-24-05-2020\/","title":{"rendered":"Og\u0142oszenia parafialne 24-05-2020"},"content":{"rendered":"<h2 style=\"text-align: center;\"><strong><span style=\"color: rgb(0, 0, 128);\">VII Niedziela Wielkanocna &#8211; Uroczysto\u015b\u0107 Wniebowst\u0105pienia Pa\u0144skiego &#8211; 24-05-2020<\/span><\/strong><\/h2>\n<h2 style=\"text-align: center;\"><strong><span style=\"color: rgb(0, 0, 128);\">Og\u0142oszenia<br \/>\n\t<\/span><\/strong><\/h2>\n<ol>\n<li>Dzi\u015b o godz.15.00 &ndash; Litania do Matki Bo\u017cej, a potem Msza \u015bw.<\/li>\n<li>Pragn\u0119 wyrazi\u0107 serdeczne podzi\u0119kowanie za odnowienie kontenera na cmentarzu. Dzi\u0119kuj\u0119 p. So\u0142tysowi Mieczys\u0142awowi Kukulskiemu, kt&oacute;ry podj\u0105\u0142 si\u0119 tego zadania oraz p. Waldemarowi Kr&oacute;lowi i p. Stanis\u0142awowi Bosakowi, kt&oacute;rzy Go w tym dziele ofiarnie wspomagali. Serdeczne B&oacute;g zap\u0142a\u0107! <\/li>\n<li>We wtorek &ndash; dzie\u0144 Matki. Pami\u0119tajmy o wdzi\u0119czno\u015bci i modlitwie w intencji naszych Drogich Mam. <\/li>\n<li>W czwartek Adoracja Naj\u015bwi\u0119tszego Sakramentu od godz. 17.00. <\/li>\n<li>W sobot\u0119 w Przemy\u015blu odb\u0119d\u0105 si\u0119 \u015awi\u0119cenia Kap\u0142a\u0144skie. Polecajmy w modlitwie przysz\u0142ych kap\u0142an&oacute;w.<\/li>\n<li>W przysz\u0142\u0105 niedziel\u0119 Uroczysto\u015b\u0107 Zes\u0142ania Ducha \u015awi\u0119tego &ndash; ko\u0144czy si\u0119 Okres Wielkanocny.<\/li>\n<li>Serdeczne B&oacute;g zap\u0142a\u0107 dla os&oacute;b sprz\u0105taj\u0105cych i stroj\u0105cych ko\u015bci&oacute;\u0142 oraz za wszystkie ofiary sk\u0142adane na potrzeby parafii.<\/li>\n<\/ol>\n<h3 style=\"text-align: center;\"><strong><span style=\"color: rgb(0, 0, 128);\">Intencje mszalne<\/span><\/strong><\/h3>\n<h4 style=\"text-align: center;\"><strong><span style=\"color: rgb(0, 0, 128);\">od 25 maja 2020 do 31 maja 2020<\/span><\/strong><\/h4>\n<h4><strong><br \/>\n\tGdyby zbyt d\u0142ugi czas nie by\u0142a og\u0142oszona zam&oacute;wiona intencja mszalna &ndash; prosimy o zg\u0142oszenie tego kap\u0142anowi.&nbsp; Zam&oacute;wiona intencja nie mo\u017ce zgin\u0105\u0107.<br \/>\n\t<\/strong><\/h4>\n<p><u><strong>Poniedzia\u0142ek &#8211; 25 maj<\/strong><\/u><br \/>\n\t1. + Stanis\u0142aw Baran (greg.); <br \/>\n\t2. + Stanis\u0142aw Kochman &#8211; od rodziny Szostek; <br \/>\n\t3. + Bogdan Blok &#8211; od rodziny Gda\u0144skich;<\/p>\n<p><u><strong>Wtorek &#8211; 26 maj<br \/>\n\t<\/strong><\/u>1. + Stanis\u0142aw Baran (greg.); <br \/>\n\t2. ++ W\u0142adys\u0142aw i Franciszka Hypnar; <br \/>\n\t3. + Boles\u0142aw Rupar &#8211; od siostrze\u0144ca z rodzin\u0105; <\/p>\n<p><u><strong>\u015aroda &#8211; 27 maj<\/strong><\/u><br \/>\n\t1. + Stanis\u0142aw Baran (greg.); <br \/>\n\t2. + Barbara Ko\u0142cz &#8211; od chrzestnej i rodziny Migas; <br \/>\n\t3. + W\u0142adys\u0142aw \u015awizdor &#8211; od Nauczycieli i Pracownik&oacute;w SP w Korniaktowie P\u0142n.;<\/p>\n<p><u><strong>Czwartek &#8211; 28 maj<\/strong><\/u><br \/>\n\t1. + Stanis\u0142aw Baran (greg.); <br \/>\n\t2. O szcz\u0119\u015bliwe rozwi\u0105zanie i zdrowie dla dziecka; <br \/>\n\t3. + Jerzy Kie\u0142b &#8211; od chrzestnego;<\/p>\n<p>\t<u><strong>Pi\u0105tek &#8211; 29 maj<\/strong><\/u><br \/>\n\t1. + Stanis\u0142aw Baran (greg. ; <br \/>\n\t2. ++ Franciszek Bartnik i zm. z rodziny; <br \/>\n\t3. ++ Agata i Micha\u0142 Kurek;<\/p>\n<p><u><strong>Sobota &#8211; 30 maj<\/strong><\/u><br \/>\n\t1. + Stanis\u0142aw Baran (greg.); <br \/>\n\t2. + \u0141ucja Dzierwa &#8211; od mamy; <br \/>\n\t3. + Micha\u0142 Kie\u0142b &#8211; od chrze\u015bniaka; <\/p>\n<p><u><strong>Niedziela &#8211; 31 maj<\/strong><\/u><br \/>\n\t6:30 ++ Wojciech Baran i zmarli z rodziny; <br \/>\n\t8:00 Dzi\u0119k. i o b\u0142og. Bo\u017ce w 18 r. urodzin Oliwii; <br \/>\n\t10:30 W intencji parafian;<br \/>\n\t15:00 + Maria Kubis (greg. pocz.);<br \/>\n\t&nbsp;<\/p>\n<h3 style=\"text-align: center;\"><strong><strong><span style=\"color: rgb(0, 0, 128);\">Modlitw\u0119 r&oacute;\u017ca\u0144cow\u0105 prowadz\u0105<br \/>\n\t<\/span><\/strong><\/strong><\/h3>\n<p>25. P. R. \u015aw. El\u017cbiety- (Alina Trojnar)<br \/>\n\t26. W. R. \u015aw. Faustyny &#8211; (Eugenia \u015awizdor)<br \/>\n\t27. \u015a. R. \u015aw. Genowefy &#8211; (Genowefa Dr\u0105\u017cek)<br \/>\n\t28. C. R. \u015aw. Heleny &#8211; (Helena Dyrda)<br \/>\n\t29. P. &#8211; KSM<br \/>\n\t30. S. R. \u015aw. Jadwigi Kr&oacute;lowej &#8211; (Halina Dyrda)<br \/>\n\t31. N. &#8211; Akcja Katolicka<\/p>\n","protected":false},"excerpt":{"rendered":"<p>VII Niedziela Wielkanocna &#8211; Uroczysto\u015b\u0107 Wniebowst\u0105pienia Pa\u0144skiego &#8211; 24-05-2020 Og\u0142oszenia Dzi\u015b o godz.15.00 &ndash; Litania do Matki Bo\u017cej, a potem Msza \u015bw. Pragn\u0119 wyrazi\u0107 serdeczne podzi\u0119kowanie za odnowienie kontenera na &hellip; <a href=\"https:\/\/budy.przemyska.pl\/index.php\/2020\/05\/23\/ogloszenia-parafialne-24-05-2020\/\" class=\"more-link\">Czytaj dalej <span class=\"screen-reader-text\">Og\u0142oszenia parafialne 24-05-2020<\/span> <span class=\"meta-nav\">&rarr;<\/span><\/a><\/p>\n","protected":false},"author":1,"featured_media":0,"comment_status":"closed","ping_status":"closed","sticky":false,"template":"","format":"standard","meta":{"footnotes":""},"categories":[6,4],"tags":[],"class_list":["post-3090","post","type-post","status-publish","format-standard","hentry","category-aktualnosci","category-ogloszenia"],"_links":{"self":[{"href":"https:\/\/budy.przemyska.pl\/index.php\/wp-json\/wp\/v2\/posts\/3090","targetHints":{"allow":["GET"]}}],"collection":[{"href":"https:\/\/budy.przemyska.pl\/index.php\/wp-json\/wp\/v2\/posts"}],"about":[{"href":"https:\/\/budy.przemyska.pl\/index.php\/wp-json\/wp\/v2\/types\/post"}],"author":[{"embeddable":true,"href":"https:\/\/budy.przemyska.pl\/index.php\/wp-json\/wp\/v2\/users\/1"}],"replies":[{"embeddable":true,"href":"https:\/\/budy.przemyska.pl\/index.php\/wp-json\/wp\/v2\/comments?post=3090"}],"version-history":[{"count":0,"href":"https:\/\/budy.przemyska.pl\/index.php\/wp-json\/wp\/v2\/posts\/3090\/revisions"}],"wp:attachment":[{"href":"https:\/\/budy.przemyska.pl\/index.php\/wp-json\/wp\/v2\/media?parent=3090"}],"wp:term":[{"taxonomy":"category","embeddable":true,"href":"https:\/\/budy.przemyska.pl\/index.php\/wp-json\/wp\/v2\/categories?post=3090"},{"taxonomy":"post_tag","embeddable":true,"href":"https:\/\/budy.przemyska.pl\/index.php\/wp-json\/wp\/v2\/tags?post=3090"}],"curies":[{"name":"wp","href":"https:\/\/api.w.org\/{rel}","templated":true}]}}