{"id":3088,"date":"2020-05-16T21:00:07","date_gmt":"2020-05-16T19:00:07","guid":{"rendered":"http:\/\/www.budylancuckie.przemyska.pl\/?p=3088"},"modified":"2020-05-16T21:00:07","modified_gmt":"2020-05-16T19:00:07","slug":"ogloszenia-parafialne-17-05-2020","status":"publish","type":"post","link":"https:\/\/budy.przemyska.pl\/index.php\/2020\/05\/16\/ogloszenia-parafialne-17-05-2020\/","title":{"rendered":"Og\u0142oszenia parafialne 17-05-2020"},"content":{"rendered":"<h2 style=\"text-align: center;\"><strong><span style=\"color: rgb(0, 0, 128);\">VI Niedziela Wielkanocna &#8211; 17-05-2020<\/span><\/strong><\/h2>\n<h2 style=\"text-align: center;\"><strong><span style=\"color: rgb(0, 0, 128);\">Og\u0142oszenia<br \/>\n\t<\/span><\/strong><\/h2>\n<ol>\n<li>Dzi\u015b o godz.15.00 &ndash; Litania do Matki Bo\u017cej, a potem Msza \u015bw.<\/li>\n<li>Jutro (18 maja) przypada setna rocznica urodzin Karola Wojty\u0142y &#8211; \u015bw. Jana Paw\u0142a II. Modlitw\u0119 r&oacute;\u017ca\u0144cow\u0105 w tym dniu poprowadzi Akcja Katolicka, za\u015b m\u0142odzie\u017c z KSM-u &#8211; opraw\u0119 Mszy \u015bw. Dzi\u0119kuj\u0105c Bogu za pi\u0119kny Pontyfikat Papie\u017ca &#8211; Polaka, polecajmy si\u0119 zarazem Jego wstawiennictwu przed tronem Boga. <\/li>\n<li>W poniedzia\u0142ek, wtorek i \u015brod\u0119 przypadaj\u0105 dni modlitw o urodzaje (tzw. Dni Krzy\u017cowe). Ka\u017cdego roku urz\u0105dzana by\u0142a procesja do pobliskich krzy\u017cy. Jednak\u017ce tego roku nie b\u0119dzie procesji, ze wzgl\u0119du na epidemi\u0119. W tych dniach b\u0119dziemy modli\u0107 si\u0119 o urodzaje w naszej \u015bwi\u0105tyni.<\/li>\n<li>W wtorek, po Mszy \u015bw., zapraszamy na spotkanie Rodzic&oacute;w m\u0142odzie\u017cy klas I szk&oacute;\u0142 \u015brednich (po &oacute;smej klasie), kt&oacute;rych dzieci przygotowuj\u0105 si\u0119 do Sakramentu Bierzmowania. Planujemy dla nich przyj\u0119cie Sakramentu Bierzmowania 29 czerwca (Uroczysto\u015b\u0107 \u015bw. Piotra i Paw\u0142a) o godz. 10.30. Spotkanie za\u015b, dla tej m\u0142odzie\u017cy, odb\u0119dzie si\u0119 w \u015brod\u0119 po Mszy \u015bw.<\/li>\n<li>Bior\u0105c pod uwag\u0119 nowe zalecenia sanitarne, co do ilo\u015bci os&oacute;b uczestnicz\u0105cych w Liturgii Mszy \u015bw. i Nabo\u017ce\u0144stwach, w naszej \u015bwi\u0105tyni mog\u0105 uczestniczy\u0107 &ndash; 52 osoby.<\/li>\n<li>W czwartek Adoracja Naj\u015bwi\u0119tszego Sakramentu od godz. 17.00. <\/li>\n<li>W pi\u0105tek pocz\u0105tek nowenny przed Uroczysto\u015bci\u0105 Zes\u0142ania Ducha \u015awi\u0119tego.<\/li>\n<li>W przysz\u0142\u0105 niedziel\u0119 Uroczysto\u015b\u0107 Wniebowst\u0105pienia Pa\u0144skiego, w naszej Archidiecezji \u015bwi\u0119cenia diakonatu. Otaczajmy modlitw\u0105 kandydat&oacute;w do \u015bwi\u0119ce\u0144.<\/li>\n<li>Serdeczne B&oacute;g zap\u0142a\u0107 dla os&oacute;b sprz\u0105taj\u0105cych i stroj\u0105cych ko\u015bci&oacute;\u0142 oraz za wszystkie ofiary sk\u0142adane na potrzeby parafii.<\/li>\n<\/ol>\n<h3 style=\"text-align: center;\"><strong><span style=\"color: rgb(0, 0, 128);\">Intencje mszalne<\/span><\/strong><\/h3>\n<h4 style=\"text-align: center;\"><strong><span style=\"color: rgb(0, 0, 128);\">od 18 maja 2020 do 24 maja 2020<\/span><\/strong><\/h4>\n<h4><strong><br \/>\n\tGdyby zbyt d\u0142ugi czas nie by\u0142a og\u0142oszona zam&oacute;wiona intencja mszalna &ndash; prosimy o zg\u0142oszenie tego kap\u0142anowi.&nbsp; Zam&oacute;wiona intencja nie mo\u017ce zgin\u0105\u0107.<br \/>\n\t<\/strong><\/h4>\n<p><u><strong>Poniedzia\u0142ek &#8211; 18 maj<\/strong><\/u><br \/>\n\t1. + Stanis\u0142aw Baran (greg.); <br \/>\n\t2. ++ Stanis\u0142awa i Roman \u015awizdor; <br \/>\n\t3. O b\u0142og. Bo\u017ce w urodzajach z rej. Kojder-Gamracy;<\/p>\n<p><u><strong>Wtorek &#8211; 19 maj<br \/>\n\t<\/strong><\/u>1. + Stanis\u0142aw Baran (greg.); <br \/>\n\t2. O b\u0142og. Bo\u017ce w urodzajach z rej. Kurek-Wo\u017aniak; <br \/>\n\t3. + \u0141ucja Dzierwa &#8211; od brata z rodzin\u0105;<\/p>\n<p><u><strong>\u015aroda &#8211; 20 maj<\/strong><\/u><br \/>\n\t1. + Stanis\u0142aw Baran (greg.); <br \/>\n\t2. Dzi\u0119k. i o b\u0142og. Bo\u017ce dla Heleny w 90 rocz. urodzin; <br \/>\n\t3. O b\u0142og. Bo\u017ce w urodzajach z rejonu Mieczys\u0142awa Kukulskiego; <\/p>\n<p><u><strong>Czwartek &#8211; 21 maj<\/strong><\/u><br \/>\n\t1. + Stanis\u0142aw Baran(greg.); <br \/>\n\t2. + Barbara Ko\u0142cz od Zarz\u0105du i prac. Metal-Tr.; <br \/>\n\t3. + Jerzy Kie\u0142b &#8211; od brata Krzysztofa z And\u017celik\u0105;<\/p>\n<p>\t<u><strong>Pi\u0105tek &#8211; 22 maj<\/strong><\/u><br \/>\n\t1. + Stanis\u0142aw Baran (greg.) ; <br \/>\n\t2. ++ Katarzyna i W\u0142adys\u0142aw Hejnosz; <br \/>\n\t3. ++ Stefania i Stanis\u0142aw Preis;<\/p>\n<p><u><strong>Sobota &#8211; 23 maj<\/strong><\/u><br \/>\n\t1. + Stanis\u0142aw Baran (greg.); <br \/>\n\t2. ++ Kazimiera, Roman Cebulak, Stanis\u0142awa i Kazimierz Pucha\u0142a; <br \/>\n\t3. ++ Stanis\u0142aw, Janina, Jan \u015awizdor; <\/p>\n<p><u><strong>Niedziela &#8211; 24 maj<\/strong><\/u><br \/>\n\t6.30 ++ Stefania, Franciszek, Renata, Zofia, Antoni Sanok;<br \/>\n\t8.00 + Stanis\u0142aw Baran (greg.); <br \/>\n\t10.30 W intencji parafian; <br \/>\n\t15.00 ++ Stefania, W\u0142adys\u0142aw W\u0119grzyn;<br \/>\n\t&nbsp;<\/p>\n<h3 style=\"text-align: center;\"><strong><strong><span style=\"color: rgb(0, 0, 128);\">Modlitw\u0119 r&oacute;\u017ca\u0144cow\u0105 prowadz\u0105<br \/>\n\t<\/span><\/strong><\/strong><\/h3>\n<p>18. P. R. \u015aw. Agaty- (Patrycja Por\u0119bna)<br \/>\n\t19. W. R. \u015aw. Agnieszki &#8211; (Krystyna Nykiel) <br \/>\n\t20. \u015a. R. \u015aw. Andrzeja Aposto\u0142a &#8211; (J&oacute;zef M\u0105dry) <br \/>\n\t21. C. R. \u015aw. El\u017cbiety &#8211; (Alina Trojnar)<br \/>\n\t22. P. KSM. <br \/>\n\t23. S. R. \u015aw. Anny &#8211; (Karolina Benedyk) <br \/>\n\t24. N. R. \u015aw. Cecylii &#8211; (Krystyna Markowicz)<\/p>\n","protected":false},"excerpt":{"rendered":"<p>VI Niedziela Wielkanocna &#8211; 17-05-2020 Og\u0142oszenia Dzi\u015b o godz.15.00 &ndash; Litania do Matki Bo\u017cej, a potem Msza \u015bw. Jutro (18 maja) przypada setna rocznica urodzin Karola Wojty\u0142y &#8211; \u015bw. Jana &hellip; <a href=\"https:\/\/budy.przemyska.pl\/index.php\/2020\/05\/16\/ogloszenia-parafialne-17-05-2020\/\" class=\"more-link\">Czytaj dalej <span class=\"screen-reader-text\">Og\u0142oszenia parafialne 17-05-2020<\/span> <span class=\"meta-nav\">&rarr;<\/span><\/a><\/p>\n","protected":false},"author":1,"featured_media":0,"comment_status":"closed","ping_status":"closed","sticky":false,"template":"","format":"standard","meta":{"footnotes":""},"categories":[6,4],"tags":[],"class_list":["post-3088","post","type-post","status-publish","format-standard","hentry","category-aktualnosci","category-ogloszenia"],"_links":{"self":[{"href":"https:\/\/budy.przemyska.pl\/index.php\/wp-json\/wp\/v2\/posts\/3088","targetHints":{"allow":["GET"]}}],"collection":[{"href":"https:\/\/budy.przemyska.pl\/index.php\/wp-json\/wp\/v2\/posts"}],"about":[{"href":"https:\/\/budy.przemyska.pl\/index.php\/wp-json\/wp\/v2\/types\/post"}],"author":[{"embeddable":true,"href":"https:\/\/budy.przemyska.pl\/index.php\/wp-json\/wp\/v2\/users\/1"}],"replies":[{"embeddable":true,"href":"https:\/\/budy.przemyska.pl\/index.php\/wp-json\/wp\/v2\/comments?post=3088"}],"version-history":[{"count":0,"href":"https:\/\/budy.przemyska.pl\/index.php\/wp-json\/wp\/v2\/posts\/3088\/revisions"}],"wp:attachment":[{"href":"https:\/\/budy.przemyska.pl\/index.php\/wp-json\/wp\/v2\/media?parent=3088"}],"wp:term":[{"taxonomy":"category","embeddable":true,"href":"https:\/\/budy.przemyska.pl\/index.php\/wp-json\/wp\/v2\/categories?post=3088"},{"taxonomy":"post_tag","embeddable":true,"href":"https:\/\/budy.przemyska.pl\/index.php\/wp-json\/wp\/v2\/tags?post=3088"}],"curies":[{"name":"wp","href":"https:\/\/api.w.org\/{rel}","templated":true}]}}