{"id":3085,"date":"2020-05-15T18:38:38","date_gmt":"2020-05-15T16:38:38","guid":{"rendered":"http:\/\/www.budylancuckie.przemyska.pl\/?p=3085"},"modified":"2020-05-15T18:38:38","modified_gmt":"2020-05-15T16:38:38","slug":"ilosc-osob-w-kosciele-od-17-05-2020","status":"publish","type":"post","link":"https:\/\/budy.przemyska.pl\/index.php\/2020\/05\/15\/ilosc-osob-w-kosciele-od-17-05-2020\/","title":{"rendered":"Ilo\u015b\u0107 os\u00f3b w ko\u015bciele od 17-05-2020"},"content":{"rendered":"<div class=\"fb-post\" data-href=\"https:\/\/www.facebook.com\/parafiabudy\/posts\/1794740283995979\" data-show-text=\"true\" data-width=\"\">\n<blockquote cite=\"https:\/\/developers.facebook.com\/parafiabudy\/posts\/1794740283995979\" class=\"fb-xfbml-parse-ignore\"><p>Opublikowany przez <a href=\"https:\/\/www.facebook.com\/parafiabudy\/\">Parafia pw. Niepokalanego Serca NMP w Budach \u0141a\u0144cuckich<\/a>&nbsp;<a href=\"https:\/\/developers.facebook.com\/parafiabudy\/posts\/1794740283995979\">Pi\u0105tek, 15 maja 2020<\/a><\/p><\/blockquote>\n<\/div>\n","protected":false},"excerpt":{"rendered":"<p>Opublikowany przez Parafia pw. Niepokalanego Serca NMP w Budach \u0141a\u0144cuckich&nbsp;Pi\u0105tek, 15 maja 2020<\/p>\n","protected":false},"author":1,"featured_media":0,"comment_status":"closed","ping_status":"closed","sticky":false,"template":"","format":"standard","meta":{"footnotes":""},"categories":[6],"tags":[],"class_list":["post-3085","post","type-post","status-publish","format-standard","hentry","category-aktualnosci"],"_links":{"self":[{"href":"https:\/\/budy.przemyska.pl\/index.php\/wp-json\/wp\/v2\/posts\/3085","targetHints":{"allow":["GET"]}}],"collection":[{"href":"https:\/\/budy.przemyska.pl\/index.php\/wp-json\/wp\/v2\/posts"}],"about":[{"href":"https:\/\/budy.przemyska.pl\/index.php\/wp-json\/wp\/v2\/types\/post"}],"author":[{"embeddable":true,"href":"https:\/\/budy.przemyska.pl\/index.php\/wp-json\/wp\/v2\/users\/1"}],"replies":[{"embeddable":true,"href":"https:\/\/budy.przemyska.pl\/index.php\/wp-json\/wp\/v2\/comments?post=3085"}],"version-history":[{"count":0,"href":"https:\/\/budy.przemyska.pl\/index.php\/wp-json\/wp\/v2\/posts\/3085\/revisions"}],"wp:attachment":[{"href":"https:\/\/budy.przemyska.pl\/index.php\/wp-json\/wp\/v2\/media?parent=3085"}],"wp:term":[{"taxonomy":"category","embeddable":true,"href":"https:\/\/budy.przemyska.pl\/index.php\/wp-json\/wp\/v2\/categories?post=3085"},{"taxonomy":"post_tag","embeddable":true,"href":"https:\/\/budy.przemyska.pl\/index.php\/wp-json\/wp\/v2\/tags?post=3085"}],"curies":[{"name":"wp","href":"https:\/\/api.w.org\/{rel}","templated":true}]}}