{"id":3083,"date":"2020-05-15T18:36:35","date_gmt":"2020-05-15T16:36:35","guid":{"rendered":"http:\/\/www.budylancuckie.przemyska.pl\/?p=3083"},"modified":"2020-05-15T18:36:35","modified_gmt":"2020-05-15T16:36:35","slug":"komunikaty-kurii-metropolitalnej-14-maja-2020","status":"publish","type":"post","link":"https:\/\/budy.przemyska.pl\/index.php\/2020\/05\/15\/komunikaty-kurii-metropolitalnej-14-maja-2020\/","title":{"rendered":"Komunikaty Kurii Metropolitalnej \u2013 14 maja 2020"},"content":{"rendered":"<p style=\"text-align: right;\">Przemy\u015bl, 14 maja 2020 r.<\/p>\n<h2><strong>I.<\/strong><\/h2>\n<p>Konferencja Episkopatu Polski zatwierdzi\u0142a w&nbsp;2014 roku nowe przykazania ko\u015bcielne w&nbsp;nast\u0119puj\u0105cym brzmieniu:<\/p>\n<ol>\n<li>W&nbsp;niedziel\u0119 i&nbsp;\u015bwi\u0119ta nakazane uczestniczy\u0107 we&nbsp;Mszy \u015bwi\u0119tej i&nbsp;powstrzyma\u0107 si\u0119 od&nbsp;prac niekoniecznych.<\/li>\n<li>Przynajmniej raz w&nbsp;roku przyst\u0105pi\u0107 do&nbsp;sakramentu pokuty.<\/li>\n<li><strong>Przynajmniej raz w&nbsp;roku, w&nbsp;okresie wielkanocnym, przyj\u0105\u0107 <span style=\"color: #ff0000;\">Komuni\u0119 \u015bwi\u0119t\u0105<\/span><\/strong>.<\/li>\n<li>Zachowywa\u0107 nakazane posty i&nbsp;wstrzemi\u0119\u017aliwo\u015b\u0107 od&nbsp;pokarm&oacute;w mi\u0119snych,&nbsp;a w&nbsp;czasie Wielkiego Postu powstrzymywa\u0107 si\u0119 od&nbsp;udzia\u0142u w&nbsp;zabawach.<\/li>\n<li>Troszczy\u0107 si\u0119 o&nbsp;potrzeby wsp&oacute;lnoty Ko\u015bcio\u0142a.<\/li>\n<\/ol>\n<p>Przypominaj\u0105c o&nbsp;obowi\u0105zkach wynikaj\u0105cych z&nbsp;przykaza\u0144 ko\u015bcielnych, zach\u0119camy wszystkich do&nbsp;skorzystania z&nbsp;sakramentu pokuty i&nbsp;przyj\u0119cia Komunii \u015bwi\u0119tej. W&nbsp;wyk\u0142adni trzeciego przykazania ko\u015bcielnego Konferencja Episkopatu Polski ustali\u0142a, \u017ce&nbsp;okres, w&nbsp;kt&oacute;rym&nbsp;obowi\u0105zuje to&nbsp;przykazanie, obejmuje czas od&nbsp;\u015arody Popielcowej (26.02.2020) do&nbsp;Niedzieli Tr&oacute;jcy \u015awi\u0119tej (7.06.2020) (205. Zebranie Plenarne KEP z&nbsp;dnia 2.03.1985 roku). Zach\u0119camy jednocze\u015bnie do&nbsp;regularnej spowiedzi \u015bwi\u0119tej, kt&oacute;ra&nbsp;jest \u017ar&oacute;d\u0142em \u0142aski u\u015bwi\u0119caj\u0105cej i&nbsp;daje nam mo\u017cliwo\u015b\u0107 przyjmowania Cia\u0142a Pa\u0144skiego.<\/p>\n<p>Ponadto, maj\u0105c na&nbsp;uwadze dobro wiernych, obowi\u0105zuj\u0105ce rozporz\u0105dzenia Rady Ministr&oacute;w i&nbsp;przyj\u0119te zasady sanitarne, w&nbsp;sprawowaniu sakramentu pokuty nale\u017cy bra\u0107 pod&nbsp;uwag\u0119:<\/p>\n<ol style=\"list-style-type: lower-alpha;\">\n<li>pro\u015bb\u0119 penitenta, wobec kt&oacute;rej&nbsp;kap\u0142an powinien umo\u017cliwi\u0107 mu skorzystanie z&nbsp;sakramentu pokuty,<\/li>\n<li>pro\u015bb\u0119 penitenta co do&nbsp;miejsca s\u0142uchania spowiedzi \u015bwi\u0119tej (salka, zakrystia, konfesjona\u0142, zawsze z&nbsp;zachowaniem dyskrecji i&nbsp;zobowi\u0105za\u0144 sanitarnych),<\/li>\n<li>dopuszcza si\u0119 spowied\u017a \u015bwi\u0119t\u0105 w&nbsp;konfesjonale przy zachowaniu zalece\u0144 sanitarnych (folia ochronna, dezynfekcja konfesjona\u0142u, maseczka ochronna penitenta, odleg\u0142o\u015b\u0107 penitent&oacute;w oczekuj\u0105cych na&nbsp;spowied\u017a sakramentaln\u0105),<\/li>\n<li>nale\u017cy przypomnie\u0107 wiernym o&nbsp;sta\u0142ych godzinach sprawowania sakramentu pokuty.<\/li>\n<\/ol>\n<p>Wszystkich Ksi\u0119\u017cy prosimy, aby umo\u017cliwili wiernym przyj\u0119cie Komunii \u015bwi\u0119tej, tak\u017ce poza Msz\u0105 \u015bwi\u0119t\u0105, podaj\u0105c informacj\u0119 o&nbsp;dniu i&nbsp;godzinach jej udzielania (og\u0142oszenia parafialne, strona internetowa, itp.). Na&nbsp;wyra\u017an\u0105 pro\u015bb\u0119 chorego, mo\u017cna udzieli\u0107 Komunii \u015bwi\u0119tej w&nbsp;domu chorego, z&nbsp;zachowaniem zasad sanitarnych.<\/p>\n<h2><strong>II.<\/strong><\/h2>\n<p>Wobec nowych wytycznych dotycz\u0105cych ilo\u015bci uczestnik&oacute;w w&nbsp;ko\u015bciele (1 osoba na&nbsp;10 m<sup>2<\/sup>), nale\u017cy poda\u0107 j\u0105 wiernym do&nbsp;wiadomo\u015bci w&nbsp;odniesieniu do&nbsp;konkretnego ko\u015bcio\u0142a parafialnego i&nbsp;dojazdowego.<\/p>\n<h2><strong>III.<\/strong><\/h2>\n<p>W&nbsp;aktualnej sytuacji, Metropolita Przemyski postanowi\u0142 zmodyfikowa\u0107 wcze\u015bniejsz\u0105 decyzj\u0119 dotycz\u0105c\u0105 udzielania sakramentu bierzmowania. Decyzja o&nbsp;przyst\u0105pieniu do&nbsp;sakramentu bierzmowania spoczywa na&nbsp;rodzicach dzieci nieletnich lub na&nbsp;kandydatach pe\u0142noletnich. Podejmowanie decyzji jedynie przez&nbsp;katechet&oacute;w, wikariuszy czy&nbsp;ksi\u0119dza proboszcza jest wysoce nieroztropne i&nbsp;niestosowne.<\/p>\n<p>Od&nbsp;18 maja br.&nbsp;do&nbsp;czasu zako\u0144czenia pandemii, w&nbsp;porozumieniu z&nbsp;zainteresowanymi, <strong>pozostawiaj\u0105c im ca\u0142kowit\u0105 swobod\u0119 i&nbsp;priorytet<\/strong> w&nbsp;podejmowaniu decyzji, mo\u017cna:<\/p>\n<ol>\n<li>przenie\u015b\u0107 bierzmowanie (dla ca\u0142ej m\u0142odzie\u017cy lub dla jej cz\u0119\u015bci) na&nbsp;p&oacute;\u017aniejszy, bardziej dogodny i&nbsp;bezpieczny czas;<\/li>\n<li>zachowa\u0107 wcze\u015bniej ustalony lub wyznaczy\u0107 nowy termin bierzmowania dla tej&nbsp;m\u0142odzie\u017cy, kt&oacute;rych&nbsp;rodzice (lub pe\u0142noletni kandydaci) wyra\u017anie wyra\u017c\u0105 tak\u0105 wol\u0119. W&nbsp;takim przypadku, uroczysto\u015b\u0107 mo\u017ce odby\u0107 si\u0119 z&nbsp;zachowaniem przepis&oacute;w dotycz\u0105cych zar&oacute;wno ilo\u015bci uczestnik&oacute;w podczas liturgii w&nbsp;konkretnym ko\u015bciele, jak i&nbsp;\u015brodk&oacute;w ochrony przed&nbsp;zara\u017ceniem. W&nbsp;przypadku wi\u0119kszej ilo\u015bci uczestnik&oacute;w bierzmowania, mo\u017cna zaplanowa\u0107 je w&nbsp;odpowiednich grupach na&nbsp;kilku Mszach \u015bwi\u0119tych w&nbsp;danym dniu.<\/li>\n<\/ol>\n<p>W&nbsp;ka\u017cdym przypadku nale\u017cy, w&nbsp;celu ustalenia szczeg&oacute;\u0142&oacute;w, wcze\u015bniej skontaktowa\u0107 si\u0119 z&nbsp;wybranym Ksi\u0119dzem Biskupem.<\/p>\n<h2><strong>IV.<\/strong><\/h2>\n<p>Od&nbsp;18 maja br.&nbsp;Kuria Metropolitalna, zachowuj\u0105c dotychczasow\u0105 mo\u017cliwo\u015b\u0107 za\u0142atwiania spraw telefonicznie i&nbsp;poprzez e-mail, b\u0119dzie przyjmowa\u0107 interesant&oacute;w w&nbsp;sprawach pilnych, wymagaj\u0105cych osobistej obecno\u015bci w&nbsp;godzinach 9.00 &ndash; 13.00 od&nbsp;poniedzia\u0142ku do&nbsp;pi\u0105tku.<\/p>\n<p>S\u0105d Metropolitalny pozostaje do&nbsp;odwo\u0142ania zamkni\u0119ty dla stron i&nbsp;jest z&nbsp;nim mo\u017cliwy wy\u0142\u0105cznie kontakt telefoniczny.<\/p>\n<p style=\"text-align: right;\">ks.&nbsp;Bartosz Rajnowski<br \/>\n\tKanclerz Kurii Metropolitalnej w&nbsp;Przemy\u015blu<\/p>\n","protected":false},"excerpt":{"rendered":"<p>Przemy\u015bl, 14 maja 2020 r. I. Konferencja Episkopatu Polski zatwierdzi\u0142a w&nbsp;2014 roku nowe przykazania ko\u015bcielne w&nbsp;nast\u0119puj\u0105cym brzmieniu: W&nbsp;niedziel\u0119 i&nbsp;\u015bwi\u0119ta nakazane uczestniczy\u0107 we&nbsp;Mszy \u015bwi\u0119tej i&nbsp;powstrzyma\u0107 si\u0119 od&nbsp;prac niekoniecznych. Przynajmniej raz w&nbsp;roku &hellip; <a href=\"https:\/\/budy.przemyska.pl\/index.php\/2020\/05\/15\/komunikaty-kurii-metropolitalnej-14-maja-2020\/\" class=\"more-link\">Czytaj dalej <span class=\"screen-reader-text\">Komunikaty Kurii Metropolitalnej \u2013 14 maja 2020<\/span> <span class=\"meta-nav\">&rarr;<\/span><\/a><\/p>\n","protected":false},"author":1,"featured_media":0,"comment_status":"closed","ping_status":"closed","sticky":false,"template":"","format":"standard","meta":{"footnotes":""},"categories":[6],"tags":[],"class_list":["post-3083","post","type-post","status-publish","format-standard","hentry","category-aktualnosci"],"_links":{"self":[{"href":"https:\/\/budy.przemyska.pl\/index.php\/wp-json\/wp\/v2\/posts\/3083","targetHints":{"allow":["GET"]}}],"collection":[{"href":"https:\/\/budy.przemyska.pl\/index.php\/wp-json\/wp\/v2\/posts"}],"about":[{"href":"https:\/\/budy.przemyska.pl\/index.php\/wp-json\/wp\/v2\/types\/post"}],"author":[{"embeddable":true,"href":"https:\/\/budy.przemyska.pl\/index.php\/wp-json\/wp\/v2\/users\/1"}],"replies":[{"embeddable":true,"href":"https:\/\/budy.przemyska.pl\/index.php\/wp-json\/wp\/v2\/comments?post=3083"}],"version-history":[{"count":0,"href":"https:\/\/budy.przemyska.pl\/index.php\/wp-json\/wp\/v2\/posts\/3083\/revisions"}],"wp:attachment":[{"href":"https:\/\/budy.przemyska.pl\/index.php\/wp-json\/wp\/v2\/media?parent=3083"}],"wp:term":[{"taxonomy":"category","embeddable":true,"href":"https:\/\/budy.przemyska.pl\/index.php\/wp-json\/wp\/v2\/categories?post=3083"},{"taxonomy":"post_tag","embeddable":true,"href":"https:\/\/budy.przemyska.pl\/index.php\/wp-json\/wp\/v2\/tags?post=3083"}],"curies":[{"name":"wp","href":"https:\/\/api.w.org\/{rel}","templated":true}]}}