{"id":3080,"date":"2020-05-10T09:01:06","date_gmt":"2020-05-10T07:01:06","guid":{"rendered":"http:\/\/www.budylancuckie.przemyska.pl\/?p=3080"},"modified":"2020-05-10T09:01:06","modified_gmt":"2020-05-10T07:01:06","slug":"ogloszenia-parafialne-10-05-2020","status":"publish","type":"post","link":"https:\/\/budy.przemyska.pl\/index.php\/2020\/05\/10\/ogloszenia-parafialne-10-05-2020\/","title":{"rendered":"Og\u0142oszenia parafialne 10-05-2020"},"content":{"rendered":"<h2 style=\"text-align: center;\"><strong><span style=\"color: rgb(0, 0, 128);\">V Niedziela Wielkanocna &#8211; 10-05-2020<\/span><\/strong><\/h2>\n<h2 style=\"text-align: center;\"><strong><span style=\"color: rgb(0, 0, 128);\">Og\u0142oszenia<br \/>\n\t<\/span><\/strong><\/h2>\n<ol>\n<li>Dzi\u015b o godz.15.00 &ndash; Litania do Matki Bo\u017cej, a potem Msza \u015bw.<\/li>\n<li>W \u015brod\u0119 &ndash; wspomnienie NMP Fatimskiej, w czwartek &#8211; \u015bwi\u0119to \u015bw. Macieja, Aposto\u0142a, w sobot\u0119 za\u015b &ndash; \u015bwi\u0119to \u015bw. Andrzeja Boboli, kap\u0142ana i m\u0119czennika &#8211; Patrona Polski. <\/li>\n<li>W \u015brod\u0119, po Mszy \u015bw. i nabo\u017ce\u0144stwie majowym, spotkanie dla rodzic&oacute;w dzieci klas III przygotowuj\u0105cych si\u0119 do I Komunii \u015bw. <\/li>\n<li>W czwartek Adoracja Naj\u015bwi\u0119tszego Sakramentu od godz. 17.00. <\/li>\n<li><a href=\"http:\/\/www.budylancuckie.przemyska.pl\/?page_id=84\">Na naszej parafialnej stronie internetowej, w zak\u0142adce dla Akcji Katolickiej<\/a>, mo\u017cna odnale\u017a\u0107 katechezy formacyjne dla cz\u0142onk&oacute;w AK, ale r&oacute;wnie\u017c dla wszystkich zainteresowanych dzia\u0142alno\u015bci\u0105 tego Stowarzyszenia.<\/li>\n<li>W zwi\u0105zku z mo\u017cliwo\u015bci\u0105 uczestniczenia coraz wi\u0119kszej ilo\u015bci os&oacute;b we Mszy \u015bw. i ze wzgl\u0119d&oacute;w bezpiecze\u0144stwa, nasz ko\u015bci&oacute;\u0142 parafialny b\u0119dzie otwarty codziennie (na czas trwania epidemii) od godz. 9.00 do wieczornej Mszy \u015bw. Jednak\u017ce wej\u015bcie b\u0119dzie tylko od strony zakrystii, poprzez \u0142\u0105cznik wok&oacute;\u0142 prezbiterium. Uwaga na pierwszy niski stopie\u0144 przy wej\u015bciu do \u0142\u0105cznika!!! <\/li>\n<li>Serdeczne B&oacute;g zap\u0142a\u0107 dla os&oacute;b sprz\u0105taj\u0105cych i stroj\u0105cych ko\u015bci&oacute;\u0142 oraz za wszystkie ofiary sk\u0142adane na potrzeby parafii.<\/li>\n<\/ol>\n<h3 style=\"text-align: center;\"><strong><span style=\"color: rgb(0, 0, 128);\">Intencje mszalne<\/span><\/strong><\/h3>\n<h4 style=\"text-align: center;\"><strong><span style=\"color: rgb(0, 0, 128);\">od 11 maja 2020 do 17 maja 2020<\/span><\/strong><\/h4>\n<h4><strong><br \/>\n\tGdyby zbyt d\u0142ugi czas nie by\u0142a og\u0142oszona zam&oacute;wiona intencja mszalna &ndash; prosimy o zg\u0142oszenie tego kap\u0142anowi.&nbsp; Zam&oacute;wiona intencja nie mo\u017ce zgin\u0105\u0107.<br \/>\n\t<\/strong><\/h4>\n<p><u><strong>Poniedzia\u0142ek &#8211; 11 maj<\/strong><\/u><br \/>\n\t1. + Stanis\u0142aw Baran (greg.); <br \/>\n\t2. + Barbara Ko\u0142cz &#8211; od kole\u017c. i kol. Damiana i Eweliny; <br \/>\n\t3. + Boles\u0142aw Rupar od c. Katarzyny z m\u0119\u017cem;<\/p>\n<p><u><strong>Wtorek &#8211; 12 maj<br \/>\n\t<\/strong><\/u>1. + Stanis\u0142aw Baran (greg.); <br \/>\n\t2. + Jerzy Kie\u0142b &#8211; od brata Miros\u0142awa z rodzin\u0105; <br \/>\n\t3. + Stanis\u0142aw Por\u0119bny &#8211; od rodz. Mariana Mach;<\/p>\n<p><u><strong>\u015aroda &#8211; 13 maj<\/strong><\/u><br \/>\n\t1. + Stanis\u0142aw Baran (greg.); <br \/>\n\t2. + Teresa W\u0119grzyn;<br \/>\n\t3. + Bogdan Blok &#8211; od Anny i Andrzeja Szczupak;<\/p>\n<p><u><strong>Czwartek &#8211; 14 maj<\/strong><\/u><br \/>\n\t1. + Stanis\u0142aw Baran (greg.); <br \/>\n\t2. ++ Ignacy, Cecylia Stafiej, Jakub Rupar; <br \/>\n\t3. + Zofia Skiba od wnuka Tomasza;<\/p>\n<p>\t<u><strong>Pi\u0105tek &#8211; 15 maj<\/strong><\/u><br \/>\n\t1. + Stanis\u0142aw Baran (greg.); <br \/>\n\t2. + W\u0142adys\u0142aw Kojder od siostry;<br \/>\n\t3. + Stanis\u0142aw Kochman &#8211; od c&oacute;rki Moniki z rodzin\u0105;<\/p>\n<p><u><strong>Sobota &#8211; 16 maj<\/strong><\/u><br \/>\n\t1. + Stanis\u0142aw Baran (greg.);<br \/>\n\t2. ++ Kazimiera, Roman Cebulak, Stanis\u0142awa i Kazimierz Pucha\u0142a;<br \/>\n\t3. + Maria Czyrek &#8211; od rodziny Fugiel, Kuch;<\/p>\n<p><u><strong>Niedziela &#8211; 17 maj<\/strong><\/u><br \/>\n\t6.30 ++ Katarzyna i W\u0142adys\u0142aw Benedyk;<br \/>\n\t8.00 + Maria Pelc &#8211; od c&oacute;rki Gra\u017cyny; <br \/>\n\t10.30 W intencji parafian;<br \/>\n\t15.00 + Stanis\u0142aw Baran (greg.)<br \/>\n\t&nbsp;<\/p>\n<h3 style=\"text-align: center;\"><strong><strong><span style=\"color: rgb(0, 0, 128);\">Modlitw\u0119 r&oacute;\u017ca\u0144cow\u0105 prowadz\u0105<br \/>\n\t<\/span><\/strong><\/strong><\/h3>\n<p>11. P. R. \u015aw. Zofii &#8211; ( Zofia Kurek)<br \/>\n\t12. W. R. \u015aw. Stanis\u0142awa biskupa &ndash; (Franciszek Bartnik)<br \/>\n\t13. \u015a. R. \u015aw. Teresy od Dzieci\u0105tka Jezus &#8211; (Dorota Dzierga)<br \/>\n\t14. C. R. \u015aw. Teresy Wielkiej &#8211; (Zofia Wierzbicka)<br \/>\n\t15. P. KSM<br \/>\n\t16. S. R. \u015aw. Tomasza Aposto\u0142a &#8211; (Stanis\u0142aw \u015alimak)<br \/>\n\t17. N. R. Akcja Katolicka<\/p>\n","protected":false},"excerpt":{"rendered":"<p>V Niedziela Wielkanocna &#8211; 10-05-2020 Og\u0142oszenia Dzi\u015b o godz.15.00 &ndash; Litania do Matki Bo\u017cej, a potem Msza \u015bw. W \u015brod\u0119 &ndash; wspomnienie NMP Fatimskiej, w czwartek &#8211; \u015bwi\u0119to \u015bw. Macieja, &hellip; <a href=\"https:\/\/budy.przemyska.pl\/index.php\/2020\/05\/10\/ogloszenia-parafialne-10-05-2020\/\" class=\"more-link\">Czytaj dalej <span class=\"screen-reader-text\">Og\u0142oszenia parafialne 10-05-2020<\/span> <span class=\"meta-nav\">&rarr;<\/span><\/a><\/p>\n","protected":false},"author":1,"featured_media":0,"comment_status":"closed","ping_status":"closed","sticky":false,"template":"","format":"standard","meta":{"footnotes":""},"categories":[6,4],"tags":[],"class_list":["post-3080","post","type-post","status-publish","format-standard","hentry","category-aktualnosci","category-ogloszenia"],"_links":{"self":[{"href":"https:\/\/budy.przemyska.pl\/index.php\/wp-json\/wp\/v2\/posts\/3080","targetHints":{"allow":["GET"]}}],"collection":[{"href":"https:\/\/budy.przemyska.pl\/index.php\/wp-json\/wp\/v2\/posts"}],"about":[{"href":"https:\/\/budy.przemyska.pl\/index.php\/wp-json\/wp\/v2\/types\/post"}],"author":[{"embeddable":true,"href":"https:\/\/budy.przemyska.pl\/index.php\/wp-json\/wp\/v2\/users\/1"}],"replies":[{"embeddable":true,"href":"https:\/\/budy.przemyska.pl\/index.php\/wp-json\/wp\/v2\/comments?post=3080"}],"version-history":[{"count":0,"href":"https:\/\/budy.przemyska.pl\/index.php\/wp-json\/wp\/v2\/posts\/3080\/revisions"}],"wp:attachment":[{"href":"https:\/\/budy.przemyska.pl\/index.php\/wp-json\/wp\/v2\/media?parent=3080"}],"wp:term":[{"taxonomy":"category","embeddable":true,"href":"https:\/\/budy.przemyska.pl\/index.php\/wp-json\/wp\/v2\/categories?post=3080"},{"taxonomy":"post_tag","embeddable":true,"href":"https:\/\/budy.przemyska.pl\/index.php\/wp-json\/wp\/v2\/tags?post=3080"}],"curies":[{"name":"wp","href":"https:\/\/api.w.org\/{rel}","templated":true}]}}