{"id":3064,"date":"2020-05-02T17:22:42","date_gmt":"2020-05-02T15:22:42","guid":{"rendered":"http:\/\/www.budylancuckie.przemyska.pl\/?p=3064"},"modified":"2020-05-02T17:22:42","modified_gmt":"2020-05-02T15:22:42","slug":"ogloszenia-parafialne-03-05-2020","status":"publish","type":"post","link":"https:\/\/budy.przemyska.pl\/index.php\/2020\/05\/02\/ogloszenia-parafialne-03-05-2020\/","title":{"rendered":"Og\u0142oszenia parafialne 03-05-2020"},"content":{"rendered":"<h2 style=\"text-align: center;\"><strong><span style=\"color: rgb(0, 0, 128);\">IV Niedziela &#8211; 03-05-2020<\/span><\/strong><\/h2>\n<h2 style=\"text-align: center;\"><strong><span style=\"color: rgb(0, 0, 128);\">Og\u0142oszenia<br \/>\n\t<\/span><\/strong><\/h2>\n<ol>\n<li>Dzi\u015b Niedziela Dobrego Pasterza, kt&oacute;ra rozpoczyna Tydzie\u0144 modlitw o powo\u0142ania do s\u0142u\u017cby w Ko\u015bciele. O godz. 15.00 &ndash; Litania do Matki Bo\u017cej, a potem Msza \u015bw.<\/li>\n<li>W poniedzia\u0142ek &ndash; wspomnienie \u015bw. Floriana, w \u015brod\u0119 &ndash; \u015bwi\u0119to \u015bw. Aposto\u0142&oacute;w Filipa i Jakuba, w pi\u0105tek za\u015b &ndash; Uroczysto\u015b\u0107 \u015bw. Stanis\u0142awa bpa i m\u0119czennika, patrona Polski. W tym dniu nie obowi\u0105zuje wstrzemi\u0119\u017aliwo\u015b\u0107 od pokarm&oacute;w mi\u0119snych. <\/li>\n<li>W tym tygodniu wypada I czwartek miesi\u0105ca. Adoracja Naj\u015bwi\u0119tszego Sakramentu od godz. 17.00. Szczeg&oacute;lnie, w tym dniu, m&oacute;dlmy si\u0119 o dar powo\u0142a\u0144 do s\u0142u\u017cby Bo\u017cej.<\/li>\n<li>W sobot\u0119 &ndash; 2 maja, w Bazylice Archikatedralnej w Przemy\u015blu mia\u0142y miejsce \u015bwi\u0119cenia biskupie ks. Krzysztofa Chudzio, biskupa pomocniczego naszej Archidiecezji. <\/li>\n<li>Serdeczne B&oacute;g zap\u0142a\u0107 dla os&oacute;b sprz\u0105taj\u0105cych i stroj\u0105cych ko\u015bci&oacute;\u0142 oraz za wszystkie ofiary sk\u0142adane na potrzeby parafii.<\/li>\n<\/ol>\n<h3 style=\"text-align: center;\"><strong><span style=\"color: rgb(0, 0, 128);\">Intencje mszalne<\/span><\/strong><\/h3>\n<h4 style=\"text-align: center;\"><strong><span style=\"color: rgb(0, 0, 128);\">od 4 maja 2020 do 10 maja 2020<\/span><\/strong><\/h4>\n<h4><strong><br \/>\n\tGdyby zbyt d\u0142ugi czas nie by\u0142a og\u0142oszona zam&oacute;wiona intencja mszalna &ndash; prosimy o zg\u0142oszenie tego kap\u0142anowi.&nbsp; Zam&oacute;wiona intencja nie mo\u017ce zgin\u0105\u0107.<br \/>\n\t<\/strong><\/h4>\n<p><u><strong>Poniedzia\u0142ek &#8211; 4 maj<\/strong><\/u><br \/>\n\t1. + Stanis\u0142aw Baran (greg.); <br \/>\n\t2. + Bogdan Blok &#8211; od mamy;<br \/>\n\t3. + Micha\u0142 Kie\u0142b &#8211; od chrze\u015bniaka Krzysztofa z rodzin\u0105;<\/p>\n<p><u><strong>Wtorek &#8211; 5 maj<br \/>\n\t<\/strong><\/u>1. + Stanis\u0142aw Baran (greg.); <br \/>\n\t2. ++ Zdzis\u0142aw i Wies\u0142aw Dyrda;<br \/>\n\t3. + Maria Pelc &#8211; od kole\u017c. Malwiny &#8211; \u017b\u0142obek Nr 1 \u0141a\u0144cut;<\/p>\n<p><u><strong>\u015aroda &#8211; 6 maj<\/strong><\/u><br \/>\n\t1. + Stanis\u0142aw Baran (greg.);<br \/>\n\t2. + Stanis\u0142aw Kochman &#8211; od Karoliny i Heleny;<br \/>\n\t3. + Boles\u0142aw Rupar &#8211; od rodziny Stafiej z Bia\u0142obrzeg&oacute;w;<\/p>\n<p><u><strong>Czwartek &#8211; 7 maj<\/strong><\/u><br \/>\n\t1. + Stanis\u0142aw Baran (greg.); <br \/>\n\t2. + J&oacute;zef Bar; <br \/>\n\t3. O b\u0142og. Bo\u017ce w 18 rocz. urodzin Ali;<\/p>\n<p>\t<u><strong>Pi\u0105tek &#8211; 8 maj<\/strong><\/u><br \/>\n\t1. + Stanis\u0142aw Baran (greg.);<br \/>\n\t2. ++ Julia, Franciszek, Stanis\u0142aw Misi\u0105g;<br \/>\n\t3. + Jerzy Kie\u0142b &#8211; od brata Jacka;<\/p>\n<p><u><strong>Sobota &#8211; 9 maj<\/strong><\/u><br \/>\n\t1. + Stanis\u0142aw Baran (greg.); <br \/>\n\t2. ++ Anna, Ludwik Harpula, ich rodzice, rodze\u0144stwo;<br \/>\n\t3. + Janina Szlachta &#8211; od Akcji Katolickiej; <\/p>\n<p><u><strong>Niedziela &#8211; 10 maj<\/strong><\/u><br \/>\n\t6:30 ++ Stanis\u0142aw, Waleria, Janina Benedyk, Ryszard Nykiel;<br \/>\n\t8:00 ++ Anna i W\u0142adys\u0142aw Harpula ;<br \/>\n\t10:30 W intencji Parafian; <br \/>\n\t15:00 + Stanis\u0142aw Baran (greg.); <br \/>\n\t&nbsp;<\/p>\n<h3 style=\"text-align: center;\"><strong><strong><span style=\"color: rgb(0, 0, 128);\">Modlitw\u0119 r&oacute;\u017ca\u0144cow\u0105 prowadz\u0105<br \/>\n\t<\/span><\/strong><\/strong><\/h3>\n<p>04. P. R. \u015aw. Marii Goretti &#8211; (El\u017cbieta Kukulska)<br \/>\n\t05. W. R. \u015aw. Marty &#8211; (Cz. Por\u0119bna) <br \/>\n\t06. \u015a. R. Matki Bo\u017cej Bolesnej &#8211; (G. Bartnik) <br \/>\n\t07. C. DPP &ndash; (Anna Szular)<br \/>\n\t08. P. KSM. <br \/>\n\t09. S. R. Matki Bo\u017cej Szkaplerznej &#8211; (M. K\u0142os)<br \/>\n\t10. N. R. Matki Bo\u017cej R&oacute;\u017ca\u0144cowej &#8211; (Zofia \u015awizdor)<\/p>\n","protected":false},"excerpt":{"rendered":"<p>IV Niedziela &#8211; 03-05-2020 Og\u0142oszenia Dzi\u015b Niedziela Dobrego Pasterza, kt&oacute;ra rozpoczyna Tydzie\u0144 modlitw o powo\u0142ania do s\u0142u\u017cby w Ko\u015bciele. O godz. 15.00 &ndash; Litania do Matki Bo\u017cej, a potem Msza &hellip; <a href=\"https:\/\/budy.przemyska.pl\/index.php\/2020\/05\/02\/ogloszenia-parafialne-03-05-2020\/\" class=\"more-link\">Czytaj dalej <span class=\"screen-reader-text\">Og\u0142oszenia parafialne 03-05-2020<\/span> <span class=\"meta-nav\">&rarr;<\/span><\/a><\/p>\n","protected":false},"author":1,"featured_media":0,"comment_status":"closed","ping_status":"closed","sticky":false,"template":"","format":"standard","meta":{"footnotes":""},"categories":[6,4],"tags":[],"class_list":["post-3064","post","type-post","status-publish","format-standard","hentry","category-aktualnosci","category-ogloszenia"],"_links":{"self":[{"href":"https:\/\/budy.przemyska.pl\/index.php\/wp-json\/wp\/v2\/posts\/3064","targetHints":{"allow":["GET"]}}],"collection":[{"href":"https:\/\/budy.przemyska.pl\/index.php\/wp-json\/wp\/v2\/posts"}],"about":[{"href":"https:\/\/budy.przemyska.pl\/index.php\/wp-json\/wp\/v2\/types\/post"}],"author":[{"embeddable":true,"href":"https:\/\/budy.przemyska.pl\/index.php\/wp-json\/wp\/v2\/users\/1"}],"replies":[{"embeddable":true,"href":"https:\/\/budy.przemyska.pl\/index.php\/wp-json\/wp\/v2\/comments?post=3064"}],"version-history":[{"count":0,"href":"https:\/\/budy.przemyska.pl\/index.php\/wp-json\/wp\/v2\/posts\/3064\/revisions"}],"wp:attachment":[{"href":"https:\/\/budy.przemyska.pl\/index.php\/wp-json\/wp\/v2\/media?parent=3064"}],"wp:term":[{"taxonomy":"category","embeddable":true,"href":"https:\/\/budy.przemyska.pl\/index.php\/wp-json\/wp\/v2\/categories?post=3064"},{"taxonomy":"post_tag","embeddable":true,"href":"https:\/\/budy.przemyska.pl\/index.php\/wp-json\/wp\/v2\/tags?post=3064"}],"curies":[{"name":"wp","href":"https:\/\/api.w.org\/{rel}","templated":true}]}}