{"id":3060,"date":"2020-04-27T20:45:17","date_gmt":"2020-04-27T18:45:17","guid":{"rendered":"http:\/\/www.budylancuckie.przemyska.pl\/?p=3060"},"modified":"2020-04-27T20:45:17","modified_gmt":"2020-04-27T18:45:17","slug":"komunikaty-kurii-metropolitalnej","status":"publish","type":"post","link":"https:\/\/budy.przemyska.pl\/index.php\/2020\/04\/27\/komunikaty-kurii-metropolitalnej\/","title":{"rendered":"Komunikaty Kurii Metropolitalnej"},"content":{"rendered":"<h2 style=\"zoom: 1; border: 0px; font-family: Lato !important; font-size: 1.7em; font-style: normal; font-weight: 400; margin: 0px 0px 1em; outline: 0px; padding: 0px; vertical-align: baseline; color: rgb(51, 51, 51); text-transform: none; line-height: 1.3; font-variant-ligatures: normal; font-variant-caps: normal; letter-spacing: normal; orphans: 2; text-indent: 0px; white-space: normal; widows: 2; word-spacing: 0px; -webkit-text-stroke-width: 0px; background-color: rgb(255, 255, 255); text-decoration-style: initial; text-decoration-color: initial; text-align: center;\"><strong style=\"zoom: 1; border: 0px; font-family: inherit; font-size: 25.5px; font-style: inherit; font-weight: bolder; margin: 0px; outline: 0px; padding: 0px; vertical-align: baseline;\">Komunikaty Kurii Metropolitalnej w&nbsp;Przemy\u015blu<\/strong><\/h2>\n<p style=\"zoom: 1; border: 0px; font-family: Arimo; font-size: 15px; font-style: normal; font-weight: 400; margin-top: 0px !important; margin-right: 0px; margin-bottom: 20px; margin-left: 0px; outline: 0px; padding: 0px; vertical-align: baseline; color: rgb(85, 85, 85); font-variant-ligatures: normal; font-variant-caps: normal; letter-spacing: normal; orphans: 2; text-indent: 0px; text-transform: none; white-space: normal; widows: 2; word-spacing: 0px; -webkit-text-stroke-width: 0px; background-color: rgb(255, 255, 255); text-decoration-style: initial; text-decoration-color: initial; text-align: right;\">Przemy\u015bl, 27 kwietnia 2020 r.<\/p>\n<h3 style=\"zoom: 1; border: 0px; font-family: Lato !important; font-size: 1.35em; font-style: normal; font-weight: 400; margin: 0px 0px 0.5em; outline: 0px; padding: 0px; vertical-align: baseline; color: rgb(85, 85, 85); text-transform: none; line-height: 1.4; font-variant-ligatures: normal; font-variant-caps: normal; letter-spacing: normal; orphans: 2; text-align: start; text-indent: 0px; white-space: normal; widows: 2; word-spacing: 0px; -webkit-text-stroke-width: 0px; background-color: rgb(255, 255, 255); text-decoration-style: initial; text-decoration-color: initial;\">\u015aWI\u0118CENIA BISKUPIE<\/h3>\n<p style=\"zoom: 1; border: 0px; font-family: Arimo; font-size: 15px; font-style: normal; font-weight: 400; margin-top: 0px !important; margin-right: 0px; margin-bottom: 20px; margin-left: 0px; outline: 0px; padding: 0px; vertical-align: baseline; color: rgb(85, 85, 85); font-variant-ligatures: normal; font-variant-caps: normal; letter-spacing: normal; orphans: 2; text-align: start; text-indent: 0px; text-transform: none; white-space: normal; widows: 2; word-spacing: 0px; -webkit-text-stroke-width: 0px; background-color: rgb(255, 255, 255); text-decoration-style: initial; text-decoration-color: initial;\"><strong style=\"zoom: 1; border: 0px; font-family: inherit; font-size: 15px; font-style: inherit; font-weight: bolder; margin: 0px; outline: 0px; padding: 0px; vertical-align: baseline;\">1.<\/strong><span>&nbsp;<\/span>W&nbsp;Bazylice Archikatedralnej w&nbsp;Przemy\u015blu, w&nbsp;sobot\u0119,&nbsp;<strong style=\"zoom: 1; border: 0px; font-family: inherit; font-size: 15px; font-style: inherit; font-weight: bolder; margin: 0px; outline: 0px; padding: 0px; vertical-align: baseline;\">2 maja br<\/strong>., o&nbsp;godz.&nbsp;10.00 odb\u0119d\u0105 si\u0119 w&nbsp;<strong style=\"zoom: 1; border: 0px; font-family: inherit; font-size: 15px; font-style: inherit; font-weight: bolder; margin: 0px; outline: 0px; padding: 0px; vertical-align: baseline;\">\u015bwi\u0119cenia biskupie ks.&nbsp;pra\u0142. Krzysztofa Chudzio.<\/strong><span>&nbsp;<\/span>Prosz\u0119 o&nbsp;przekazanie tej&nbsp;informacji wiernym poprzez og\u0142oszenia parafialne, umieszczenie jej na&nbsp;stronie internetowej i&nbsp;w&nbsp;gablotach parafialnych.<span>&nbsp;<\/span><strong style=\"zoom: 1; border: 0px; font-family: inherit; font-size: 15px; font-style: inherit; font-weight: bolder; margin: 0px; outline: 0px; padding: 0px; vertical-align: baseline;\">Ze&nbsp;wzgl\u0119du na&nbsp;obowi\u0105zuj\u0105ce ograniczenia epidemiczne, w&nbsp;uroczysto\u015bci ucze&shy;stni&shy;czy\u0107 b\u0119d\u0105 wy\u0142\u0105cznie osoby zaproszone imiennie.<\/strong><span>&nbsp;<\/span>Pozosta\u0142ych kap\u0142an&oacute;w i&nbsp;wier&shy;nych prosimy o&nbsp;modlitewn\u0105 \u0142\u0105czno\u015b\u0107 za&nbsp;po\u015brednictwem Radia FARA oraz&nbsp;modlitw\u0119 w&nbsp;intencji Ksi\u0119dza Bisku&shy;pa Krzysztofa. W&nbsp;<em style=\"zoom: 1; border: 0px; font-family: inherit; font-size: 15px; font-style: italic; font-weight: inherit; margin: 0px; outline: 0px; padding: 0px; vertical-align: baseline; color: rgb(240, 80, 110);\">Modlitwie wiernych<\/em><span>&nbsp;<\/span>polecajmy pos\u0142ug\u0119 Biskupa nominata w&nbsp;naszej Archi&shy;diecezji.<\/p>\n<h3 style=\"zoom: 1; border: 0px; font-family: Lato !important; font-size: 1.35em; font-style: normal; font-weight: 400; margin: 0px 0px 0.5em; outline: 0px; padding: 0px; vertical-align: baseline; color: rgb(85, 85, 85); text-transform: none; line-height: 1.4; font-variant-ligatures: normal; font-variant-caps: normal; letter-spacing: normal; orphans: 2; text-align: start; text-indent: 0px; white-space: normal; widows: 2; word-spacing: 0px; -webkit-text-stroke-width: 0px; background-color: rgb(255, 255, 255); text-decoration-style: initial; text-decoration-color: initial;\">I&nbsp;KOMUNIA \u015aWI\u0118TA<\/h3>\n<p style=\"zoom: 1; border: 0px; font-family: Arimo; font-size: 15px; font-style: normal; font-weight: 400; margin-top: 0px !important; margin-right: 0px; margin-bottom: 20px; margin-left: 0px; outline: 0px; padding: 0px; vertical-align: baseline; color: rgb(85, 85, 85); font-variant-ligatures: normal; font-variant-caps: normal; letter-spacing: normal; orphans: 2; text-align: start; text-indent: 0px; text-transform: none; white-space: normal; widows: 2; word-spacing: 0px; -webkit-text-stroke-width: 0px; background-color: rgb(255, 255, 255); text-decoration-style: initial; text-decoration-color: initial;\"><strong style=\"zoom: 1; border: 0px; font-family: inherit; font-size: 15px; font-style: inherit; font-weight: bolder; margin: 0px; outline: 0px; padding: 0px; vertical-align: baseline;\">2.<\/strong><span>&nbsp;<\/span>W&nbsp;aktualnej sytuacji, Metropolita Przemyski postanowi\u0142 zmodyfikowa\u0107 wcze\u015bniejsz\u0105 de&shy;cyzj\u0119 dotycz\u0105c\u0105 organizacji I&nbsp;Komunii \u015bwi\u0119tej. Warto pami\u0119ta\u0107, \u017ce&nbsp;<strong style=\"zoom: 1; border: 0px; font-family: inherit; font-size: 15px; font-style: inherit; font-weight: bolder; margin: 0px; outline: 0px; padding: 0px; vertical-align: baseline;\">wsp&oacute;\u0142odpo&shy;wie&shy;dzial&shy;no\u015b\u0107 i&nbsp;wsp&oacute;\u0142&shy;organizacja I&nbsp;Komunii \u015bwi\u0119tej spoczywa tak\u017ce na&nbsp;rodzicach i&nbsp;podejmowanie decyzji jedynie przez&nbsp;katechet&oacute;w, wikariuszy czy&nbsp;ksi\u0119dza proboszcza jest wysoce nie&shy;roz&shy;tropne i&nbsp;niestosowne<\/strong>. W&nbsp;porozumieniu z&nbsp;rodzicami dzieci pierwszokomunijnych, pozosta&shy;wiaj\u0105c im ca\u0142kowit\u0105 swobod\u0119 i&nbsp;priorytet w&nbsp;podejmowaniu decyzji, mo\u017cna:<\/p>\n<ul style=\"zoom: 1; border: 0px; font-family: Arimo; font-size: 15px; font-style: normal; font-weight: 400; margin: 0px 0px 1.6em 1em; outline: 0px; padding: 0px 0px 0px 30px; vertical-align: baseline; list-style: disc; color: rgb(85, 85, 85); font-variant-ligatures: normal; font-variant-caps: normal; letter-spacing: normal; orphans: 2; text-align: start; text-indent: 0px; text-transform: none; white-space: normal; widows: 2; word-spacing: 0px; -webkit-text-stroke-width: 0px; background-color: rgb(255, 255, 255); text-decoration-style: initial; text-decoration-color: initial;\">\n<li style=\"zoom: 1; border: 0px; font-family: inherit; font-size: 15px; font-style: inherit; font-weight: inherit; margin: 0px; outline: 0px; padding: 0px; vertical-align: baseline;\">przenie\u015b\u0107 I&nbsp;Komuni\u0119 \u015bwi\u0119t\u0105 (dla wszystkich dzieci lub dla ich cz\u0119\u015bci) na&nbsp;p&oacute;\u017aniejszy, bardziej dogodny i&nbsp;bezpieczny czas;<\/li>\n<li style=\"zoom: 1; border: 0px; font-family: inherit; font-size: 15px; font-style: inherit; font-weight: inherit; margin: 0px; outline: 0px; padding: 0px; vertical-align: baseline;\">zachowa\u0107 wcze\u015bniej ustalony lub wyznaczy\u0107 nowy termin I&nbsp;Komunii \u015bwi\u0119tej dla tych dzieci, kt&oacute;rych&nbsp;rodzice wyra\u017anie wyra\u017c\u0105 tak\u0105 wol\u0119. W&nbsp;takim przypadku, uroczysto\u015b\u0107 mo\u017ce odby\u0107 si\u0119 z&nbsp;zachowaniem przepis&oacute;w dotycz\u0105cych zar&oacute;wno ilo\u015bci uczestnik&oacute;w pod&shy;czas liturgii w&nbsp;konkretnym ko\u015bciele, jak i&nbsp;zachowania \u015brodk&oacute;w bezpiecze\u0144stwa przed&nbsp;zara\u017ce&shy;niem (kap\u0142ani proszeni s\u0105 o&nbsp;dezynfekcj\u0119 r\u0105k przed&nbsp;udzieleniem Komunii \u015bwi\u0119tej). W&nbsp;przy&shy;padku wi\u0119kszej ilo\u015bci uczestnik&oacute;w I&nbsp;Komunii \u015bwi\u0119tej mo\u017cna j\u0105 zapla&shy;nowa\u0107 w&nbsp;odpowiednich grupach na&nbsp;kilku Mszach \u015bwi\u0119tych, zar&oacute;wno w&nbsp;niedziel\u0119, jak i&nbsp;w&nbsp;dni powszednie np.&nbsp;w&nbsp;oktawie Bo\u017cego Cia\u0142a. Przyjmuj\u0105c takie rozwi\u0105zanie, nale\u017cy przy&shy;pom&shy;nie\u0107 rodzicom dzieci pierwszokomunijnych o&nbsp;obowi\u0105zuj\u0105cych przepisach dot. zakazu zgromadze\u0144, co mo\u017ce wi\u0105za\u0107 si\u0119 z&nbsp;dodatkow\u0105 trudno\u015bci\u0105 w&nbsp;organizacji uroczysto\u015bci po&nbsp;zako\u0144czeniu obrz\u0119d&oacute;w religijnych. Odpowiedzialno\u015b\u0107 za&nbsp;t\u0119 cz\u0119\u015b\u0107 uroczysto\u015bci spoczywa na&nbsp;rodzicach.<\/li>\n<\/ul>\n<p style=\"zoom: 1; border: 0px; font-family: Arimo; font-size: 15px; font-style: normal; font-weight: 400; margin-top: 0px !important; margin-right: 0px; margin-bottom: 20px; margin-left: 0px; outline: 0px; padding: 0px; vertical-align: baseline; color: rgb(85, 85, 85); font-variant-ligatures: normal; font-variant-caps: normal; letter-spacing: normal; orphans: 2; text-align: start; text-indent: 0px; text-transform: none; white-space: normal; widows: 2; word-spacing: 0px; -webkit-text-stroke-width: 0px; background-color: rgb(255, 255, 255); text-decoration-style: initial; text-decoration-color: initial;\">Rodzic&oacute;w dzieci pierwszokomunijnych prosimy, by&nbsp;w&nbsp;powy\u017cszej sprawie kontaktowali si\u0119 ze&nbsp;swoimi ksi\u0119\u017cmi proboszczami.<\/p>\n<h3 style=\"zoom: 1; border: 0px; font-family: Lato !important; font-size: 1.35em; font-style: normal; font-weight: 400; margin: 0px 0px 0.5em; outline: 0px; padding: 0px; vertical-align: baseline; color: rgb(85, 85, 85); text-transform: none; line-height: 1.4; font-variant-ligatures: normal; font-variant-caps: normal; letter-spacing: normal; orphans: 2; text-align: start; text-indent: 0px; white-space: normal; widows: 2; word-spacing: 0px; -webkit-text-stroke-width: 0px; background-color: rgb(255, 255, 255); text-decoration-style: initial; text-decoration-color: initial;\">EUCHARYSTIA<\/h3>\n<p style=\"zoom: 1; border: 0px; font-family: Arimo; font-size: 15px; font-style: normal; font-weight: 400; margin-top: 0px !important; margin-right: 0px; margin-bottom: 20px; margin-left: 0px; outline: 0px; padding: 0px; vertical-align: baseline; color: rgb(85, 85, 85); font-variant-ligatures: normal; font-variant-caps: normal; letter-spacing: normal; orphans: 2; text-align: start; text-indent: 0px; text-transform: none; white-space: normal; widows: 2; word-spacing: 0px; -webkit-text-stroke-width: 0px; background-color: rgb(255, 255, 255); text-decoration-style: initial; text-decoration-color: initial;\"><strong style=\"zoom: 1; border: 0px; font-family: inherit; font-size: 15px; font-style: inherit; font-weight: bolder; margin: 0px; outline: 0px; padding: 0px; vertical-align: baseline;\">3.<\/strong><span>&nbsp;<\/span>Pami\u0119tajmy, \u017ce&nbsp;<strong style=\"zoom: 1; border: 0px; font-family: inherit; font-size: 15px; font-style: inherit; font-weight: bolder; margin: 0px; outline: 0px; padding: 0px; vertical-align: baseline;\">obecny rok duszpasterski po\u015bwi\u0119cony jest tajemnicy Eucharystii<\/strong>. Ze&nbsp;wzgl\u0119du na&nbsp;panuj\u0105c\u0105 pandemi\u0119 i&nbsp;ograniczon\u0105 (cho\u0107 ju\u017c zwi\u0119kszon\u0105) mo\u017cliwo\u015b\u0107 uczestnictwa wiernych w&nbsp;Mszach \u015bwi\u0119tych (wci\u0105\u017c obowi\u0105zuje dyspensa od&nbsp;uczestnictwa w&nbsp;niedzielnej Eucha&shy;rystii), zach\u0119ca si\u0119 wiernych, aby piel\u0119gno&shy;wali osobist\u0105 po&shy;bo&shy;\u017cno\u015b\u0107 eucharystyczn\u0105 i&nbsp;uczestniczyli we&nbsp;Mszy \u015bwi\u0119tej zar&oacute;wno w&nbsp;niedziel\u0119, jaki i&nbsp;dni powszednie, z&nbsp;zachowaniem obowi\u0105zuj\u0105cych przepis&oacute;w. Informacji o&nbsp;dopuszczalnej ilo\u015bci wiernych na&nbsp;jednej celebrze nale\u017cy zasi\u0119gn\u0105\u0107 w&nbsp;swojej parafii. Staraj\u0105c si\u0119 zaspokaja\u0107 t\u0119sknot\u0119 za&nbsp;spotkaniem si\u0119 przy Chrystusowym o\u0142tarzu, troszczmy si\u0119 o&nbsp;pe\u0142ne skorzystanie z&nbsp;mo\u017cliwo\u015bci osobistego udzia\u0142u w&nbsp;Mszy \u015awi\u0119tej. Jednocze\u015bnie zach\u0119camy do&nbsp;skorzystania ze&nbsp;spowiedzi i&nbsp;Komunii \u015bwi\u0119tej, do&nbsp;czego zobowi\u0105zany jest w&nbsp;okresie wielkanocnym ka\u017cdy katolik (Przykazania ko\u015bcielne:<em style=\"zoom: 1; border: 0px; font-family: inherit; font-size: 15px; font-style: italic; font-weight: inherit; margin: 0px; outline: 0px; padding: 0px; vertical-align: baseline; color: rgb(240, 80, 110);\"><span>&nbsp;<\/span>2. Przynajmniej raz w&nbsp;roku przyst\u0105pi\u0107 do&nbsp;sakramentu pokuty. 3. Przynajmniej raz w&nbsp;roku, w&nbsp;okresie wielkanocnym przyj\u0105\u0107 Komuni\u0119 \u015awi\u0119t\u0105<\/em>).<\/p>\n<p style=\"zoom: 1; border: 0px; font-family: Arimo; font-size: 15px; font-style: normal; font-weight: 400; margin-top: 0px !important; margin-right: 0px; margin-bottom: 20px; margin-left: 0px; outline: 0px; padding: 0px; vertical-align: baseline; color: rgb(85, 85, 85); font-variant-ligatures: normal; font-variant-caps: normal; letter-spacing: normal; orphans: 2; text-align: start; text-indent: 0px; text-transform: none; white-space: normal; widows: 2; word-spacing: 0px; -webkit-text-stroke-width: 0px; background-color: rgb(255, 255, 255); text-decoration-style: initial; text-decoration-color: initial;\"><strong style=\"zoom: 1; border: 0px; font-family: inherit; font-size: 15px; font-style: inherit; font-weight: bolder; margin: 0px; outline: 0px; padding: 0px; vertical-align: baseline;\">4.<\/strong><span>&nbsp;<\/span>Ponadto informujemy, \u017ce:<\/p>\n<ul style=\"zoom: 1; border: 0px; font-family: Arimo; font-size: 15px; font-style: normal; font-weight: 400; margin: 0px 0px 1.6em 1em; outline: 0px; padding: 0px 0px 0px 30px; vertical-align: baseline; list-style: disc; color: rgb(85, 85, 85); font-variant-ligatures: normal; font-variant-caps: normal; letter-spacing: normal; orphans: 2; text-align: start; text-indent: 0px; text-transform: none; white-space: normal; widows: 2; word-spacing: 0px; -webkit-text-stroke-width: 0px; background-color: rgb(255, 255, 255); text-decoration-style: initial; text-decoration-color: initial;\">\n<li style=\"zoom: 1; border: 0px; font-family: inherit; font-size: 15px; font-style: inherit; font-weight: inherit; margin: 0px; outline: 0px; padding: 0px; vertical-align: baseline;\">Mo\u017cliwa jest modlitwa indywidualna w&nbsp;ko\u015bcio\u0142ach w&nbsp;ci\u0105gu dnia (nie&nbsp;zamyka si\u0119 ko\u015bcio&shy;\u0142&oacute;w dla wiernych).<\/li>\n<li style=\"zoom: 1; border: 0px; font-family: inherit; font-size: 15px; font-style: inherit; font-weight: inherit; margin: 0px; outline: 0px; padding: 0px; vertical-align: baseline;\">W&nbsp;wyznaczonych godzinach duszpasterze zapewniaj\u0105 mo\u017cliwo\u015b\u0107 przyj\u0119cia Komunii \u015bwi\u0119tej w&nbsp;ko\u015bcio\u0142ach para&shy;fialnych, rektoralnych i&nbsp;dojazdowych.<\/li>\n<li style=\"zoom: 1; border: 0px; font-family: inherit; font-size: 15px; font-style: inherit; font-weight: inherit; margin: 0px; outline: 0px; padding: 0px; vertical-align: baseline;\">Wierni, kt&oacute;rzy&nbsp;z&nbsp;r&oacute;\u017cnych racji nie&nbsp;przyjm\u0105 Komunii podczas Eucharystii czy&nbsp;poza ni\u0105, mog\u0105 przyjmowa\u0107 Komuni\u0119 \u015bwi\u0119t\u0105 duchow\u0105.<\/li>\n<li style=\"zoom: 1; border: 0px; font-family: inherit; font-size: 15px; font-style: inherit; font-weight: inherit; margin: 0px; outline: 0px; padding: 0px; vertical-align: baseline;\">&bdquo;Ka\u017cdy wierny zawsze ma prawo wed\u0142ug swego uznania przyj\u0105\u0107 Komuni\u0119 \u015bwi\u0119t\u0105 do&nbsp;ust&rdquo; (<em style=\"zoom: 1; border: 0px; font-family: inherit; font-size: 15px; font-style: italic; font-weight: inherit; margin: 0px; outline: 0px; padding: 0px; vertical-align: baseline; color: rgb(240, 80, 110);\">Kongregacja ds.&nbsp;Kultu Bo\u017cego i&nbsp;Dyscypliny Sakrament&oacute;w, &bdquo;Redemptionis Sacramen&shy;tum&rdquo;, Instrukcja o&nbsp;tym, co nale\u017cy zachowywa\u0107, a&nbsp;czego unika\u0107 w&nbsp;zwi\u0105zku z&nbsp;Naj\u015bwi\u0119tsz\u0105 Eucharysti\u0105, 25.03.2004, nr&nbsp;92<\/em>). W&nbsp;zwi\u0105zku z&nbsp;tym, nikomu nie&nbsp;mo\u017cna nakazywa\u0107 przyj\u0119cia Komunii \u015bwi\u0119tej na&nbsp;r\u0119k\u0119, ale&nbsp;&ndash; zgodnie z&nbsp;zarz\u0105dzeniem Rady Sta\u0142ej KEP z&nbsp;dnia 12.03.2020 r. &ndash; mo\u017cna tylko&nbsp;do&nbsp;tego zach\u0119ca\u0107, troszcz\u0105c si\u0119 jedno&shy;cze\u015bnie o&nbsp;to, by&nbsp;nie&nbsp;naruszy\u0107 wra\u017cliwo\u015bci os&oacute;b, kt&oacute;re nie&nbsp;chc\u0105 jej przyjmowa\u0107 w&nbsp;tej&nbsp;spos&oacute;b. Je\u015bli cz\u0119\u015b\u0107 wiernych przyjmuje Komuni\u0119 \u015bwi\u0119t\u0105 na&nbsp;r\u0119k\u0119, a&nbsp;cz\u0119\u015b\u0107 do&nbsp;ust, jest wskazane, aby obu grupom udzielali jej r&oacute;\u017cni szafarze lub te\u017c, by&nbsp;osoby przyjmuj\u0105ce Komuni\u0119 do&nbsp;ust przyjmowa\u0142y j\u0105 po&nbsp;osobach przyjmuj\u0105cych Komuni\u0119 na&nbsp;r\u0119k\u0119. Wiernych przyjmuj\u0105cych Komuni\u0119 \u015bwi\u0119t\u0105 na&nbsp;r\u0119k\u0119 zach\u0119ca si\u0119, by&nbsp;uprzednio, w&nbsp;miar\u0119 mo\u017cliwo\u015bci, zdezynfekowali sobie d\u0142onie. (<em style=\"zoom: 1; border: 0px; font-family: inherit; font-size: 15px; font-style: italic; font-weight: inherit; margin: 0px; outline: 0px; padding: 0px; vertical-align: baseline; color: rgb(240, 80, 110);\">Wskazania Prezydium Konferencji Episkopatu Polski dla Biskup&oacute;w odno\u015bnie do&nbsp;sprawowania czynno\u015bci liturgicznych w&nbsp;najbli\u017cszych tygodniach z&nbsp;dnia 21 marca 2020 r.<\/em>).<\/li>\n<li style=\"zoom: 1; border: 0px; font-family: inherit; font-size: 15px; font-style: inherit; font-weight: inherit; margin: 0px; outline: 0px; padding: 0px; vertical-align: baseline;\">Msze \u015bwi\u0119te pogrzebowe mo\u017cna sprawowa\u0107 tak, jak przez&nbsp;okresem pandemii, z&nbsp;tym, \u017ce&nbsp;ilo\u015b\u0107 uczestnik&oacute;w w&nbsp;ko\u015bciele okre\u015bla si\u0119 proporcjonalnie do&nbsp;powierzchni ko\u015bcio\u0142a (1 osoba na&nbsp;15 m<sup style=\"zoom: 1; border: 0px; font-family: inherit; font-size: 11.25px; font-style: inherit; font-weight: inherit; margin: 0px; outline: 0px; padding: 0px; vertical-align: baseline; height: 0px; line-height: 0; position: relative; bottom: 1ex; top: -0.5em;\">2<\/sup>), natomiast na&nbsp;cmentarzu, mo\u017ce przebywa\u0107 nie&nbsp;wi\u0119cej ni\u017c 50 uczestnik&oacute;w, opr&oacute;cz os&oacute;b sprawuj\u0105cych kult religijny, os&oacute;b dokonuj\u0105cych pochowania lub os&oacute;b zatrudnionych przez&nbsp;zak\u0142ad lub dom pogrzebowy. Przej\u015bcie z&nbsp;ko\u015bcio\u0142a na&nbsp;cmentarz nale\u017cy odbywa\u0107 indywidualnie.<\/li>\n<\/ul>\n<h3 style=\"zoom: 1; border: 0px; font-family: Lato !important; font-size: 1.35em; font-style: normal; font-weight: 400; margin: 0px 0px 0.5em; outline: 0px; padding: 0px; vertical-align: baseline; color: rgb(85, 85, 85); text-transform: none; line-height: 1.4; font-variant-ligatures: normal; font-variant-caps: normal; letter-spacing: normal; orphans: 2; text-align: start; text-indent: 0px; white-space: normal; widows: 2; word-spacing: 0px; -webkit-text-stroke-width: 0px; background-color: rgb(255, 255, 255); text-decoration-style: initial; text-decoration-color: initial;\">INNE OG\u0141OSZENIA<\/h3>\n<p style=\"zoom: 1; border: 0px; font-family: Arimo; font-size: 15px; font-style: normal; font-weight: 400; margin-top: 0px !important; margin-right: 0px; margin-bottom: 20px; margin-left: 0px; outline: 0px; padding: 0px; vertical-align: baseline; color: rgb(85, 85, 85); font-variant-ligatures: normal; font-variant-caps: normal; letter-spacing: normal; orphans: 2; text-align: start; text-indent: 0px; text-transform: none; white-space: normal; widows: 2; word-spacing: 0px; -webkit-text-stroke-width: 0px; background-color: rgb(255, 255, 255); text-decoration-style: initial; text-decoration-color: initial;\"><strong style=\"zoom: 1; border: 0px; font-family: inherit; font-size: 15px; font-style: inherit; font-weight: bolder; margin: 0px; outline: 0px; padding: 0px; vertical-align: baseline;\">5.<\/strong><span>&nbsp;<\/span>Zaplanowane przed&nbsp;wakacjami<span>&nbsp;<\/span><strong style=\"zoom: 1; border: 0px; font-family: inherit; font-size: 15px; font-style: inherit; font-weight: bolder; margin: 0px; outline: 0px; padding: 0px; vertical-align: baseline;\">bierzmowania<\/strong><span>&nbsp;<\/span>zostaj\u0105 prze&shy;niesio&shy;ne zasadniczo na&nbsp;okres powakacyjny, a&nbsp;ich terminy zostan\u0105 ustalone w&nbsp;p&oacute;\u017aniejszym czasie.<\/p>\n<p style=\"zoom: 1; border: 0px; font-family: Arimo; font-size: 15px; font-style: normal; font-weight: 400; margin-top: 0px !important; margin-right: 0px; margin-bottom: 20px; margin-left: 0px; outline: 0px; padding: 0px; vertical-align: baseline; color: rgb(85, 85, 85); font-variant-ligatures: normal; font-variant-caps: normal; letter-spacing: normal; orphans: 2; text-indent: 0px; text-transform: none; white-space: normal; widows: 2; word-spacing: 0px; -webkit-text-stroke-width: 0px; background-color: rgb(255, 255, 255); text-decoration-style: initial; text-decoration-color: initial; text-align: right;\">ks.&nbsp;Bartosz Rajnowski<br style=\"zoom: 1;\" \/><br \/>\n\tKanclerz Kurii Metropolitalnej w&nbsp;Przemy\u015blu<\/p>\n","protected":false},"excerpt":{"rendered":"<p>Komunikaty Kurii Metropolitalnej w&nbsp;Przemy\u015blu Przemy\u015bl, 27 kwietnia 2020 r. \u015aWI\u0118CENIA BISKUPIE 1.&nbsp;W&nbsp;Bazylice Archikatedralnej w&nbsp;Przemy\u015blu, w&nbsp;sobot\u0119,&nbsp;2 maja br., o&nbsp;godz.&nbsp;10.00 odb\u0119d\u0105 si\u0119 w&nbsp;\u015bwi\u0119cenia biskupie ks.&nbsp;pra\u0142. Krzysztofa Chudzio.&nbsp;Prosz\u0119 o&nbsp;przekazanie tej&nbsp;informacji wiernym poprzez og\u0142oszenia &hellip; <a href=\"https:\/\/budy.przemyska.pl\/index.php\/2020\/04\/27\/komunikaty-kurii-metropolitalnej\/\" class=\"more-link\">Czytaj dalej <span class=\"screen-reader-text\">Komunikaty Kurii Metropolitalnej<\/span> <span class=\"meta-nav\">&rarr;<\/span><\/a><\/p>\n","protected":false},"author":1,"featured_media":0,"comment_status":"closed","ping_status":"closed","sticky":false,"template":"","format":"standard","meta":{"footnotes":""},"categories":[6],"tags":[],"class_list":["post-3060","post","type-post","status-publish","format-standard","hentry","category-aktualnosci"],"_links":{"self":[{"href":"https:\/\/budy.przemyska.pl\/index.php\/wp-json\/wp\/v2\/posts\/3060","targetHints":{"allow":["GET"]}}],"collection":[{"href":"https:\/\/budy.przemyska.pl\/index.php\/wp-json\/wp\/v2\/posts"}],"about":[{"href":"https:\/\/budy.przemyska.pl\/index.php\/wp-json\/wp\/v2\/types\/post"}],"author":[{"embeddable":true,"href":"https:\/\/budy.przemyska.pl\/index.php\/wp-json\/wp\/v2\/users\/1"}],"replies":[{"embeddable":true,"href":"https:\/\/budy.przemyska.pl\/index.php\/wp-json\/wp\/v2\/comments?post=3060"}],"version-history":[{"count":0,"href":"https:\/\/budy.przemyska.pl\/index.php\/wp-json\/wp\/v2\/posts\/3060\/revisions"}],"wp:attachment":[{"href":"https:\/\/budy.przemyska.pl\/index.php\/wp-json\/wp\/v2\/media?parent=3060"}],"wp:term":[{"taxonomy":"category","embeddable":true,"href":"https:\/\/budy.przemyska.pl\/index.php\/wp-json\/wp\/v2\/categories?post=3060"},{"taxonomy":"post_tag","embeddable":true,"href":"https:\/\/budy.przemyska.pl\/index.php\/wp-json\/wp\/v2\/tags?post=3060"}],"curies":[{"name":"wp","href":"https:\/\/api.w.org\/{rel}","templated":true}]}}