{"id":3058,"date":"2020-04-25T21:56:20","date_gmt":"2020-04-25T19:56:20","guid":{"rendered":"http:\/\/www.budylancuckie.przemyska.pl\/?p=3058"},"modified":"2020-04-25T21:56:20","modified_gmt":"2020-04-25T19:56:20","slug":"ogloszenia-parafialne-26-04-2020","status":"publish","type":"post","link":"https:\/\/budy.przemyska.pl\/index.php\/2020\/04\/25\/ogloszenia-parafialne-26-04-2020\/","title":{"rendered":"Og\u0142oszenia parafialne 26-04-2020"},"content":{"rendered":"<h2 style=\"text-align: center;\"><strong><span style=\"color: rgb(0, 0, 128);\">III Niedziela &#8211; 26-04-2020<\/span><\/strong><\/h2>\n<h2 style=\"text-align: center;\"><strong><span style=\"color: rgb(0, 0, 128);\">Og\u0142oszenia<br \/>\n\t<\/span><\/strong><\/h2>\n<ol>\n<li>Dzi\u015b Msze \u015bw. o godz. 6.30, 8.00, 10.30; o godz. 15.00 &ndash; Litania do \u015bw. J&oacute;zefa, a potem Msza \u015bw.<\/li>\n<li>W dzisiejsz\u0105 Niedziel\u0119 rozpoczyna si\u0119 w Ko\u015bciele tzw. Tydzie\u0144 Biblijny.<\/li>\n<li>W \u015brod\u0119 wypada \u015awi\u0119to \u015bw. Katarzyny ze Sieny &ndash; patronki Europy, w czwartek za\u015b adoracja Naj\u015bwi\u0119tszego Sakramentu o godz. 17.00. <\/li>\n<li>W tym tygodniu wypada I pi\u0105tek i I sobota miesi\u0105ca. W I pi\u0105tek, Msza \u015bw. rano o godz. 6.45, za\u015b po po\u0142udniu o godz.18.00. Ze wzgl\u0119du na stan epidemii nie b\u0119dzie odwiedzin chorych. Mo\u017cliwo\u015b\u0107 spowiedzi \u015bw. codziennie przed ka\u017cd\u0105 Msz\u0105 \u015bw. W tym dniu r&oacute;wnie\u017c rozpoczynamy Nabo\u017ce\u0144stwa majowe.<\/li>\n<li>W I sobot\u0119 (02.05.) wypada Uroczysto\u015b\u0107 NMP Kr&oacute;lowej Polski, przeniesiona z 3 maja. Msze \u015bw. wed\u0142ug porz\u0105dku z niedzieli. O godz.15.00 Msza \u015bw., po niej Modlitwa r&oacute;\u017ca\u0144cowa i Nabo\u017ce\u0144stwo majowe, procesja z figurk\u0105 Matki Bo\u017cej Fatimskiej wewn\u0105trz ko\u015bcio\u0142a i zmiana tajemnic r&oacute;\u017ca\u0144cowych.<\/li>\n<li>Od poniedzia\u0142ku (20.04.) nowe zasady uczestnictwa we Mszy \u015bw. i innych wydarzeniach liturgicznych w ko\u015bcio\u0142ach. Bior\u0105c pod uwag\u0119 powierzchni\u0119 naszego ko\u015bcio\u0142a, w liturgii mo\u017ce uczestniczy\u0107 28 os&oacute;b. B\u0119d\u0105c w \u015bwi\u0105tyni zachowajmy r&oacute;wnie\u017c w\u0142a\u015bciw\u0105 przestrze\u0144 miedzy sob\u0105!<\/li>\n<li>Nasza parafialna Pielgrzymka do W\u0142och na prze\u0142omie czerwca i lipca ze wzgl\u0119du na panuj\u0105c\u0105 epidemi\u0119 zosta\u0142a odwo\u0142ana. Uwzgl\u0119dniaj\u0105c wszystkie procedury, na pocz\u0105tku lipca, otrzymamy r&oacute;wnie\u017c zwrot za\u0142o\u017conej przedp\u0142aty. <\/li>\n<li>Koniecznym okaza\u0142 si\u0119 generalny remont naszego kontenera na cmentarzu, dlatego prosimy , aby te elementy szklane i plastikowe &ndash; jeszcze przez pewien czas &ndash; sk\u0142adowa\u0107 obok miejsca, na kt&oacute;rym ten kontener zwykle stoi.<\/li>\n<li>Serdeczne B&oacute;g zap\u0142a\u0107 dla os&oacute;b sprz\u0105taj\u0105cych i stroj\u0105cych ko\u015bci&oacute;\u0142 oraz za wszystkie ofiary sk\u0142adane na potrzeby parafii..<\/li>\n<\/ol>\n<h3 style=\"text-align: center;\"><strong><span style=\"color: rgb(0, 0, 128);\">Intencje mszalne<\/span><\/strong><\/h3>\n<h4 style=\"text-align: center;\"><strong><span style=\"color: rgb(0, 0, 128);\">od 27 kwietnia 2020 do 3 maja 2020<\/span><\/strong><\/h4>\n<h4><strong><br \/>\n\tGdyby zbyt d\u0142ugi czas nie by\u0142a og\u0142oszona zam&oacute;wiona intencja mszalna &ndash; prosimy o zg\u0142oszenie tego kap\u0142anowi.&nbsp; Zam&oacute;wiona intencja nie mo\u017ce zgin\u0105\u0107.<br \/>\n\t<\/strong><\/h4>\n<p><u><strong>Poniedzia\u0142ek &#8211; 27 kwiecie\u0144<\/strong><\/u><br \/>\n\t1. ++ Bester, Krupa, Wajda, Zofia Rupar, Anna Marek;<br \/>\n\t2. ++ Agata, Jan Ciupi\u0144scy; Jan Skiba, W\u0142adys\u0142aw D\u0105bek;<br \/>\n\t3. + Maria Czyrek &#8211; od rodziny Kokoszka z Kisielowa;<\/p>\n<p><u><strong>Wtorek &#8211; 28 kwiecie\u0144<br \/>\n\t<\/strong><\/u>1. + Stanis\u0142aw Por\u0119bny &#8211; od rodziny Mach-Mac;<br \/>\n\t2. ++ Helena i Franciszek Janusz; <br \/>\n\t3. + Jan Janusz;<\/p>\n<p><u><strong>\u015aroda &#8211; 29 kwiecie\u0144<\/strong><\/u><br \/>\n\t1. + Zbigniew Szular; <br \/>\n\t2. + Ryszard Markowicz &#8211; od rodziny Majkut;<br \/>\n\t3. + Boles\u0142aw Rupar &#8211; od rodziny Por\u0119bny &#8211; Kie\u0142b;<\/p>\n<p><u><strong>Czwartek &#8211; 30 kwiecie\u0144<\/strong><\/u><br \/>\n\t1. + Janina Wojnarska; <br \/>\n\t2.+ Stanis\u0142aw Kochman- od r. Szczupak; <br \/>\n\t3. + Maria Pelc &#8211; od wnuczki Doroty;<\/p>\n<p>\t<u><strong>Pi\u0105tek &#8211; 1 maj<\/strong><\/u><br \/>\n\t1.+ Stanis\u0142aw Baran -(greg. pocz.); <br \/>\n\t2.+ Agata i W\u0142adys\u0142aw Bartnik;<br \/>\n\t3. + Renata Nowak &#8211; od Krystyny z rodzin\u0105;<\/p>\n<p><u><strong>Sobota &#8211; 2 maj<\/strong><\/u><br \/>\n\t6.30 + Stanis\u0142aw Baran (greg.); <br \/>\n\t8.00 + Teresa W\u0119grzyn &#8211; od Wies\u0142awa Lasek z rodzin\u0105; <br \/>\n\t10.30 + Stefan Socha od rodziny Blok&oacute;w;<br \/>\n\t15.00 +Stanis\u0142aw Kochman &ndash; intencja od Sylwii i Karola<\/p>\n<p><u><strong>Niedziela &#8211; 3 maj<\/strong><\/u><br \/>\n\t6.30 + Zofia Kr&oacute;l &#8211; od siostrze\u0144ca Janusza z rodzin\u0105;<br \/>\n\t8.00 + Boles\u0142aw Rupar &#8211; od Mamy; <br \/>\n\t10.30 W intencji Parafian; <br \/>\n\t15.00 + Stanis\u0142aw Baran (greg.)<br \/>\n\t&nbsp;<\/p>\n<h3 style=\"text-align: center;\"><strong><strong><span style=\"color: rgb(0, 0, 128);\">Modlitw\u0119 r&oacute;\u017ca\u0144cow\u0105 prowadz\u0105<br \/>\n\t<\/span><\/strong><\/strong><\/h3>\n<p>27. P. R.\u015aw.Jadwigi \u015al\u0105skiej &#8211; (Maria Bester)<br \/>\n\t28. W. R.\u015aw. Katarzyny &#8211; (Anna Kurek) <br \/>\n\t29. \u015a. R. \u015aw. Kingi &#8211; (Maria Golak) <br \/>\n\t30. C. R. \u015aw. Klary &#8211; (Teresa G\u0142owiak)<br \/>\n\t01. P. KSM; <br \/>\n\t02. S. Kap\u0142an <br \/>\n\t03. N. R. \u015aw. Marii Magdaleny &#8211; (Maria Baran)<\/p>\n","protected":false},"excerpt":{"rendered":"<p>III Niedziela &#8211; 26-04-2020 Og\u0142oszenia Dzi\u015b Msze \u015bw. o godz. 6.30, 8.00, 10.30; o godz. 15.00 &ndash; Litania do \u015bw. J&oacute;zefa, a potem Msza \u015bw. W dzisiejsz\u0105 Niedziel\u0119 rozpoczyna si\u0119 &hellip; <a href=\"https:\/\/budy.przemyska.pl\/index.php\/2020\/04\/25\/ogloszenia-parafialne-26-04-2020\/\" class=\"more-link\">Czytaj dalej <span class=\"screen-reader-text\">Og\u0142oszenia parafialne 26-04-2020<\/span> <span class=\"meta-nav\">&rarr;<\/span><\/a><\/p>\n","protected":false},"author":1,"featured_media":0,"comment_status":"closed","ping_status":"closed","sticky":false,"template":"","format":"standard","meta":{"footnotes":""},"categories":[6,4],"tags":[],"class_list":["post-3058","post","type-post","status-publish","format-standard","hentry","category-aktualnosci","category-ogloszenia"],"_links":{"self":[{"href":"https:\/\/budy.przemyska.pl\/index.php\/wp-json\/wp\/v2\/posts\/3058","targetHints":{"allow":["GET"]}}],"collection":[{"href":"https:\/\/budy.przemyska.pl\/index.php\/wp-json\/wp\/v2\/posts"}],"about":[{"href":"https:\/\/budy.przemyska.pl\/index.php\/wp-json\/wp\/v2\/types\/post"}],"author":[{"embeddable":true,"href":"https:\/\/budy.przemyska.pl\/index.php\/wp-json\/wp\/v2\/users\/1"}],"replies":[{"embeddable":true,"href":"https:\/\/budy.przemyska.pl\/index.php\/wp-json\/wp\/v2\/comments?post=3058"}],"version-history":[{"count":0,"href":"https:\/\/budy.przemyska.pl\/index.php\/wp-json\/wp\/v2\/posts\/3058\/revisions"}],"wp:attachment":[{"href":"https:\/\/budy.przemyska.pl\/index.php\/wp-json\/wp\/v2\/media?parent=3058"}],"wp:term":[{"taxonomy":"category","embeddable":true,"href":"https:\/\/budy.przemyska.pl\/index.php\/wp-json\/wp\/v2\/categories?post=3058"},{"taxonomy":"post_tag","embeddable":true,"href":"https:\/\/budy.przemyska.pl\/index.php\/wp-json\/wp\/v2\/tags?post=3058"}],"curies":[{"name":"wp","href":"https:\/\/api.w.org\/{rel}","templated":true}]}}