{"id":3054,"date":"2020-04-19T19:57:26","date_gmt":"2020-04-19T17:57:26","guid":{"rendered":"http:\/\/www.budylancuckie.przemyska.pl\/?p=3054"},"modified":"2020-04-19T19:57:26","modified_gmt":"2020-04-19T17:57:26","slug":"slowo-metropolity-przemyskiego-do-wiernych-i-kaplanow","status":"publish","type":"post","link":"https:\/\/budy.przemyska.pl\/index.php\/2020\/04\/19\/slowo-metropolity-przemyskiego-do-wiernych-i-kaplanow\/","title":{"rendered":"S\u0142owo Metropolity Przemyskiego do wiernych i kap\u0142an\u00f3w"},"content":{"rendered":"<h3 style=\"text-align: center;\">S\u0141OWO METROPOLITY PRZEMYSKIEGO<em><br \/>\n\t<\/em>do&nbsp;wiernych i&nbsp;kap\u0142an&oacute;w Archidiecezji Przemyskiej<br \/>\n\tw zwi\u0105zku z&nbsp;nowymi przepisami dotycz\u0105cymi pandemii<\/h3>\n<p style=\"text-align: right;\">Przemy\u015bl, 19 kwietnia 2020 r.<\/p>\n<p>Drodzy Diecezjanie!<br \/>\n\tCzcigodni Ksi\u0119\u017ca, Ojcowie i&nbsp;Siostry zakonne!<\/p>\n<p>Prze\u017cyli\u015bmy \u015awi\u0119ta Zmartwychwstania Pa\u0144skiego w&nbsp;nieco inny spos&oacute;b ni\u017c dotychczas. W&nbsp;ostatnich dniach, w&nbsp;naszych sercach by\u0142o wiele t\u0119sknoty za&nbsp;wsp&oacute;lnym \u015bwi\u0119towaniem w&nbsp;naszych parafiach, w&nbsp;gronie rodziny, znajomych czy&nbsp;przyjaci&oacute;\u0142. Dzi\u0119kuj\u0119 Wam za&nbsp;podj\u0119cie wsp&oacute;lnej modlitwy w&nbsp;rodzinach, za&nbsp;uczestnictwo w&nbsp;Eucharystii za&nbsp;po\u015brednictwem medi&oacute;w oraz&nbsp;za&nbsp;praktyk\u0119 Komunii \u015bw.&nbsp;duchowej. Wierz\u0119, \u017ce&nbsp;ta forma uczestnictwa w&nbsp;\u017cyciu \u017cywego Ko\u015bcio\u0142a pozwoli wszystkim na&nbsp;nowo odkry\u0107 bogactwo dar&oacute;w, jakie czekaj\u0105 na&nbsp;nas w&nbsp;Ko\u015bciele, a&nbsp;kt&oacute;rymi s\u0105 m.in.&nbsp;sakramentalna spowied\u017a i&nbsp;Komunia \u015bw.&nbsp;oraz&nbsp;wsp&oacute;lnota wiernych.<\/p>\n<p>Ufaj\u0105c w&nbsp;Bo\u017c\u0105 Opatrzno\u015b\u0107, nadal usilnie modlimy si\u0119 o&nbsp;ustanie pandemii i&nbsp;wype\u0142nienie si\u0119 woli Bo\u017cej.<\/p>\n<p>Z&nbsp;uwagi na&nbsp;zmieniaj\u0105ce si\u0119 od&nbsp;20 kwietnia br.&nbsp;przepisy, nasza nadzieja na&nbsp;spotkanie z&nbsp;Jezusem podczas Eucharystii celebrowanej w&nbsp;naszych \u015bwi\u0105tyniach czy&nbsp;te\u017c pragnienie przyst\u0105pienia do&nbsp;spowiedzi i&nbsp;Komunii \u015awi\u0119tej, mog\u0105 przynajmniej cz\u0119\u015bciowo zosta\u0107 spe\u0142nione. Wprowadzone przepisy b\u0119d\u0105 mia\u0142y wp\u0142yw na&nbsp;duszpasterskie funkcjonowanie naszych \u015bwi\u0105ty\u0144, dlatego bardzo prosz\u0119 o&nbsp;zapoznanie si\u0119 z&nbsp;nimi i&nbsp;zastosowanie ich w&nbsp;naszych wsp&oacute;lnotach parafialnych.<\/p>\n<p>Ostatnie rozporz\u0105dzenia Rady Ministr&oacute;w wprowadzaj\u0105 m.in.&nbsp;nast\u0119puj\u0105ce zasady:<\/p>\n<ul>\n<li>Od&nbsp;16 kwietnia br., osoby przebywaj\u0105ce w&nbsp;ko\u015bcio\u0142ach i&nbsp;kaplicach, maj\u0105 obowi\u0105zek zakrywania ust i&nbsp;nosa za&nbsp;pomoc\u0105 maseczki lub cz\u0119\u015bci odzie\u017cy. Obowi\u0105zek ten dotyczy wszystkich wiernych przebywaj\u0105cych w&nbsp;\u015bwi\u0105tyniach (poza momentem przyj\u0119cia Komunii \u015bw.), liturgicznej s\u0142u\u017cby o\u0142tarza oraz&nbsp;pracownik&oacute;w ko\u015bcielnych. Z&nbsp;tego obowi\u0105zku zwolnieni s\u0105 jedynie duchowni sprawuj\u0105cy &bdquo;kult religijny, w&nbsp;tym czynno\u015bci lub obrz\u0119dy religijne&rdquo;.<\/li>\n<li>Od&nbsp;20 kwietnia br.&nbsp;zmienia si\u0119 limit os&oacute;b, kt&oacute;re mog\u0105 w&nbsp;tym samym czasie przebywa\u0107 w&nbsp;\u015bwi\u0105tyniach. W&nbsp;ko\u015bciele, na&nbsp;1 osob\u0119 b\u0119dzie musia\u0142o przypada\u0107 co najmniej 15 m<sup>2<\/sup> powierzchni (dotyczy to&nbsp;Mszy \u015bwi\u0119tej, nabo\u017ce\u0144stw i&nbsp;pogrzeb&oacute;w).<\/li>\n<\/ul>\n<p>Maj\u0105c na&nbsp;uwadze te zmiany, zach\u0119cam wiernych, aby mimo udzielonej dyspensy, skorzystali z&nbsp;mo\u017cliwo\u015bci, jakie daj\u0105 nowe przepisy i&nbsp;uczestniczyli w&nbsp;Eucharystii w&nbsp;swoich ko\u015bcio\u0142ach, zar&oacute;wno w&nbsp;niedziele, jak i&nbsp;dni powszednie. Dla zapewnienia dopuszczonej przepisami ilo\u015bci os&oacute;b na&nbsp;Mszy \u015bwi\u0119tej, prosz\u0119 kap\u0142an&oacute;w, by&nbsp;po&nbsp;ustaleniu ilo\u015bci uczestnik&oacute;w mog\u0105cych bra\u0107 udzia\u0142 w&nbsp;liturgii w&nbsp;konkretnym ko\u015bciele, osobi\u015bcie lub przez&nbsp;wyznaczone przez&nbsp;siebie osoby, poinformowali o&nbsp;tym swoich parafian i&nbsp;umo\u017cliwili wszystkim ch\u0119tnym uczestnictwo w&nbsp;Mszach \u015bwi\u0119tych. Wiernych prosz\u0119, aby kontaktowali si\u0119 w&nbsp;tej&nbsp;sprawie ze&nbsp;swoimi duszpasterzami. Dobra organizacja pozwoli na&nbsp;r&oacute;wnomierne roz\u0142o\u017cenie uczestnik&oacute;w na&nbsp;wszystkie celebracje Eucharystii. Ksi\u0119\u017ca niech&nbsp;pami\u0119taj\u0105, \u017ce&nbsp;tam, gdzie jest to&nbsp;mo\u017cliwe, mo\u017cna zwi\u0119kszy\u0107 ilo\u015b\u0107 Mszy \u015bwi\u0119tych, oczywi\u015bcie z&nbsp;zachowaniem przepis&oacute;w liturgicznych i&nbsp;dotycz\u0105cych intencji mszalnych. Jednocze\u015bnie prosz\u0119 pami\u0119ta\u0107, \u017ce&nbsp;obowi\u0105zuje nas wszystkich dba\u0142o\u015b\u0107 o&nbsp;zachowanie w\u0142a\u015bciwej odleg\u0142o\u015bci pomi\u0119dzy wiernymi w&nbsp;obiekcie sakralnym.<\/p>\n<p>Prosz\u0119 ponadto wszystkich kap\u0142an&oacute;w, aby poprzez otwarcie ko\u015bcio\u0142&oacute;w w&nbsp;ci\u0105gu dnia, umo\u017cliwili wiernym indywidualn\u0105 modlitw\u0119. &nbsp;Mo\u017cliwo\u015b\u0107 skorzystania z&nbsp;sakramentu spowiedzi oraz&nbsp;przyj\u0119cia Komunii \u015bw.&nbsp;powinna istnie\u0107 r&oacute;wnie\u017c poza godzinami celebry w&nbsp;wyznaczonych i&nbsp;podanych do&nbsp;wiadomo\u015bci godzinach, z&nbsp;uwzgl\u0119dnieniem obowi\u0105zuj\u0105cych przepis&oacute;w sanitarnych.<\/p>\n<p>Z&nbsp;powodu ograniczonych mo\u017cliwo\u015bci dotarcia do&nbsp;swoich parafian, prosz\u0119 kap\u0142an&oacute;w, aby za&nbsp;po\u015brednictwem wszelkich dost\u0119pnych \u015brodk&oacute;w masowego przekazu (gabloty, telefon, strona internetowa parafii, komunikatory, Msze \u015bw.&nbsp;transmitowane online, og\u0142oszenia parafialne) przekazali wiernym niniejsze wskazania.<\/p>\n<p>W&nbsp;pokornej modlitwie zawierzam wszystkich kap\u0142an&oacute;w, osoby \u017cycia konsekrowanego, diecezjan oraz&nbsp;wszystkie s\u0142u\u017cby medyczne i&nbsp;mundurowe, ofiarnie s\u0142u\u017c\u0105ce nam wszystkim.<\/p>\n<p style=\"text-align: center;\">Z&nbsp;nadziej\u0105&nbsp; na&nbsp;spotkanie przy O\u0142tarzu Pa\u0144skim, z&nbsp;serca b\u0142ogos\u0142awi\u0119.<\/p>\n<p style=\"text-align: right;\">\u2720 Adam Szal<br \/>\n\tArcybiskup Metropolita Przemyski<\/p>\n","protected":false},"excerpt":{"rendered":"<p>S\u0141OWO METROPOLITY PRZEMYSKIEGO do&nbsp;wiernych i&nbsp;kap\u0142an&oacute;w Archidiecezji Przemyskiej w zwi\u0105zku z&nbsp;nowymi przepisami dotycz\u0105cymi pandemii Przemy\u015bl, 19 kwietnia 2020 r. Drodzy Diecezjanie! Czcigodni Ksi\u0119\u017ca, Ojcowie i&nbsp;Siostry zakonne! Prze\u017cyli\u015bmy \u015awi\u0119ta Zmartwychwstania Pa\u0144skiego w&nbsp;nieco &hellip; <a href=\"https:\/\/budy.przemyska.pl\/index.php\/2020\/04\/19\/slowo-metropolity-przemyskiego-do-wiernych-i-kaplanow\/\" class=\"more-link\">Czytaj dalej <span class=\"screen-reader-text\">S\u0142owo Metropolity Przemyskiego do wiernych i kap\u0142an\u00f3w<\/span> <span class=\"meta-nav\">&rarr;<\/span><\/a><\/p>\n","protected":false},"author":1,"featured_media":0,"comment_status":"closed","ping_status":"closed","sticky":false,"template":"","format":"standard","meta":{"footnotes":""},"categories":[6],"tags":[],"class_list":["post-3054","post","type-post","status-publish","format-standard","hentry","category-aktualnosci"],"_links":{"self":[{"href":"https:\/\/budy.przemyska.pl\/index.php\/wp-json\/wp\/v2\/posts\/3054","targetHints":{"allow":["GET"]}}],"collection":[{"href":"https:\/\/budy.przemyska.pl\/index.php\/wp-json\/wp\/v2\/posts"}],"about":[{"href":"https:\/\/budy.przemyska.pl\/index.php\/wp-json\/wp\/v2\/types\/post"}],"author":[{"embeddable":true,"href":"https:\/\/budy.przemyska.pl\/index.php\/wp-json\/wp\/v2\/users\/1"}],"replies":[{"embeddable":true,"href":"https:\/\/budy.przemyska.pl\/index.php\/wp-json\/wp\/v2\/comments?post=3054"}],"version-history":[{"count":0,"href":"https:\/\/budy.przemyska.pl\/index.php\/wp-json\/wp\/v2\/posts\/3054\/revisions"}],"wp:attachment":[{"href":"https:\/\/budy.przemyska.pl\/index.php\/wp-json\/wp\/v2\/media?parent=3054"}],"wp:term":[{"taxonomy":"category","embeddable":true,"href":"https:\/\/budy.przemyska.pl\/index.php\/wp-json\/wp\/v2\/categories?post=3054"},{"taxonomy":"post_tag","embeddable":true,"href":"https:\/\/budy.przemyska.pl\/index.php\/wp-json\/wp\/v2\/tags?post=3054"}],"curies":[{"name":"wp","href":"https:\/\/api.w.org\/{rel}","templated":true}]}}