{"id":3050,"date":"2020-04-18T19:25:33","date_gmt":"2020-04-18T17:25:33","guid":{"rendered":"http:\/\/www.budylancuckie.przemyska.pl\/?p=3050"},"modified":"2020-04-18T19:25:33","modified_gmt":"2020-04-18T17:25:33","slug":"ogloszenia-parafialne-19-04-2020","status":"publish","type":"post","link":"https:\/\/budy.przemyska.pl\/index.php\/2020\/04\/18\/ogloszenia-parafialne-19-04-2020\/","title":{"rendered":"Og\u0142oszenia parafialne 19-04-2020"},"content":{"rendered":"<h2 style=\"text-align: center;\"><strong><span style=\"color: rgb(0, 0, 128);\">Niedziela Bo\u017cego Mi\u0142osierdzia &#8211; 19-04-2020<\/span><\/strong><\/h2>\n<h2 style=\"text-align: center;\"><strong><span style=\"color: rgb(0, 0, 128);\">Og\u0142oszenia<br \/>\n\t<\/span><\/strong><\/h2>\n<ol>\n<li>Dzi\u015b Niedziela Bo\u017cego Mi\u0142osierdzia. Msze \u015bw. o godz. 6.30, 8.00 i 10.30. Nie b\u0119dzie Mszy \u015bw. popo\u0142udniowej o godz.15.00.<\/li>\n<li>Niedziela Bo\u017cego Mi\u0142osierdzia rozpoczyna r&oacute;wnie\u017c w ca\u0142ym Ko\u015bciele prze\u017cywanie tzw. Tygodnia Mi\u0142osierdzia.<\/li>\n<li>Codzienne Msze \u015bw. w naszej parafii o godz.18.00. W czwartek Uroczysto\u015b\u0107 \u015bw. Wojciecha bpa i m\u0119czennika &ndash; Patrona Polski. Adoracja Naj\u015bwi\u0119tszego Sakramentu od godz.17.00<\/li>\n<li>W tych dniach, chciejmy szczeg&oacute;lnie prosi\u0107 Pana Boga o dar Jego \u0142aski ustania epidemii zagra\u017caj\u0105cej naszemu zdrowiu i \u017cyciu. Nasz ko\u015bci&oacute;\u0142 parafialny jest otwarty od godz. 9.00 do wieczornej Mszy \u015bw.<\/li>\n<li>Z rado\u015bci\u0105 informujemy, \u017ce rozpocz\u0119li\u015bmy transmisj\u0119 nabo\u017ce\u0144stw on-line z naszego ko\u015bcio\u0142a. Szczeg&oacute;\u0142y na stronie internetowej parafii.<\/li>\n<li><strong>Od poniedzia\u0142ku (20.04.) nowe zasady uczestnictwa we Mszy \u015bw. i innych wydarzeniach liturgicznych w ko\u015bcio\u0142ach. Bior\u0105c pod uwag\u0119 powierzchni\u0119 naszego ko\u015bcio\u0142a, w liturgii mo\u017ce uczestniczy\u0107 28 os&oacute;b. B\u0119d\u0105c w \u015bwi\u0105tyni zachowajmy r&oacute;wnie\u017c w\u0142a\u015bciw\u0105 przestrze\u0144 miedzy sob\u0105!<br \/>\n\t\t<\/strong><\/li>\n<li>Nasza parafialna Pielgrzymka do W\u0142och na prze\u0142omie czerwca i lipca ze wzgl\u0119du na panuj\u0105c\u0105 epidemi\u0119 zosta\u0142a odwo\u0142ana. Uwzgl\u0119dniaj\u0105c wszystkie procedury, na pocz\u0105tku lipca, otrzymamy r&oacute;wnie\u017c zwrot za\u0142o\u017conej przedp\u0142aty. <\/li>\n<li>Serdeczne B&oacute;g zap\u0142a\u0107 dla os&oacute;b sprz\u0105taj\u0105cych i stroj\u0105cych ko\u015bci&oacute;\u0142 oraz za wszystkie ofiary sk\u0142adane na potrzeby parafii.<\/li>\n<\/ol>\n<h3 style=\"text-align: center;\"><strong><span style=\"color: rgb(0, 0, 128);\">Intencje mszalne<\/span><\/strong><\/h3>\n<h4 style=\"text-align: center;\"><strong><span style=\"color: rgb(0, 0, 128);\">od 20 kwietnia 2020 do 26 kwietnia 2020<\/span><\/strong><\/h4>\n<h4><strong><br \/>\n\tGdyby zbyt d\u0142ugi czas nie by\u0142a og\u0142oszona zam&oacute;wiona intencja mszalna &ndash; prosimy o zg\u0142oszenie tego kap\u0142anowi.&nbsp; Zam&oacute;wiona intencja nie mo\u017ce zgin\u0105\u0107.<br \/>\n\t<\/strong><\/h4>\n<p><u><strong>Poniedzia\u0142ek &#8211; 20 kwiecie\u0144<\/strong><\/u><br \/>\n\t1. + Micha\u0142 Kie\u0142b od rodziny Por\u0119bnych;<br \/>\n\t2. ++ Julia, Franciszek Marek, Lucyna Stafiej;<br \/>\n\t3. + Stefan Socha od Genowefy i Mariana;<\/p>\n<p><u><strong>Wtorek &#8211; 21 kwiecie\u0144<br \/>\n\t<\/strong><\/u>1. ++ Karolina i Franciszek Lasek;<br \/>\n\t2. ++ z Rodziny Sowa i Wikiera;<br \/>\n\t3. ++ Krystyna, J&oacute;zefa i Stanis\u0142aw Hypnar;<\/p>\n<p><u><strong>\u015aroda &#8211; 22 kwiecie\u0144<\/strong><\/u><br \/>\n\t1. + Bronis\u0142aw Fo\u0142ta &#8211; od Marii Bester;<br \/>\n\t2. O \u0142ask\u0119 nawr&oacute;cenia i powstania z na\u0142ogu dla syna;<br \/>\n\t3. + Maria Czyrek &#8211; od c&oacute;rki Teresy z m\u0119\u017cem;<\/p>\n<p><u><strong>Czwartek &#8211; 23 kwiecie\u0144<\/strong><\/u><br \/>\n\t1. + Maria Pelc &#8211; od wnuczki Renaty z rodzin\u0105; <br \/>\n\t2. ++ Anna i Stanis\u0142aw Gamracy; <br \/>\n\t3. ++ Aniela i W\u0142adys\u0142aw Bartnik;<\/p>\n<p>\t<u><strong>Pi\u0105tek &#8211; 24 kwiecie\u0144<\/strong><\/u><br \/>\n\t1. + + Franciszek Wasilewski i rodzice;<br \/>\n\t2. + Cecylia Mazur;<br \/>\n\t3. Dzi\u0119kczynna i b\u0142ogos\u0142awie\u0144stwo Bo\u017ce w 91 rocznic\u0119 urodzin;<\/p>\n<p><u><strong>Sobota &#8211; 25 kwiecie\u0144<\/strong><\/u><br \/>\n\t1. ++ J&oacute;zefa, Aniela, Stefania, Mieczys\u0142aw Por\u0119bny; <br \/>\n\t2. + Arkadiusz Sanok &#8211; od wujka Damiana z rodzin\u0105;<br \/>\n\t3. + Stanis\u0142aw Por\u0119bny &#8211; od swatowej Czes\u0142awy; <\/p>\n<p><u><strong>Niedziela &#8211; 26 kwiecie\u0144<\/strong><\/u><br \/>\n\t6:30 + Renata Nowak &#8211; od przyjaci&oacute;\u0142 syna Paw\u0142a;<br \/>\n\t8:00 ++ Marcela, Franciszek S\u0142upek &#8211; od wnuka Patryka;<br \/>\n\t10:30 1. W intencji parafian; 2. O B\u0142og. Bo\u017ce dla rodziny Czech; <br \/>\n\t&nbsp;<\/p>\n<h3 style=\"text-align: center;\"><strong><strong><span style=\"color: rgb(0, 0, 128);\">Modlitw\u0119 r&oacute;\u017ca\u0144cow\u0105 prowadz\u0105<br \/>\n\t<\/span><\/strong><\/strong><\/h3>\n<p>20. P. R. \u015aw. El\u017cbiety &#8211; (Alina Trojnar)<br \/>\n\t21. W. R. \u015aw. Faustyny &#8211; (Eugenia \u015awizdor)<br \/>\n\t22. \u015a. R. \u015aw. Franciszka z Asy\u017cu &#8211; (Jan Nowak)<br \/>\n\t23. C. R. \u015aw. Genowefy &#8211; (Genowefa Dr\u0105\u017cek)<br \/>\n\t24. P. KSM.<br \/>\n\t25. S. R. \u015aw. Jadwigi Kr&oacute;lowej &#8211; (Halina Dyrda)<br \/>\n\t26. N. R. \u015aw. Heleny &#8211; (Helena Dyrda)<\/p>\n","protected":false},"excerpt":{"rendered":"<p>Niedziela Bo\u017cego Mi\u0142osierdzia &#8211; 19-04-2020 Og\u0142oszenia Dzi\u015b Niedziela Bo\u017cego Mi\u0142osierdzia. Msze \u015bw. o godz. 6.30, 8.00 i 10.30. Nie b\u0119dzie Mszy \u015bw. popo\u0142udniowej o godz.15.00. Niedziela Bo\u017cego Mi\u0142osierdzia rozpoczyna r&oacute;wnie\u017c &hellip; <a href=\"https:\/\/budy.przemyska.pl\/index.php\/2020\/04\/18\/ogloszenia-parafialne-19-04-2020\/\" class=\"more-link\">Czytaj dalej <span class=\"screen-reader-text\">Og\u0142oszenia parafialne 19-04-2020<\/span> <span class=\"meta-nav\">&rarr;<\/span><\/a><\/p>\n","protected":false},"author":1,"featured_media":0,"comment_status":"closed","ping_status":"closed","sticky":false,"template":"","format":"standard","meta":{"footnotes":""},"categories":[6,4],"tags":[],"class_list":["post-3050","post","type-post","status-publish","format-standard","hentry","category-aktualnosci","category-ogloszenia"],"_links":{"self":[{"href":"https:\/\/budy.przemyska.pl\/index.php\/wp-json\/wp\/v2\/posts\/3050","targetHints":{"allow":["GET"]}}],"collection":[{"href":"https:\/\/budy.przemyska.pl\/index.php\/wp-json\/wp\/v2\/posts"}],"about":[{"href":"https:\/\/budy.przemyska.pl\/index.php\/wp-json\/wp\/v2\/types\/post"}],"author":[{"embeddable":true,"href":"https:\/\/budy.przemyska.pl\/index.php\/wp-json\/wp\/v2\/users\/1"}],"replies":[{"embeddable":true,"href":"https:\/\/budy.przemyska.pl\/index.php\/wp-json\/wp\/v2\/comments?post=3050"}],"version-history":[{"count":0,"href":"https:\/\/budy.przemyska.pl\/index.php\/wp-json\/wp\/v2\/posts\/3050\/revisions"}],"wp:attachment":[{"href":"https:\/\/budy.przemyska.pl\/index.php\/wp-json\/wp\/v2\/media?parent=3050"}],"wp:term":[{"taxonomy":"category","embeddable":true,"href":"https:\/\/budy.przemyska.pl\/index.php\/wp-json\/wp\/v2\/categories?post=3050"},{"taxonomy":"post_tag","embeddable":true,"href":"https:\/\/budy.przemyska.pl\/index.php\/wp-json\/wp\/v2\/tags?post=3050"}],"curies":[{"name":"wp","href":"https:\/\/api.w.org\/{rel}","templated":true}]}}