{"id":3037,"date":"2020-04-10T19:27:59","date_gmt":"2020-04-10T17:27:59","guid":{"rendered":"http:\/\/www.budylancuckie.przemyska.pl\/?p=3037"},"modified":"2020-04-10T19:27:59","modified_gmt":"2020-04-10T17:27:59","slug":"ogloszenia-parafialne-12-04-2020","status":"publish","type":"post","link":"https:\/\/budy.przemyska.pl\/index.php\/2020\/04\/10\/ogloszenia-parafialne-12-04-2020\/","title":{"rendered":"Og\u0142oszenia parafialne 12-04-2020"},"content":{"rendered":"<h2 style=\"text-align: center;\"><strong><span style=\"color: rgb(0, 0, 128);\">Uroczysto\u015b\u0107 Zmartwychwstania Pa\u0144skiego &#8211; 12-04-2020<\/span><\/strong><\/h2>\n<h2 style=\"text-align: center;\"><strong><span style=\"color: rgb(0, 0, 128);\">Og\u0142oszenia<br \/>\n\t<\/span><\/strong><\/h2>\n<ol>\n<li>W Niedziel\u0119 Wielkanocn\u0105 Msza \u015bw. rezurekcyjna o godz. 6.00, jednak bez organizowanej procesji rezurekcyjnej. Pozosta\u0142e Msze \u015bw. w tym dniu o godz. 9.00 i 10.30. <\/li>\n<li>W Poniedzia\u0142ek Wielkanocny Msze \u015bw. o godz. 6.30, 8.00 i o 10.30. Pami\u0119tajmy r&oacute;wnie\u017c o wszystkich zasadach naszego uczestnictwa w LITURGII wynikaj\u0105cych z trwaj\u0105cego stanu epidemii.<\/li>\n<li>Rozpoczynamy tzw. Bia\u0142y Tydzie\u0144 (Oktawa Wielkanocy), kt&oacute;ry jest przed\u0142u\u017ceniem \u015bwi\u0119towania Uroczysto\u015bci Zmartwychwstania Jezusa, dlatego w pi\u0105tek (17.04) nie ma postu.<\/li>\n<li>Codzienne Msze \u015bw. w naszej parafii o godz.18.00.<\/li>\n<li>Za tydzie\u0144 Niedziela Mi\u0142osierdzia Bo\u017cego. Chciejmy szczeg&oacute;lnie prosi\u0107 Pana Boga o dar Jego \u0142aski ustania epidemii zagra\u017caj\u0105cej naszemu zdrowiu i \u017cyciu.<\/li>\n<li>Z rado\u015bci\u0105 informujemy, \u017ce planujemy rozpocz\u0119cie transmisji nabo\u017ce\u0144stw on-line z naszego ko\u015bcio\u0142a. Szczeg&oacute;\u0142y na stronie internetowej parafii.<\/li>\n<li>Ze wzgl\u0119du na trwaj\u0105cy stan epidemii data I Komunii \u015bw. z pewno\u015bci\u0105 ulegnie zmianie. Okre\u015blenie nowej daty b\u0119dzie mo\u017cliwe po ustaniu tego stanu.<\/li>\n<li>Serdeczne B&oacute;g zap\u0142a\u0107 dla os&oacute;b sprz\u0105taj\u0105cych i stroj\u0105cych ko\u015bci&oacute;\u0142.<\/li>\n<\/ol>\n<h3 style=\"text-align: center;\">Z okazji \u015awi\u0105t Wielkanocnych pragniemy \u017cyczy\u0107 Wszystkim Parafianom &#8211; w tym szczeg&oacute;lnym czasie trwaj\u0105cej epidemii &#8211; Zdrowia, Pokoju ducha i Rado\u015bci wewn\u0119trznej od Chrystusa Zmartwychwsta\u0142ego. Niech blask Jego Zmartwychwstania budzi UFNO\u015a\u0106 w sercu ka\u017cdego!!!<\/h3>\n<h3 style=\"text-align: center;\"><strong><span style=\"color: rgb(0, 0, 128);\">Intencje mszalne<\/span><\/strong><\/h3>\n<h4 style=\"text-align: center;\"><strong><span style=\"color: rgb(0, 0, 128);\">od 13 kwietnia 2020 do 19 kwietnia 2020<\/span><\/strong><\/h4>\n<h4><strong><br \/>\n\tGdyby zbyt d\u0142ugi czas nie by\u0142a og\u0142oszona zam&oacute;wiona intencja mszalna &ndash; prosimy o zg\u0142oszenie tego kap\u0142anowi.&nbsp; Zam&oacute;wiona intencja nie mo\u017ce zgin\u0105\u0107.<br \/>\n\t<\/strong><\/h4>\n<p><u><strong>Poniedzia\u0142ek &#8211; 13 kwiecie\u0144<\/strong><\/u><br \/>\n\t6:30 ++ Ks. Jan Cebulak i rodzice;<br \/>\n\t8:00 + Maria Wacnik &#8211; od s\u0105siad&oacute;w;<br \/>\n\t10:30 + Arkadiusz Sanok &#8211; od Agnieszki Worwa;<\/p>\n<p><u><strong>Wtorek &#8211; 14 kwiecie\u0144<br \/>\n\t<\/strong><\/u>1. + Stanis\u0142aw Baran &#8211; od swata;<br \/>\n\t2. + Weronika Dr\u0105g &#8211; od wnuka Miros\u0142awa z rodzin\u0105;<br \/>\n\t3. Intencja wiadoma; <\/p>\n<p><u><strong>\u015aroda &#8211; 15 kwiecie\u0144<\/strong><\/u><br \/>\n\t1. + Stefania Malach &#8211; 1 rocz. \u015bmierci;<br \/>\n\t2. + Boles\u0142aw Rupar &#8211; od syna z rodzin\u0105; <br \/>\n\t3. + W\u0142adys\u0142aw Kojder &#8211; od H. Czerwonka;<\/p>\n<p><u><strong>Czwartek &#8211; 16 kwiecie\u0144<\/strong><\/u><br \/>\n\t1. + Maria Pelc &#8211; od rodziny Mach;<br \/>\n\t2. + Arkadiusz Sanok &#8211; od rodziny Nowak; <br \/>\n\t3. ++ Cecylia, J&oacute;zef , Maria, Boles\u0142aw Buty\u0144scy;<\/p>\n<p>\t<u><strong>Pi\u0105tek &#8211; 17 kwiecie\u0144<\/strong><\/u><br \/>\n\t1. + Stanis\u0142aw W\u0119grzyn;<br \/>\n\t2. + Jan Pelc &#8211; od Krystyny;<br \/>\n\t3. + Maria Pelc &#8211; od rodziny Matuszek z Podlesia;<\/p>\n<p><u><strong>Sobota &#8211; 18 kwiecie\u0144<\/strong><\/u><br \/>\n\t1. ++ Agata, Zbigniew, Krystyna, J&oacute;zef, Andrzej Kie\u0142b; <br \/>\n\t2. + Maria Czyrek &#8211; od s\u0105siadki z c&oacute;rkami;<br \/>\n\t3. + Maria Czyrek &#8211; od rodziny Rachwa\u0142; <\/p>\n<p><u><strong>Niedziela &#8211; 19 kwiecie\u0144<\/strong><\/u><br \/>\n\t6:30 W int. Za\u015blubionych &#8211; od rodzic&oacute;w;<br \/>\n\t8:00 + Zofia Kr&oacute;l &#8211; od s\u0105siad&oacute;w \/ RBCMR\/<br \/>\n\t10:30 1. W intencji parafian;<br \/>\n\t&nbsp;&nbsp;&nbsp;&nbsp;&nbsp; 2. O b\u0142og. Bo\u017ce dla Konrada w 18 rocz. urodzin; <\/p>\n<p><u><strong><br \/>\n\t<\/strong><\/u><\/p>\n","protected":false},"excerpt":{"rendered":"<p>Uroczysto\u015b\u0107 Zmartwychwstania Pa\u0144skiego &#8211; 12-04-2020 Og\u0142oszenia W Niedziel\u0119 Wielkanocn\u0105 Msza \u015bw. rezurekcyjna o godz. 6.00, jednak bez organizowanej procesji rezurekcyjnej. Pozosta\u0142e Msze \u015bw. w tym dniu o godz. 9.00 i &hellip; <a href=\"https:\/\/budy.przemyska.pl\/index.php\/2020\/04\/10\/ogloszenia-parafialne-12-04-2020\/\" class=\"more-link\">Czytaj dalej <span class=\"screen-reader-text\">Og\u0142oszenia parafialne 12-04-2020<\/span> <span class=\"meta-nav\">&rarr;<\/span><\/a><\/p>\n","protected":false},"author":1,"featured_media":0,"comment_status":"closed","ping_status":"closed","sticky":false,"template":"","format":"standard","meta":{"footnotes":""},"categories":[6,4],"tags":[],"class_list":["post-3037","post","type-post","status-publish","format-standard","hentry","category-aktualnosci","category-ogloszenia"],"_links":{"self":[{"href":"https:\/\/budy.przemyska.pl\/index.php\/wp-json\/wp\/v2\/posts\/3037","targetHints":{"allow":["GET"]}}],"collection":[{"href":"https:\/\/budy.przemyska.pl\/index.php\/wp-json\/wp\/v2\/posts"}],"about":[{"href":"https:\/\/budy.przemyska.pl\/index.php\/wp-json\/wp\/v2\/types\/post"}],"author":[{"embeddable":true,"href":"https:\/\/budy.przemyska.pl\/index.php\/wp-json\/wp\/v2\/users\/1"}],"replies":[{"embeddable":true,"href":"https:\/\/budy.przemyska.pl\/index.php\/wp-json\/wp\/v2\/comments?post=3037"}],"version-history":[{"count":0,"href":"https:\/\/budy.przemyska.pl\/index.php\/wp-json\/wp\/v2\/posts\/3037\/revisions"}],"wp:attachment":[{"href":"https:\/\/budy.przemyska.pl\/index.php\/wp-json\/wp\/v2\/media?parent=3037"}],"wp:term":[{"taxonomy":"category","embeddable":true,"href":"https:\/\/budy.przemyska.pl\/index.php\/wp-json\/wp\/v2\/categories?post=3037"},{"taxonomy":"post_tag","embeddable":true,"href":"https:\/\/budy.przemyska.pl\/index.php\/wp-json\/wp\/v2\/tags?post=3037"}],"curies":[{"name":"wp","href":"https:\/\/api.w.org\/{rel}","templated":true}]}}