{"id":3020,"date":"2020-04-09T19:18:17","date_gmt":"2020-04-09T17:18:17","guid":{"rendered":"http:\/\/www.budylancuckie.przemyska.pl\/?p=3020"},"modified":"2020-04-09T19:18:17","modified_gmt":"2020-04-09T17:18:17","slug":"ujecia-z-pierwszej-transmisji-na-zywo-z-naszego-kosciola","status":"publish","type":"post","link":"https:\/\/budy.przemyska.pl\/index.php\/2020\/04\/09\/ujecia-z-pierwszej-transmisji-na-zywo-z-naszego-kosciola\/","title":{"rendered":"Uj\u0119cia z pierwszej transmisji na \u017cywo z naszego ko\u015bcio\u0142a"},"content":{"rendered":"<div class=\"fb-post\" data-href=\"https:\/\/www.facebook.com\/parafiabudy\/posts\/1761086617361346\" data-show-text=\"true\" data-width=\"600\">\n<blockquote cite=\"https:\/\/developers.facebook.com\/parafiabudy\/posts\/1761086617361346\" class=\"fb-xfbml-parse-ignore\">\n<p>Uj\u0119cia z pierwszej transmisji na \u017cywo z naszego ko\u015bcio\u0142a &#8211; Msza \u015aw. Wieczerzy Pa\u0144skiej<\/p>\n<p>\t\tOpublikowany przez <a href=\"https:\/\/www.facebook.com\/parafiabudy\/\">Parafia pw. Niepokalanego Serca NMP w Budach \u0141a\u0144cuckich<\/a>&nbsp;<a href=\"https:\/\/developers.facebook.com\/parafiabudy\/posts\/1761086617361346\">Czwartek, 9 kwietnia 2020<\/a><\/p><\/blockquote>\n<\/div>\n","protected":false},"excerpt":{"rendered":"<p>Uj\u0119cia z pierwszej transmisji na \u017cywo z naszego ko\u015bcio\u0142a &#8211; Msza \u015aw. Wieczerzy Pa\u0144skiej Opublikowany przez Parafia pw. Niepokalanego Serca NMP w Budach \u0141a\u0144cuckich&nbsp;Czwartek, 9 kwietnia 2020<\/p>\n","protected":false},"author":1,"featured_media":0,"comment_status":"closed","ping_status":"closed","sticky":false,"template":"","format":"standard","meta":{"footnotes":""},"categories":[6],"tags":[],"class_list":["post-3020","post","type-post","status-publish","format-standard","hentry","category-aktualnosci"],"_links":{"self":[{"href":"https:\/\/budy.przemyska.pl\/index.php\/wp-json\/wp\/v2\/posts\/3020","targetHints":{"allow":["GET"]}}],"collection":[{"href":"https:\/\/budy.przemyska.pl\/index.php\/wp-json\/wp\/v2\/posts"}],"about":[{"href":"https:\/\/budy.przemyska.pl\/index.php\/wp-json\/wp\/v2\/types\/post"}],"author":[{"embeddable":true,"href":"https:\/\/budy.przemyska.pl\/index.php\/wp-json\/wp\/v2\/users\/1"}],"replies":[{"embeddable":true,"href":"https:\/\/budy.przemyska.pl\/index.php\/wp-json\/wp\/v2\/comments?post=3020"}],"version-history":[{"count":0,"href":"https:\/\/budy.przemyska.pl\/index.php\/wp-json\/wp\/v2\/posts\/3020\/revisions"}],"wp:attachment":[{"href":"https:\/\/budy.przemyska.pl\/index.php\/wp-json\/wp\/v2\/media?parent=3020"}],"wp:term":[{"taxonomy":"category","embeddable":true,"href":"https:\/\/budy.przemyska.pl\/index.php\/wp-json\/wp\/v2\/categories?post=3020"},{"taxonomy":"post_tag","embeddable":true,"href":"https:\/\/budy.przemyska.pl\/index.php\/wp-json\/wp\/v2\/tags?post=3020"}],"curies":[{"name":"wp","href":"https:\/\/api.w.org\/{rel}","templated":true}]}}