{"id":3012,"date":"2020-04-02T20:40:44","date_gmt":"2020-04-02T18:40:44","guid":{"rendered":"http:\/\/www.budylancuckie.przemyska.pl\/?p=3012"},"modified":"2020-04-02T20:40:44","modified_gmt":"2020-04-02T18:40:44","slug":"komunikat-komisji-ds-kultu-bozego-i-dyscypliny-sakramentow-kep","status":"publish","type":"post","link":"https:\/\/budy.przemyska.pl\/index.php\/2020\/04\/02\/komunikat-komisji-ds-kultu-bozego-i-dyscypliny-sakramentow-kep\/","title":{"rendered":"Komunikat Komisji ds. Kultu Bo\u017cego i Dyscypliny Sakrament\u00f3w KEP"},"content":{"rendered":"<h2 style=\"text-align: center;\">Praktyka pierwszych pi\u0105tk&oacute;w i&nbsp;pierwszych sob&oacute;t miesi\u0105ca<br \/>\n\tw okresie epidemii<\/h2>\n<p>W&nbsp;okresie epidemii dost\u0119p do&nbsp;sakramentalnej spowiedzi i&nbsp;sakramentalnej Komunii jest dla wielu wiernych utrudniony, czasem wr\u0119cz niemo\u017cliwy. Z&nbsp;tego wzgl\u0119du rodz\u0105 si\u0119 w\u0105tpliwo\u015bci co do&nbsp;zachowania ci\u0105g\u0142o\u015bci pobo\u017cnych praktyk dziewi\u0119ciu pierwszych pi\u0105tk&oacute;w miesi\u0105ca oraz&nbsp;pi\u0119ciu pierwszych sob&oacute;t miesi\u0105ca, kt&oacute;re wielu wiernych podejmuje. Obie praktyki dla zachowania duchowych owoc&oacute;w zak\u0142adaj\u0105 przyj\u0119cie Komunii sakramentalnej w&nbsp;okre\u015blonym czasie.<\/p>\n<p>Pos\u0142uguj\u0105c si\u0119 og&oacute;lnymi zasadami prawa ko\u015bcielnego oraz&nbsp;dokumentami dotycz\u0105cymi sytuacji analogicznych nale\u017cy stwierdzi\u0107, \u017ce:<\/p>\n<ul>\n<li>prawo ko\u015bcielne czysto pozytywne nie&nbsp;obowi\u0105zuje przy powa\u017cnej przeszkodzie<a href=\"https:\/\/przemyska.pl\/2020\/04\/02\/komunikat-komisji-ds-kultu-bozego-i-dyscypliny-sakramentow-kep\/#_ftn1\" name=\"_ftnref1\"><sup>[1]<\/sup><\/a>;<\/li>\n<li>w&nbsp;analogicznej sytuacji opisanej przez&nbsp;prawo ko\u015bcielne nie&nbsp;przerywa si\u0119 ci\u0105g\u0142o\u015bci owoc&oacute;w duchowych pobo\u017cnej praktyki pod&nbsp;warunkiem doko\u0144czenia jej zaraz, gdy&nbsp;b\u0119dzie to&nbsp;mo\u017cliwe<a href=\"https:\/\/przemyska.pl\/2020\/04\/02\/komunikat-komisji-ds-kultu-bozego-i-dyscypliny-sakramentow-kep\/#_ftn2\" name=\"_ftnref2\"><sup>[2]<\/sup><\/a>;<\/li>\n<li>dlatego je\u015bli w&nbsp;trakcie odprawiania praktyki pi\u0119ciu sob&oacute;t oraz&nbsp;dziewi\u0119ciu pi\u0105tk&oacute;w miesi\u0105ca nie&nbsp;jest mo\u017cliwe spe\u0142nienie warunku przyj\u0119cia sakramentalnej Komunii w&nbsp;okresie epidemii, nie&nbsp;ulega przerwaniu ci\u0105g\u0142o\u015b\u0107 owoc&oacute;w, a&nbsp;wi\u0119c&nbsp;nie&nbsp;trzeba tej&nbsp;praktyki zaczyna\u0107 od&nbsp;nowa, a&nbsp;jedynie przed\u0142u\u017cy\u0107 t\u0119 praktyk\u0119 o&nbsp;kolejny miesi\u0105c;<\/li>\n<li>zaleca si\u0119 jednak\u017ce celem podtrzymania ci\u0105g\u0142o\u015bci praktyki, aby we&nbsp;w\u0142a\u015bciwym dniu (pierwszy pi\u0105tek \/ sobota) w&nbsp;okresie braku dost\u0119pu do&nbsp;sakramentu, je\u015bli to&nbsp;mo\u017cliwe, wzbudzi\u0107 w\u0142a\u015bciw\u0105 danej praktyce intencj\u0119 oraz&nbsp;skorzysta\u0107 z&nbsp;mo\u017cliwo\u015bci przyj\u0119cia tzw. Komunii duchowej (pragnienia)<a href=\"https:\/\/przemyska.pl\/2020\/04\/02\/komunikat-komisji-ds-kultu-bozego-i-dyscypliny-sakramentow-kep\/#_ftn3\" name=\"_ftnref3\"><sup>[3]<\/sup><\/a>, a&nbsp;tak\u017ce je\u015bli trzeba, z&nbsp;mo\u017cliwo\u015bci uprzedniego oczyszczenia sumienia z&nbsp;grzech&oacute;w ci\u0119\u017ckich poprzez akt \u017calu doskona\u0142ego, gdy&nbsp;nie&nbsp;mo\u017cna si\u0119 wyspowiada\u0107<a href=\"https:\/\/przemyska.pl\/2020\/04\/02\/komunikat-komisji-ds-kultu-bozego-i-dyscypliny-sakramentow-kep\/#_ftn4\" name=\"_ftnref4\"><sup>[4]<\/sup><\/a>.<\/li>\n<\/ul>\n<p style=\"text-align: right;\"><em>Bp&nbsp;Adam Ba\u0142abuch<br \/>\n\t<\/em>Przewodnicz\u0105cy Komisji ds.&nbsp;Kultu Bo\u017cego<br \/>\n\ti Dyscypliny Sakrament&oacute;w KEP<\/p>\n<p>\u015awidnica, 2 kwietnia 2020 r.<\/p>\n<hr \/>\n<p><a href=\"https:\/\/przemyska.pl\/2020\/04\/02\/komunikat-komisji-ds-kultu-bozego-i-dyscypliny-sakramentow-kep\/#_ftnref1\" name=\"_ftn1\">[1]<\/a> Kongregacja ds.&nbsp;Kultu Bo\u017cego i&nbsp;Dyscypliny Sakrament&oacute;w, Odpowiedzi na&nbsp;zapytania odno\u015bnie do&nbsp;obowi\u0105zku sprawowania Liturgii Godzin, 15.11.2000, Prot. Nr&nbsp;2330\/00\/LL, (tekst \u0142aci\u0144ski &bdquo;Notitiae&rdquo; 37 (2001) 190-194).<\/p>\n<p><a href=\"https:\/\/przemyska.pl\/2020\/04\/02\/komunikat-komisji-ds-kultu-bozego-i-dyscypliny-sakramentow-kep\/#_ftnref2\" name=\"_ftn2\">[2]<\/a> \u015awi\u0119ta Kongregacja Soboru, &bdquo;Tricenario Gregoriano&rdquo;. Deklaracja o&nbsp;ci\u0105g\u0142o\u015bci celebracji trzydziestu Mszy Gregoria\u0144skich, 24.02.1967 [AAS 59 (1967), s. 229-230.]<\/p>\n<p><a href=\"https:\/\/przemyska.pl\/2020\/04\/02\/komunikat-komisji-ds-kultu-bozego-i-dyscypliny-sakramentow-kep\/#_ftnref3\" name=\"_ftn3\">[3]<\/a> Por. Breviarium Fidei (2002), nr&nbsp;296.<\/p>\n<p><a href=\"https:\/\/przemyska.pl\/2020\/04\/02\/komunikat-komisji-ds-kultu-bozego-i-dyscypliny-sakramentow-kep\/#_ftnref4\" name=\"_ftn4\">[4]<\/a> Por. KKK 1452<\/p>\n","protected":false},"excerpt":{"rendered":"<p>Praktyka pierwszych pi\u0105tk&oacute;w i&nbsp;pierwszych sob&oacute;t miesi\u0105ca w okresie epidemii W&nbsp;okresie epidemii dost\u0119p do&nbsp;sakramentalnej spowiedzi i&nbsp;sakramentalnej Komunii jest dla wielu wiernych utrudniony, czasem wr\u0119cz niemo\u017cliwy. Z&nbsp;tego wzgl\u0119du rodz\u0105 si\u0119 w\u0105tpliwo\u015bci co &hellip; <a href=\"https:\/\/budy.przemyska.pl\/index.php\/2020\/04\/02\/komunikat-komisji-ds-kultu-bozego-i-dyscypliny-sakramentow-kep\/\" class=\"more-link\">Czytaj dalej <span class=\"screen-reader-text\">Komunikat Komisji ds. Kultu Bo\u017cego i Dyscypliny Sakrament\u00f3w KEP<\/span> <span class=\"meta-nav\">&rarr;<\/span><\/a><\/p>\n","protected":false},"author":1,"featured_media":0,"comment_status":"closed","ping_status":"closed","sticky":false,"template":"","format":"standard","meta":{"footnotes":""},"categories":[6],"tags":[],"class_list":["post-3012","post","type-post","status-publish","format-standard","hentry","category-aktualnosci"],"_links":{"self":[{"href":"https:\/\/budy.przemyska.pl\/index.php\/wp-json\/wp\/v2\/posts\/3012","targetHints":{"allow":["GET"]}}],"collection":[{"href":"https:\/\/budy.przemyska.pl\/index.php\/wp-json\/wp\/v2\/posts"}],"about":[{"href":"https:\/\/budy.przemyska.pl\/index.php\/wp-json\/wp\/v2\/types\/post"}],"author":[{"embeddable":true,"href":"https:\/\/budy.przemyska.pl\/index.php\/wp-json\/wp\/v2\/users\/1"}],"replies":[{"embeddable":true,"href":"https:\/\/budy.przemyska.pl\/index.php\/wp-json\/wp\/v2\/comments?post=3012"}],"version-history":[{"count":0,"href":"https:\/\/budy.przemyska.pl\/index.php\/wp-json\/wp\/v2\/posts\/3012\/revisions"}],"wp:attachment":[{"href":"https:\/\/budy.przemyska.pl\/index.php\/wp-json\/wp\/v2\/media?parent=3012"}],"wp:term":[{"taxonomy":"category","embeddable":true,"href":"https:\/\/budy.przemyska.pl\/index.php\/wp-json\/wp\/v2\/categories?post=3012"},{"taxonomy":"post_tag","embeddable":true,"href":"https:\/\/budy.przemyska.pl\/index.php\/wp-json\/wp\/v2\/tags?post=3012"}],"curies":[{"name":"wp","href":"https:\/\/api.w.org\/{rel}","templated":true}]}}