{"id":3004,"date":"2020-03-30T20:16:36","date_gmt":"2020-03-30T18:16:36","guid":{"rendered":"http:\/\/www.budylancuckie.przemyska.pl\/?p=3004"},"modified":"2020-03-30T20:16:36","modified_gmt":"2020-03-30T18:16:36","slug":"oredzie-metropolity-przemyskiego-na-swiete-triduum-paschalne-2020","status":"publish","type":"post","link":"https:\/\/budy.przemyska.pl\/index.php\/2020\/03\/30\/oredzie-metropolity-przemyskiego-na-swiete-triduum-paschalne-2020\/","title":{"rendered":"Or\u0119dzie Metropolity Przemyskiego na \u015awi\u0119te Triduum Paschalne 2020"},"content":{"rendered":"<h3 style=\"text-align: center;\">\u015aWI\u0118TE TRIDUUM PASCHALNE<em><br \/>\n\t\u0141aska i&nbsp;pok&oacute;j od&nbsp;Tego kt&oacute;ry&nbsp;jest, kt&oacute;ry&nbsp;by\u0142 i&nbsp;kt&oacute;ry&nbsp;przychodzi<\/em><\/h3>\n<p style=\"text-align: right;\">Przemy\u015bl, 29 marca 2020 r.<\/p>\n<p><em>Drodzy Diecezjanie!<\/em><\/p>\n<p><strong>I. Smutek i&nbsp;trwoga, rado\u015b\u0107 i&nbsp;nadzieja wsp&oacute;\u0142czesnych uczni&oacute;w Chrystusa<\/strong><\/p>\n<p>W&nbsp;jednej ze&nbsp;swoich ksi\u0105\u017cek, \u015bw.&nbsp;J&oacute;zef Sebastian Pelczar przytoczy\u0142 opowiadanie &ndash; przypowie\u015b\u0107, m&oacute;wi\u0105c\u0105 o&nbsp;potrzebie nadziei w&nbsp;\u017cyciu cz\u0142owieka. Ot&oacute;\u017c pewnego razu, wszystkie cnoty, pod&nbsp;przewodnictwem cnoty sprawiedliwo\u015bci, postanowi\u0142y porzuci\u0107 splamion\u0105 tyloma wyst\u0119pkami ziemi\u0119 i&nbsp;odlecie\u0107 do&nbsp;swojej ojczyzny &ndash; do&nbsp;nieba. Jak postanowi\u0142y, tak&nbsp;te\u017c uczyni\u0142y. Gdy&nbsp;ju\u017c stan\u0119\u0142y u&nbsp;bram nieba, nie&nbsp;chciano ich tam wpu\u015bci\u0107, pytaj\u0105c, dlaczego tak&nbsp;szybko wr&oacute;ci\u0142y z&nbsp;ziemi. Odpowiedzia\u0142y, \u017ce&nbsp;niemo\u017cliwym jest d\u0142u\u017cej tam wytrzyma\u0107, bo ka\u017cda cnota bywa lekcewa\u017cona i&nbsp;prze\u015bladowana, a&nbsp;grzechy i&nbsp;zbrodnie, niczym ogromna pow&oacute;d\u017a, zalewaj\u0105 \u015bwiat. <em>Wejd\u017acie zatem<\/em> &ndash; powiedzia\u0142 od\u017awierny niebieski &ndash; <em>tylko&nbsp;ty, cierpliwo\u015bci, i&nbsp;ty nadziejo, wr&oacute;\u0107cie prosz\u0119 na&nbsp;ziemi\u0119, aby biedny cz\u0142owiek nie&nbsp;popad\u0142 w&nbsp;rozpacz w\u015br&oacute;d tylu pokus i&nbsp;cierpie\u0144<\/em>. Na&nbsp;te s\u0142owa wr&oacute;ci\u0142y owe dwie cnoty na&nbsp;ziemi\u0119. Kontynuuj\u0105c swoje rozwa\u017cania, \u015bw.&nbsp;J&oacute;zef Sebastian stwierdzi\u0142: &bdquo;dobrze si\u0119 sta\u0142o, bo jak\u017ceby s\u0142aby cz\u0142owiek potrafi\u0142 d\u017awiga\u0107 krzy\u017c \u017cycia, gdyby&nbsp;mu nie&nbsp;pomaga\u0142a cierpliwo\u015b\u0107? A&nbsp;jak\u017ceby sama cierpliwo\u015b\u0107 wytrzyma\u0142a, gdyby&nbsp;jej brak\u0142o nadziei? Nadzieja ta, podobna do&nbsp;go\u0142\u0119bicy Noego, przynosi nam zielon\u0105 ga\u0142\u0105zk\u0119 na&nbsp;znak, \u017ce&nbsp;wody utrapie\u0144 wkr&oacute;tce ust\u0105pi\u0105. Nadzieja to&nbsp;jakby gwiazda przy\u015bwiecaj\u0105ca ziemskiemu w\u0119drowcowi w&nbsp;ca\u0142ej drodze \u017cycia, a&nbsp;\u015bwiat\u0142o jej jest tak&nbsp;mi\u0142e, tak&nbsp;o\u017cywcze, tak&nbsp;pocieszaj\u0105ce, \u017ce&nbsp;gdyby&nbsp;jeden tylko&nbsp;promyk wnikn\u0105\u0142 do&nbsp;piek\u0142a, natychmiast to&nbsp;miejsce zgrozy sta\u0142oby si\u0119 rajem&rdquo;. (\u017bycie duchowe, Krak&oacute;w 2003, t. 1, s. 411-412).<\/p>\n<p>W&nbsp;tym niezwyk\u0142ym momencie dziej&oacute;w, kt&oacute;ry&nbsp;bywa nazywany wielkimi rekolekcjami wielkopostnymi, stajemy wobec konieczno\u015bci postawienia sobie wa\u017cnych, \u017cyciowych pyta\u0144 i&nbsp;szukania odpowiedzi na&nbsp;nie. Zastanawiamy si\u0119 przede wszystkim nad&nbsp;sensem i&nbsp;celem \u017cycia, nad&nbsp;tym, co tak&nbsp;naprawd\u0119 jest w&nbsp;nim najwa\u017cniejsze. W&nbsp;szczero\u015bci przed&nbsp;Bogiem i&nbsp;sob\u0105, by\u0107 mo\u017ce u\u015bwiadamiamy sobie, \u017ce&nbsp;niekt&oacute;re z&nbsp;przyj\u0119tych przez&nbsp;nas warto\u015bci, w&nbsp;oparciu o&nbsp;kt&oacute;re dotychczas wznosili\u015bmy fundamenty naszego \u017cycia, okaza\u0142y si\u0119 budowaniem na&nbsp;piasku. Obecna sytuacja domaga si\u0119 od&nbsp;nas osobistego rachunku sumienia, poszukiwania prawdy oraz&nbsp;postawy nadziei, kt&oacute;ra&nbsp;pozwoli przetrwa\u0107 trudne do\u015bwiadczenia i&nbsp;budowa\u0107 na&nbsp;skale ewangelicznych wskaza\u0144. Szukaj\u0105c \u017ar&oacute;d\u0142a nadziei dla nas, \u017cyj\u0105cych w&nbsp;XXI wieku, trzeba podj\u0105\u0107 refleksj\u0119 nad&nbsp;dotychczasowym stanem wiary, kt&oacute;ra&nbsp;jest \u017ar&oacute;d\u0142em nadziei. Trzeba nam zapyta\u0107 o&nbsp;obecno\u015b\u0107 Boga w&nbsp;historii naszego \u017cycia i&nbsp;o&nbsp;zamys\u0142 Stw&oacute;rcy, kt&oacute;ry&nbsp;w&nbsp;swojej Opatrzno\u015bci dopu\u015bci\u0142 trudne dla nas do\u015bwiadczenie zmagania si\u0119 z&nbsp;niepewno\u015bci\u0105 jutra, zwi\u0105zan\u0105 cho\u0107by z&nbsp;pandemi\u0105 nowego wirusa. W&nbsp;obliczu realnych zagro\u017ce\u0144, zastan&oacute;wmy si\u0119 nad&nbsp;dotychczasowymi systemami warto\u015bci, kt&oacute;rym&nbsp;czasami bezwiednie i&nbsp;bezrefleksyjnie ho\u0142dowali\u015bmy w&nbsp;naszej codzienno\u015bci. Popatrzmy wok&oacute;\u0142 siebie i&nbsp;zechciejmy dostrzec ludzi, kt&oacute;rzy&nbsp;w&nbsp;duchu wiary, nadziei i&nbsp;mi\u0142o\u015bci prze\u017cywaj\u0105 ten trudny czas. Z&nbsp;wdzi\u0119czno\u015bci\u0105 i&nbsp;uznaniem trzeba doceni\u0107 heroizm s\u0142u\u017cb medycznych i&nbsp;mundurowych. Dzi\u0119kujemy im za&nbsp;poczucie odpowiedzialno\u015bci i&nbsp;wierno\u015b\u0107 swoim powo\u0142aniom. Dzi\u0119kujemy za&nbsp;wra\u017cliwo\u015b\u0107 serca wszystkim, kt&oacute;rzy&nbsp;wspomagaj\u0105 wszelkie dzia\u0142ania pomocowe, \u015bwiadczone na&nbsp;rzecz chorych i&nbsp;potrzebuj\u0105cych oraz&nbsp;zaanga\u017cowanym w&nbsp;dzia\u0142ania maj\u0105ce na&nbsp;celu przeciwdzia\u0142anie rozszerzaniu si\u0119 epidemii. Tym samym realizujemy og&oacute;lne powo\u0142anie do&nbsp;tworzenia spo\u0142ecznej wsp&oacute;lnoty ludzi. Jedn\u0105 z&nbsp;tych wsp&oacute;lnot jest Ko\u015bci&oacute;\u0142, a&nbsp;wi\u0119c&nbsp;ca\u0142y Lud Bo\u017cy, kt&oacute;ry&nbsp;uczestniczy w&nbsp;trosce o&nbsp;dobro wszystkich ludzi, zar&oacute;wno to&nbsp;doczesne, jak i&nbsp;wieczne: &bdquo;Rado\u015b\u0107 i&nbsp;nadzieja, smutek i&nbsp;trwoga ludzi wsp&oacute;\u0142czesnych, zw\u0142aszcza ubogich i&nbsp;wszystkich cierpi\u0105cych, s\u0105 te\u017c rado\u015bci\u0105 i&nbsp;nadziej\u0105, smutkiem i&nbsp;trwog\u0105 uczni&oacute;w Chrystusowych; i&nbsp;nie&nbsp;ma nic prawdziwie ludzkiego, co nie&nbsp;mia\u0142oby odd\u017awi\u0119ku w&nbsp;ich sercu. Ich bowiem wsp&oacute;lnota sk\u0142ada si\u0119 z&nbsp;ludzi, kt&oacute;rzy&nbsp;zespoleni w&nbsp;Chrystusie prowadzeni s\u0105 przez&nbsp;Ducha \u015awi\u0119tego w&nbsp;swym pielgrzymowaniu do&nbsp;Kr&oacute;lestwa Ojca, i&nbsp;przyj\u0119li or\u0119dzie zbawienia, aby przedstawia\u0107 je wszystkim&rdquo; (Gaudium et spes nr&nbsp;1).<\/p>\n<p>Dla ludzi wierz\u0105cych nie&nbsp;powinno by\u0107 sytuacji beznadziejnych. Patrz\u0105c na&nbsp;aktualne wydarzenia, a&nbsp;jednocze\u015bnie maj\u0105c na&nbsp;uwadze dzieje zbawienia, trzeba pami\u0119ta\u0107 o&nbsp;obecno\u015bci w\u015br&oacute;d nas Chrystusa Pana, <em>kt&oacute;ry<\/em> <em>jest, kt&oacute;ry&nbsp;by\u0142 i&nbsp;kt&oacute;ry&nbsp;przychodzi<\/em>.<\/p>\n<p>Prawd\u0119 t\u0119 u\u015bwiadamiaj\u0105 nam najbli\u017csze dni, w&nbsp;kalendarzu liturgicznym nazywane \u015bwi\u0119tym Triduum Paschalnym. Maj\u0105 one przypomnie\u0107 nam t\u0119 zbawcz\u0105 i&nbsp;wyzwalaj\u0105c\u0105 obecno\u015b\u0107 Pana, kt&oacute;ry&nbsp;tak&nbsp;jak niegdy\u015b przeprowadzi\u0142 Izraelit&oacute;w przez&nbsp;Morze Czerwone, tak&nbsp;dzisiaj i&nbsp;nas chce przeprowadzi\u0107 w&nbsp;duchu wiary ku nadziei, z&nbsp;l\u0119ku do&nbsp;ufno\u015bci, ze&nbsp;\u015bmierci do&nbsp;\u017cycia, z&nbsp;w\u0105tpliwo\u015bci do&nbsp;zaufania, z&nbsp;egoizmu do&nbsp;heroicznej s\u0142u\u017cby najbli\u017cszym.<\/p>\n<p>Spr&oacute;bujmy sprosta\u0107 wyzwaniu stoj\u0105cemu przed&nbsp;nami, lud\u017ami t\u0119skni\u0105cymi za&nbsp;wsp&oacute;lnotowymi nabo\u017ce\u0144stwami Wielkiego Tygodnia. Zr&oacute;bmy wszystko, by&nbsp;te dni by\u0142y prze\u017cywane z&nbsp;odpowiednim wewn\u0119trznym nastawieniem, by&nbsp;umocni\u0142y nasz\u0105 wiar\u0119 oraz&nbsp;by\u0142y \u017ar&oacute;d\u0142em nadziei. Zapewne te \u015bwi\u0119te dni b\u0119d\u0105 przez&nbsp;nas w&nbsp;tym roku prze\u017cywane w&nbsp;zupe\u0142nie innej scenerii ni\u017c dotychczas. Uczestnictwo w&nbsp;celebracji zbli\u017caj\u0105cego si\u0119 Triduum za&nbsp;po\u015brednictwem przekazu radiowego, telewizyjnego czy&nbsp;internetowego, co zapewne b\u0119dziemy czyni\u0107 w&nbsp;duchu wiary, niech&nbsp;umocni w&nbsp;nas poczucie jedno\u015bci wsp&oacute;lnoty Ko\u015bcio\u0142a.<\/p>\n<p><strong>II. \u015awi\u0119te Triduum Paschalne &ndash; zbawcze i&nbsp;wyzwalaj\u0105ce przej\u015bcie Pana<\/strong><\/p>\n<p>Najpierw trzeba nam u\u015bwiadomi\u0107 sobie, \u017ce&nbsp;\u015awi\u0119te Triduum Paschalne jest zbawczym i&nbsp;wyzwalaj\u0105cym przej\u015bciem Pana. R&oacute;\u017cne s\u0105 t\u0142umaczenia etymologiczne terminu &bdquo;pascha&rdquo;, kt&oacute;rym&nbsp;tak&nbsp;cz\u0119sto si\u0119 pos\u0142ugujemy. Najcz\u0119\u015bciej pod&nbsp;tym poj\u0119ciem rozumie si\u0119 rzeczywisto\u015b\u0107, w&nbsp;kt&oacute;rej podkre\u015bla si\u0119 przej\u015bcie Izraelit&oacute;w z&nbsp;niewoli egipskiej do&nbsp;Ziemi Obiecanej oraz&nbsp;wyzwalaj\u0105ce, a&nbsp;tym samym zbawcze przej\u015bcie Boga, kt&oacute;ry&nbsp;widzi uciemi\u0119\u017cony lud i&nbsp;chce go wyprowadzi\u0107 z&nbsp;niewoli do&nbsp;wolno\u015bci. To&nbsp;zbawcze przej\u015bcie Boga niszczy grzech oraz&nbsp;&ndash; przez&nbsp;wiar\u0119 &ndash; rodzi nadziej\u0119 w&nbsp;ludziach chc\u0105cych za&nbsp;Nim pod\u0105\u017ca\u0107. Pascha roztacza zatem perspektyw\u0119 wyzwolenia od&nbsp;grzechu, niew\u0142a\u015bciwych przywi\u0105za\u0144 i&nbsp;nadmiernego ho\u0142dowania doczesno\u015bci.<\/p>\n<p>Chrystus, przychodz\u0105c na&nbsp;\u015bwiat, aby wype\u0142ni\u0107 Pasch\u0119 Izraela, zapowiada wyzwolenie z&nbsp;niewoli grzechu i&nbsp;\u015bmierci. Jego Misterium Paschalne (m\u0119ka, \u015bmier\u0107 i&nbsp;zmartwychwstanie), kt&oacute;re Ko\u015bci&oacute;\u0142 celebruje w&nbsp;liturgii (<em>Sacrosanctum Concilium<\/em>, nr&nbsp;102), jest \u017ar&oacute;d\u0142em codziennej paschy chrze\u015bcijanina: umierania dla grzechu, aby \u017cy\u0107 w&nbsp;wolno\u015bci dzieci Bo\u017cych.<\/p>\n<p>Wierz\u0105c i&nbsp;ufaj\u0105c, \u017ce&nbsp;B&oacute;g nas nigdy nie&nbsp;opuszcza, sp&oacute;jrzmy oczyma wiary na&nbsp;trzy \u015bwi\u0119te dni Triduum, kt&oacute;re ugruntuj\u0105 lub wskrzesz\u0105 w&nbsp;nas postaw\u0119 nadziei w&nbsp;to, \u017ce&nbsp;niebawem otrzymamy od&nbsp;Niego pok&oacute;j serca i&nbsp;potrzebne \u0142aski.<\/p>\n<p><strong>Wielki Czwartek <\/strong>to&nbsp;dzie\u0144, w&nbsp;kt&oacute;rym&nbsp;Jezus ustanowi\u0142 sakrament Eucharystii i&nbsp;kap\u0142a\u0144stwa. Kiedy b\u0119dziemy uczestniczy\u0107 w&nbsp;liturgii tego dnia, prawdopodobnie przed&nbsp;odbiornikami telewizyjnymi, radiowymi i&nbsp;internetowymi, aktem strzelistym wyra\u017cajmy wiar\u0119 w&nbsp;obecno\u015b\u0107 Jezusa w&nbsp;Eucharystii. Przyjmujmy Komuni\u0119 \u015bwi\u0119t\u0105 duchow\u0105. Postarajmy si\u0119 w&nbsp;ciszy serca wypowiada\u0107 swoj\u0105 t\u0119sknot\u0119 za&nbsp;Jego obecno\u015bci\u0105 w&nbsp;naszym \u017cyciu. Pytajmy w&nbsp;chwili zadumy o&nbsp;nasze dotychczasowe uczestnictwo w&nbsp;niedzielnych Mszach \u015awi\u0119tych, o&nbsp;gorliwo\u015b\u0107 i&nbsp;godne przyjmowanie Komunii \u015bwi\u0119tej. Niech&nbsp;ten dzie\u0144 b\u0119dzie te\u017c dla nas niecodzienn\u0105 sposobno\u015bci\u0105, aby\u015bmy wypraszali dar powo\u0142a\u0144 kap\u0142a\u0144skich i&nbsp;zakonnych: oby nie&nbsp;zabrak\u0142o m\u0142odych ch\u0142opc&oacute;w i&nbsp;dziewcz\u0105t, kt&oacute;rzy, rozmi\u0142owani w&nbsp;Chrystusie, us\u0142ysz\u0105 Jego wezwanie i&nbsp;p&oacute;jd\u0105 za&nbsp;Nim, by&nbsp;uczestniczy\u0107 w&nbsp;misji szerzenia Kr&oacute;lestwa Bo\u017cego na&nbsp;ziemi.<\/p>\n<p>Gest umywania n&oacute;g, kt&oacute;ry&nbsp;z&nbsp;powodu epidemii nie&nbsp;b\u0119dzie wykonywany, niech&nbsp;sk\u0142oni nas do&nbsp;pytania o&nbsp;czynn\u0105 mi\u0142o\u015b\u0107 bratni\u0105, \u015bwiadczon\u0105 na&nbsp;rzecz potrzebuj\u0105cych. W&nbsp;obecnej chwili, owych cichych wo\u0142a\u0144 o&nbsp;chrze\u015bcija\u0144sk\u0105 solidarno\u015b\u0107 oraz&nbsp;gest otwartego serca i&nbsp;d\u0142oni, jest wiele. S\u0142ycha\u0107 echo wo\u0142ania ludzi samotnych, starszych, b\u0119d\u0105cych w&nbsp;kwarantannach, a&nbsp;tak\u017ce os&oacute;b tak&nbsp;bardzo zaanga\u017cowanych w&nbsp;pomoc innym: personelu medycznego, s\u0142u\u017cb mundurowych, wolontariuszy. Oka\u017cmy im wyrazy solidarno\u015bci i&nbsp;wsparcia przez&nbsp;modlitw\u0119, telefon oraz&nbsp;&ndash; je\u015bli to&nbsp;mo\u017cliwe &ndash; przez&nbsp;wszelkie inne inicjatywy ukazuj\u0105ce nasz\u0105 wdzi\u0119czno\u015b\u0107 i&nbsp;pomoc.<\/p>\n<p>Pami\u0119tajmy: Eucharystia to&nbsp;Sakrament Mi\u0142o\u015bci! To&nbsp;Jezus Chrystus, obdarowuj\u0105cy nas \u0142ask\u0105 i&nbsp;pokojem!<\/p>\n<p>W&nbsp;<strong>Wielki Pi\u0105tek<\/strong> celebrujemy Liturgi\u0119 M\u0119ki Pa\u0144skiej. To&nbsp;dzie\u0144, w&nbsp;kt&oacute;rym&nbsp;Chrystus zosta\u0142 ofiarowany jako nasza Pascha (1 Kor 5,7). Dzie\u0144, kt&oacute;ry&nbsp;zawiera w&nbsp;sobie tajemnic\u0119 nieopisanego b&oacute;lu, cierpienia i&nbsp;uni\u017cenia, kt&oacute;re prze\u017cywa\u0142 Jezus Chrystus, upodabniaj\u0105c si\u0119 tym samym do&nbsp;nas we&nbsp;wszystkim opr&oacute;cz grzechu. Od&nbsp;tego pami\u0119tnego wydarzenia, Krzy\u017c sta\u0142 si\u0119 dla nas po\u015bwiadczeniem mi\u0142o\u015bci Boga a\u017c do&nbsp;ko\u0144ca oraz&nbsp;\u017ar&oacute;d\u0142em nadziei, \u017ce&nbsp;przecie\u017c B&oacute;g nas nie&nbsp;opu\u015bci. Spogl\u0105dajmy w&nbsp;tym dniu z&nbsp;wielk\u0105 czci\u0105 i&nbsp;wiar\u0105 na&nbsp;krzy\u017ce zawieszone w&nbsp;naszych domach. Mo\u017cna w&nbsp;swoim domu rodzinnym przeprowadzi\u0107 osobist\u0105 adoracj\u0119 Krzy\u017ca. W&nbsp;chwili, kiedy b\u0119dziemy si\u0119 \u0142\u0105czy\u0107 duchowo z&nbsp;celebracjami transmitowanymi przez&nbsp;\u015brodki masowego przekazu, trzymajmy go w&nbsp;d\u0142oni, przeka\u017cmy innym cz\u0142onkom rodziny, uca\u0142ujmy go z&nbsp;czci\u0105. Pro\u015bmy Ukrzy\u017cowanego Pana, aby da\u0142 nam odczu\u0107 i&nbsp;zrozumie\u0107, \u017ce&nbsp;cierpienie nie&nbsp;jest kresem, lecz&nbsp;pr&oacute;b\u0105, a&nbsp;Jego Krzy\u017c nie&nbsp;jest przegran\u0105, lecz&nbsp;dowodem mi\u0142o\u015bci, rajskim drzewem \u017cycia, znakiem zbawienia, kluczem do&nbsp;nieba. Niech&nbsp;w&nbsp;tym dniu nie&nbsp;zabraknie w&nbsp;naszych rodzinach my\u015bli o&nbsp;chorych, cierpi\u0105cych, przykutych do&nbsp;\u0142o\u017ca bole\u015bci. Wzno\u015bmy modlitwy do&nbsp;Ukrzy\u017cowanego tak\u017ce w&nbsp;intencji ekspiacji za&nbsp;grzechy przeciwko Bogu i&nbsp;bli\u017aniemu. Usi\u0142ujmy dostrzec w&nbsp;Krzy\u017cu drogowskaz prowadz\u0105cy nas do&nbsp;zbawienia.<\/p>\n<p><strong>Wielka Sobota<\/strong> to&nbsp;dzie\u0144, w&nbsp;kt&oacute;rym&nbsp;wspominamy przede wszystkim zst\u0105pienie Chrystusa do&nbsp;otch\u0142ani, czyli tam, gdzie ciemno\u015b\u0107 \u015bmierci ogarn\u0119\u0142a Adama i&nbsp;Ew\u0119, oczekuj\u0105cych &ndash; wraz z&nbsp;wszystkimi, kt&oacute;rzy&nbsp;pomarli &ndash; \u015bwiat\u0142a zbawienia. Jezus pragnie zst\u0105pi\u0107 tak\u017ce do&nbsp;naszych otch\u0142ani: tam, gdzie oddalili\u015bmy si\u0119 od&nbsp;Boga i&nbsp;gdzie oczekujemy Jego wyzwolenia. By\u0107 mo\u017ce ju\u017c d\u0142ugo nie&nbsp;korzystali\u015bmy z&nbsp;sakramentu pokuty i&nbsp;trwamy w&nbsp;grzechu ci\u0119\u017ckim? Mo\u017ce ciemno\u015bciami naszego \u017cycia s\u0105 niepouk\u0142adane relacje rodzinne, z\u0142o\u015b\u0107, niezgoda? Postarajmy si\u0119 o&nbsp;wzbudzenie \u017calu doskona\u0142ego, czyli p\u0142yn\u0105cego z&nbsp;mi\u0142o\u015bci do&nbsp;Boga; patrz\u0105c na&nbsp;krzy\u017c, wyra\u017cajmy szczer\u0105 pro\u015bb\u0119 o&nbsp;przebaczenie grzech&oacute;w. Gdy&nbsp;tylko&nbsp;b\u0119dzie to&nbsp;mo\u017cliwe, skorzystajmy jak najszybciej ze&nbsp;spowiedzi sakramentalnej. Jezus pragnie przyj\u015b\u0107 jako \u015bwiat\u0142o prawdziwe i&nbsp;o\u015bwieci\u0107 \u015bwiat\u0142em swojej \u0142aski mroki ludzkich, egoistycznych d\u0105\u017ce\u0144.<\/p>\n<p>W&nbsp;<strong>Wigili\u0119 Paschaln\u0105<\/strong> ws\u0142uchujmy si\u0119 w&nbsp;czytania liturgiczne. By\u0107 mo\u017ce, w&nbsp;obecnych czasach niepokoju, prowadzeni przez&nbsp;opowie\u015b\u0107 o&nbsp;dziejach zbawienia, z&nbsp;wi\u0119kszym przekonaniem i&nbsp;wiar\u0105 us\u0142yszymy i&nbsp;uwierzymy w&nbsp;Bo\u017c\u0105 mi\u0142o\u015b\u0107 do&nbsp;cz\u0142owieka. B&oacute;g bowiem nigdy nie&nbsp;zostawia cz\u0142owieka samego w&nbsp;chwilach trudnych do\u015bwiadcze\u0144 i&nbsp;bezradno\u015bci! To&nbsp;w&nbsp;tym dniu wybrzmi or\u0119dzie nadziei, wy\u015bpiewane w&nbsp;hymnie <em>Exultet<\/em> i&nbsp;zawarte w&nbsp;czytaniach mszalnych. W&nbsp;chwili, kiedy b\u0119dziemy prze\u017cywa\u0107 liturgi\u0119 chrzcieln\u0105, z&nbsp;wiar\u0105 wspominaj\u0105c nasz w\u0142asny chrzest, uczy\u0144my znak krzy\u017ca. Niech&nbsp;b\u0119dzie to&nbsp;akt wyznania naszej wiary oraz&nbsp;rado\u015b\u0107 z&nbsp;przynale\u017cno\u015bci do&nbsp;Ko\u015bcio\u0142a Chrystusowego.<\/p>\n<p><strong>III. Zmartwychwsta\u0142 i&nbsp;\u017cyje<\/strong><\/p>\n<p><em>Drodzy Diecezjanie!<\/em><\/p>\n<p>\u017bywi\u0119 g\u0142\u0119bok\u0105 nadziej\u0119, \u017ce&nbsp;wsp&oacute;lna modlitwa podczas tegorocznych, tak&nbsp;niecodziennych celebracji Triduum Paschalnego, w&nbsp;duchowej \u0142\u0105czno\u015bci, wspieranej przez&nbsp;katolickie media, umocni nas na&nbsp;drodze do&nbsp;zbawienia. Jako rodzina diecezjalna \u0142\u0105czmy si\u0119 przede wszystkim przez&nbsp;po\u015brednictwo Radia FARA &ndash; Rozg\u0142o\u015bni Archidiecezji Przemyskiej. Dzi\u0119kuj\u0119 wszystkim za&nbsp;modlitwy oraz&nbsp;inicjatywy nios\u0105ce pomoc &ndash; coraz cz\u0119\u015bciej w&nbsp;heroiczny spos&oacute;b &ndash; chorym, cierpi\u0105cym, potrzebuj\u0105cym i&nbsp;w\u0105tpi\u0105cym.<\/p>\n<p>Chrystus zmartwychwsta\u0142 i&nbsp;\u017cyje! To&nbsp;najpi\u0119kniejsze or\u0119dzie i&nbsp;\u017ar&oacute;d\u0142o nadziei. Skoro w&nbsp;nie wierzymy, nie&nbsp;jeste\u015bmy i&nbsp;nie&nbsp;zostaniemy sami. Oby\u015bmy jak najszybciej cieszyli si\u0119 ze&nbsp;zwyci\u0119stwa \u017cycia, danego nam przez&nbsp;Boga oraz&nbsp;radowali owocami dobroci, \u015bwiadczonej przez&nbsp;naszych bli\u017anich.<\/p>\n<p style=\"text-align: center;\">Wszechmog\u0105cy, Tr&oacute;jjedyny Bo\u017ce!<br \/>\n\tNiech ka\u017cdy z&nbsp;nas us\u0142yszy w&nbsp;sercu Tw&oacute;j&nbsp;g\u0142os:<br \/>\n\t<strong><em>Nie&nbsp;b&oacute;jcie si\u0119! Jam Jest!<\/em><\/strong><\/p>\n<p style=\"text-align: center;\">Zawierzaj\u0105c Was wszystkich Maryi,<br \/>\n\tMatce Bolesnej, Matce raduj\u0105cej si\u0119 ze&nbsp;Zmartwychwstania Syna,<br \/>\n\tPocieszycielce strapionych,<br \/>\n\tz serca b\u0142ogos\u0142awi\u0119.<\/p>\n<p style=\"text-align: right;\">\u2720 Adam Szal<br \/>\n\tArcybiskup Metropolita Przemyski<\/p>\n","protected":false},"excerpt":{"rendered":"<p>\u015aWI\u0118TE TRIDUUM PASCHALNE \u0141aska i&nbsp;pok&oacute;j od&nbsp;Tego kt&oacute;ry&nbsp;jest, kt&oacute;ry&nbsp;by\u0142 i&nbsp;kt&oacute;ry&nbsp;przychodzi Przemy\u015bl, 29 marca 2020 r. Drodzy Diecezjanie! I. Smutek i&nbsp;trwoga, rado\u015b\u0107 i&nbsp;nadzieja wsp&oacute;\u0142czesnych uczni&oacute;w Chrystusa W&nbsp;jednej ze&nbsp;swoich ksi\u0105\u017cek, \u015bw.&nbsp;J&oacute;zef Sebastian Pelczar &hellip; <a href=\"https:\/\/budy.przemyska.pl\/index.php\/2020\/03\/30\/oredzie-metropolity-przemyskiego-na-swiete-triduum-paschalne-2020\/\" class=\"more-link\">Czytaj dalej <span class=\"screen-reader-text\">Or\u0119dzie Metropolity Przemyskiego na \u015awi\u0119te Triduum Paschalne 2020<\/span> <span class=\"meta-nav\">&rarr;<\/span><\/a><\/p>\n","protected":false},"author":1,"featured_media":0,"comment_status":"closed","ping_status":"closed","sticky":false,"template":"","format":"standard","meta":{"footnotes":""},"categories":[6],"tags":[],"class_list":["post-3004","post","type-post","status-publish","format-standard","hentry","category-aktualnosci"],"_links":{"self":[{"href":"https:\/\/budy.przemyska.pl\/index.php\/wp-json\/wp\/v2\/posts\/3004","targetHints":{"allow":["GET"]}}],"collection":[{"href":"https:\/\/budy.przemyska.pl\/index.php\/wp-json\/wp\/v2\/posts"}],"about":[{"href":"https:\/\/budy.przemyska.pl\/index.php\/wp-json\/wp\/v2\/types\/post"}],"author":[{"embeddable":true,"href":"https:\/\/budy.przemyska.pl\/index.php\/wp-json\/wp\/v2\/users\/1"}],"replies":[{"embeddable":true,"href":"https:\/\/budy.przemyska.pl\/index.php\/wp-json\/wp\/v2\/comments?post=3004"}],"version-history":[{"count":0,"href":"https:\/\/budy.przemyska.pl\/index.php\/wp-json\/wp\/v2\/posts\/3004\/revisions"}],"wp:attachment":[{"href":"https:\/\/budy.przemyska.pl\/index.php\/wp-json\/wp\/v2\/media?parent=3004"}],"wp:term":[{"taxonomy":"category","embeddable":true,"href":"https:\/\/budy.przemyska.pl\/index.php\/wp-json\/wp\/v2\/categories?post=3004"},{"taxonomy":"post_tag","embeddable":true,"href":"https:\/\/budy.przemyska.pl\/index.php\/wp-json\/wp\/v2\/tags?post=3004"}],"curies":[{"name":"wp","href":"https:\/\/api.w.org\/{rel}","templated":true}]}}