{"id":3002,"date":"2020-03-27T18:11:35","date_gmt":"2020-03-27T17:11:35","guid":{"rendered":"http:\/\/www.budylancuckie.przemyska.pl\/?p=3002"},"modified":"2020-03-27T18:11:35","modified_gmt":"2020-03-27T17:11:35","slug":"ogloszenia-parafialne-29-03-2020","status":"publish","type":"post","link":"https:\/\/budy.przemyska.pl\/index.php\/2020\/03\/27\/ogloszenia-parafialne-29-03-2020\/","title":{"rendered":"Og\u0142oszenia parafialne 29-03-2020"},"content":{"rendered":"<h2 style=\"text-align: center;\"><strong><span style=\"color: rgb(0, 0, 128);\">V Niedziela Wielkiego Postu &#8211; 29-03-2020<\/span><\/strong><\/h2>\n<h2 style=\"text-align: center;\"><strong><span style=\"color: rgb(0, 0, 128);\">Og\u0142oszenia<br \/>\n\t<\/span><\/strong><\/h2>\n<ol>\n<li>Dzi\u015b ju\u017c po po\u0142udniu nie b\u0119dzie \u017cadnych nabo\u017ce\u0144stw.<\/li>\n<li>Od poniedzia\u0142ku Msze \u015bw. b\u0119d\u0105 odprawiane o godz.18.00. <\/li>\n<li>W tym tygodniu wypada I czwartek, I pi\u0105tek i I sobota miesi\u0105ca. W I czwartek modlimy si\u0119 za powo\u0142anych oraz o nowe powo\u0142ania do S\u0142u\u017cby Bo\u017cej.<\/li>\n<li>W I pi\u0105tek wynagradzamy Sercu Pana Jezusa za grzechy. Rano Msza \u015bw. o godz. 6.30. Ze wzgl\u0119du na zaistnia\u0142\u0105 sytuacj\u0119, nie b\u0119dzie odwiedzin chorych w I pi\u0105tek miesi\u0105ca, ani tak\u017ce tych, kt&oacute;rzy korzystaj\u0105 z pos\u0142ugi przed \u015awi\u0119tami. Jedyna mo\u017cliwo\u015b\u0107 pos\u0142ugi sakramentalnej wobec chorych zosta\u0142a ograniczona tylko do sytuacji niebezpiecze\u0144stwa \u015bmierci.&nbsp;<\/li>\n<li>W I sobot\u0119 czcimy Niepokalane Serce NMP. Msza \u015bw. o godz.18.00. Prosz\u0119 przez kolejny okres odmawia\u0107 tajemnic\u0119 otrzyman\u0105 przy ostatniej zmianie.<\/li>\n<li>W ub. niedziel\u0119 &ndash; 22 marca zmar\u0142 w Rzeszowie w wieku 87 l. nasz parafianin o. Bogus\u0142aw Golak &ndash; Dominikanin.<\/li>\n<li>Najbli\u017csza niedziela to Niedziela M\u0119ki Pa\u0144skiej, czyli Palmowa. <\/li>\n<li>Mo\u017cliwo\u015b\u0107 skorzystania z sakramentu Spowiedzi \u015bw. tylko z zachowaniem wszelkich \u015brodk&oacute;w ostro\u017cno\u015bci.<\/li>\n<li>W tym szczeg&oacute;lnym czasie prze\u017cywanej epidemii otoczmy nasz\u0105 trosk\u0105 ludzi starszych, chorych i samotnych umo\u017cliwiaj\u0105c im zakupy oraz najprostsze sprawunki u\u0142atwiaj\u0105ce im codzienne \u017cycie.<\/li>\n<li><strong>Udzia\u0142 w sprawowanej Mszy \u015bw. zosta\u0142 ograniczony do 5-ciu os&oacute;b, zar&oacute;wno w dni powszednie, jak i w niedziel\u0119, i przez okres Triduum Paschalnego. Niech zatem w ramach limitu 5- ciu os&oacute;b, we Mszy \u015bw. uczestnicz\u0105 te osoby, kt&oacute;re maj\u0105 zam&oacute;wion\u0105 intencj\u0119. <br \/>\n\t\t<\/strong><\/li>\n<li>Niech ten trudny okres rozprzestrzeniania si\u0119 \u015bmiertelnej epidemii, b\u0119dzie dla nas czasem powierzania si\u0119 Bo\u017cej Opatrzno\u015bci i wyra\u017cania w sercu naszej ufno\u015bci w Bo\u017c\u0105 opiek\u0119 nad ca\u0142ym \u015bwiatem.<\/li>\n<li>B&oacute;g zap\u0142a\u0107 osobom sprz\u0105taj\u0105cym i stroj\u0105cym ko\u015bci&oacute;\u0142 oraz za wszystkie ofiary sk\u0142adane na potrzeby parafii.<br \/>\n\t\t.<\/li>\n<\/ol>\n<h3 style=\"text-align: center;\"><strong><span style=\"color: rgb(0, 0, 128);\">Intencje mszalne<\/span><\/strong><\/h3>\n<h4 style=\"text-align: center;\"><strong><span style=\"color: rgb(0, 0, 128);\">od 30 marca 2020 do 5 kwietnia 2020<\/span><\/strong><\/h4>\n<h4><strong><br \/>\n\tGdyby zbyt d\u0142ugi czas nie by\u0142a og\u0142oszona zam&oacute;wiona intencja mszalna &ndash; prosimy o zg\u0142oszenie tego kap\u0142anowi.&nbsp; Zam&oacute;wiona intencja nie mo\u017ce zgin\u0105\u0107.<br \/>\n\t<\/strong><\/h4>\n<p><u><strong>Poniedzia\u0142ek &#8211; 30 marzec<\/strong><\/u><br \/>\n\t1. + Stanis\u0142awa Kita (greg.); <br \/>\n\t2. + Maria Pelc od s\u0105siad&oacute;w;<br \/>\n\t3. + Maria Kubis od r. \u017bak &#8211; Pucha\u0142a;<\/p>\n<p><u><strong>Wtorek &#8211; 31 marzec<br \/>\n\t<\/strong><\/u>1. + Stanis\u0142awa Kita(greg.); <br \/>\n\t2. ++ J&oacute;zef W\u0142adys\u0142awa Kurek; Maria, Antoni Golenia; <br \/>\n\t3. + Magdalena, Karolina Kruk, J&oacute;zefa Bester;<\/p>\n<p><u><strong>\u015aroda &#8211; 1 kwiecie\u0144<\/strong><\/u><br \/>\n\t1. + Stanis\u0142awa Kita (greg.); <br \/>\n\t2. ++ Weronika, Stanis\u0142aw, Jan Chmura; <br \/>\n\t3. ++ Zofia, Leon Skrabucha i zm. z rodziny;<\/p>\n<p><u><strong>Czwartek &#8211; 2 kwiecie\u0144<\/strong><\/u><br \/>\n\t1. + Teresa W\u0119grzyn od Piotra Pelc z rodzin\u0105; <br \/>\n\t2. + Boles\u0142aw Rupar od r.Kurek; <br \/>\n\t3. + Weronika Dr\u0105g od syna z rodzin\u0105;<\/p>\n<p>\t<u><strong>Pi\u0105tek &#8211; 3 kwiecie\u0144<\/strong><\/u><br \/>\n\t1. ++ Stefan i Maria Sobkowicz; <br \/>\n\t2. + Arkadiusz Sanok od r. Por\u0119bny &#8211; Kie\u0142b; <br \/>\n\t3. W intencji wiadomej;<\/p>\n<p><u><strong>Sobota &#8211; 4 kwiecie\u0144<\/strong><\/u><br \/>\n\t1. + Weronika Mach; <br \/>\n\t2. ++ W\u0142adys\u0142aw, Stanis\u0142awa Ko\u0142odziej, J&oacute;zef Cebulak i El\u017cbieta Kukulska; <br \/>\n\t3. ++ chrzestni: Maria Babiarz, Antoni Kojder;<\/p>\n<p><u><strong>Niedziela &#8211; 5 kwiecie\u0144<\/strong><\/u><br \/>\n\t6.30 + Maria Nykiel od r. Nowak; <br \/>\n\t8.00 + Maria i Franciszek Cebulak; <br \/>\n\t10.30 Za parafian; + Zofia Kr&oacute;l z r&oacute;\u017cy \u015bw. Heleny;<\/p>\n","protected":false},"excerpt":{"rendered":"<p>V Niedziela Wielkiego Postu &#8211; 29-03-2020 Og\u0142oszenia Dzi\u015b ju\u017c po po\u0142udniu nie b\u0119dzie \u017cadnych nabo\u017ce\u0144stw. Od poniedzia\u0142ku Msze \u015bw. b\u0119d\u0105 odprawiane o godz.18.00. W tym tygodniu wypada I czwartek, I &hellip; <a href=\"https:\/\/budy.przemyska.pl\/index.php\/2020\/03\/27\/ogloszenia-parafialne-29-03-2020\/\" class=\"more-link\">Czytaj dalej <span class=\"screen-reader-text\">Og\u0142oszenia parafialne 29-03-2020<\/span> <span class=\"meta-nav\">&rarr;<\/span><\/a><\/p>\n","protected":false},"author":1,"featured_media":0,"comment_status":"closed","ping_status":"closed","sticky":false,"template":"","format":"standard","meta":{"footnotes":""},"categories":[6,4],"tags":[],"class_list":["post-3002","post","type-post","status-publish","format-standard","hentry","category-aktualnosci","category-ogloszenia"],"_links":{"self":[{"href":"https:\/\/budy.przemyska.pl\/index.php\/wp-json\/wp\/v2\/posts\/3002","targetHints":{"allow":["GET"]}}],"collection":[{"href":"https:\/\/budy.przemyska.pl\/index.php\/wp-json\/wp\/v2\/posts"}],"about":[{"href":"https:\/\/budy.przemyska.pl\/index.php\/wp-json\/wp\/v2\/types\/post"}],"author":[{"embeddable":true,"href":"https:\/\/budy.przemyska.pl\/index.php\/wp-json\/wp\/v2\/users\/1"}],"replies":[{"embeddable":true,"href":"https:\/\/budy.przemyska.pl\/index.php\/wp-json\/wp\/v2\/comments?post=3002"}],"version-history":[{"count":0,"href":"https:\/\/budy.przemyska.pl\/index.php\/wp-json\/wp\/v2\/posts\/3002\/revisions"}],"wp:attachment":[{"href":"https:\/\/budy.przemyska.pl\/index.php\/wp-json\/wp\/v2\/media?parent=3002"}],"wp:term":[{"taxonomy":"category","embeddable":true,"href":"https:\/\/budy.przemyska.pl\/index.php\/wp-json\/wp\/v2\/categories?post=3002"},{"taxonomy":"post_tag","embeddable":true,"href":"https:\/\/budy.przemyska.pl\/index.php\/wp-json\/wp\/v2\/tags?post=3002"}],"curies":[{"name":"wp","href":"https:\/\/api.w.org\/{rel}","templated":true}]}}