{"id":3000,"date":"2020-03-25T15:45:22","date_gmt":"2020-03-25T14:45:22","guid":{"rendered":"http:\/\/www.budylancuckie.przemyska.pl\/?p=3000"},"modified":"2020-03-25T15:45:22","modified_gmt":"2020-03-25T14:45:22","slug":"zarzadzenie-metropolity-przemyskiego-z-25-marca-2020-r","status":"publish","type":"post","link":"https:\/\/budy.przemyska.pl\/index.php\/2020\/03\/25\/zarzadzenie-metropolity-przemyskiego-z-25-marca-2020-r\/","title":{"rendered":"Zarz\u0105dzenie Metropolity Przemyskiego z 25 marca 2020 r."},"content":{"rendered":"<p style=\"text-align: right;\">Przemy\u015bl, 25 marca 2020 r., L.dz. 462\/021\/2020<\/p>\n<p><em>Drodzy Kap\u0142ani, Czcigodni Diecezjanie!<\/em><\/p>\n<p>W&nbsp;duchu odpowiedzialno\u015bci za&nbsp;wszystkich wiernych, zar&oacute;wno tych, kt&oacute;rzy&nbsp;z&nbsp;racji na&nbsp;wype\u0142nianie obowi\u0105zk&oacute;w zawodowych s\u0142u\u017c\u0105 innym i&nbsp;podejmuj\u0105 zlecon\u0105 im prac\u0119, jak i&nbsp;tych, kt&oacute;rzy&nbsp;ze&nbsp;wzgl\u0119du na&nbsp;wprowadzone od&nbsp;25 marca br.&nbsp;nowe regulacje pozostaj\u0105 w&nbsp;domach rodzinnych, zobowi\u0105zuj\u0119 wszystkich kap\u0142an&oacute;w do&nbsp;bezwzgl\u0119dnego przestrzegania zasad maj\u0105cych na&nbsp;celu ograniczenie rozprzestrzeniania si\u0119 epidemii. Wszystkich wiernych prosz\u0119 o&nbsp;zrozumienie sytuacji i&nbsp;przestrzeganie wprowadzonych poni\u017cej rozporz\u0105dze\u0144.<\/p>\n<h3><strong>I. MSZA \u015aWI\u0118TA<\/strong><\/h3>\n<p><strong>Wobec trwaj\u0105cej epidemii, przed\u0142u\u017cam do&nbsp;odwo\u0142ania dyspens\u0119 od&nbsp;obowi\u0105zku niedzielnej i&nbsp;\u015bwi\u0105te&shy;cznej Mszy \u015awi\u0119tej.<\/strong> Przypominam, \u017ce&nbsp;dyspens\u0105 obj\u0119te s\u0105 osoby w&nbsp;podesz\u0142ym wieku, osoby z&nbsp;objawami infekcji (np.&nbsp;kaszel, katar, podwy\u017cszona temperatura, itp.), dzieci i&nbsp;m\u0142odzie\u017c szkolna oraz&nbsp;doro\u015bli, kt&oacute;rzy&nbsp;sprawuj\u0105 nad&nbsp;nimi bezpo\u015bredni\u0105 opiek\u0119, osoby, kt&oacute;re czuj\u0105 obaw\u0119 przed&nbsp;zara\u017ceniem oraz&nbsp;osoby, kt&oacute;re nie&nbsp;b\u0119d\u0105 mog\u0142y uczestniczy\u0107 w&nbsp;Eucharystii ze&nbsp;wzgl\u0119du na&nbsp;ograniczenia pa\u0144stwowe.<\/p>\n<p>Maj\u0105c na&nbsp;uwadze ograniczenie zgromadze\u0144 do&nbsp;5 os&oacute;b, co dotyczy r&oacute;wnie\u017c uczestnik&oacute;w Mszy \u015bwi\u0119tej, zach\u0119cam wszystkich wiernych, by&nbsp;wobec niemo\u017cno\u015bci udzia\u0142u w&nbsp;celebracjach liturgicz&shy;nych <em>oddali Panu t\u0119 wielk\u0105 ofiar\u0119, jak\u0105 przynosi brak Mszy \u015awi\u0119tej i&nbsp;uczestnictwa w&nbsp;Stole Eucharystycznym, \u017cyjmy w&nbsp;komunii ze&nbsp;wszystkimi, kt&oacute;rzy&nbsp;tak\u017ce z&nbsp;powodu braku kap\u0142an&oacute;w nie&nbsp;maj\u0105 przywileju codziennego uczestnictwa w&nbsp;\u015awi\u0119tej Ofierze (kard. Jo&atilde;o Braz de Aviz). <\/em>Z\u0142o\u017cenie tej&nbsp;ofiary w&nbsp;bie\u017c\u0105cym roku duszpasterskim, w&nbsp;kt&oacute;rym w&nbsp;spos&oacute;b szczeg&oacute;lny pochylamy si\u0119 nad&nbsp;tajemnic\u0105 Eucharystii, b\u0119dzie wyrazem odpo&shy;wiedzialno\u015bci za&nbsp;Ko\u015bci&oacute;\u0142, troski o&nbsp;siebie i&nbsp;mi\u0142o\u015bci bli\u017aniego. Ufam, \u017ce&nbsp;obudzi to&nbsp;tak\u017ce wi\u0119ksz\u0105 t\u0119sknot\u0119 za&nbsp;Eucharysti\u0105 i&nbsp;zaowocuje w&nbsp;przysz\u0142o\u015bci g\u0142\u0119bszym jej prze\u017cywaniem. Niech&nbsp;w&nbsp;ramach limitu 5 os&oacute;b, we&nbsp;Mszy \u015bwi\u0119tej uczestnicz\u0105 te, kt&oacute;re zm&oacute;wi\u0142y intencj\u0119.<\/p>\n<p>Przy okazji zach\u0119cam wszystkich wiernych, by&nbsp;raz jeszcze pochylili si\u0119 nad&nbsp;materia\u0142ami duszpas&shy;terskimi, kt&oacute;re kap\u0142ani pozostawili podczas ostatniej wizyty kol\u0119dowej.<\/p>\n<p>Przypominam kap\u0142anom o&nbsp;szczeg&oacute;lnym zachowaniu zasad higieny oraz&nbsp;o&nbsp;odpowiedzialno\u015bci za&nbsp;\u015bwieckich wsp&oacute;\u0142&shy;pracownik&oacute;w (m.in.&nbsp;ministrant&oacute;w, organist&oacute;w, ko\u015bcielnych itp.). St\u0105d wydaje si\u0119 s\u0142uszne, by&nbsp;w&nbsp;naj&shy;bli\u017c&shy;szych dniach \u015bci\u015blejszej izolacji w&nbsp;miar\u0119 mo\u017cliwo\u015bci zrezygnowa\u0107 z&nbsp;ich pos\u0142ugi.<\/p>\n<p>Przepisy dotycz\u0105ce prze\u017cywania Eucharystii stosuje si\u0119 zar&oacute;wno do&nbsp;Mszy \u015bwi\u0119tych w&nbsp;dni powsze&shy;dnie, niedziele (r&oacute;wnie\u017c Niedziela Palmowa), jak i&nbsp;uroczysto\u015bci wielkanocnych, zar&oacute;wno w&nbsp;stosunku do&nbsp;ko\u015bcio\u0142&oacute;w parafialnych, jak i&nbsp;filialnych.<\/p>\n<h3><strong>II. POGRZEBY<\/strong><\/h3>\n<p>Obrz\u0119dy pogrzebu nale\u017cy sprawowa\u0107 wed\u0142ug trzeciej formy pogrzeby katolickiego tj.&nbsp;jedynie stacji przy grobie z&nbsp;wyd\u0142u\u017ceniem jej, o&nbsp;ile okoliczno\u015bci na&nbsp;to&nbsp;pozwol\u0105, o&nbsp;procesj\u0119 od&nbsp;bramy cmentarnej. Uczestnikami mo\u017ce by\u0107 jedynie pi\u0119ciu przedstawicieli najbli\u017cszej rodziny. W&nbsp;obecnej sytuacji, modlitewne czuwanie przy zmar\u0142ym ogranicza si\u0119 do&nbsp;domowej modlitwy w&nbsp;rodzinach. Msz\u0119 \u015bwi\u0119t\u0105 \u017ca\u0142obn\u0105 z&nbsp;udzia\u0142em wiernych nale\u017cy odprawi\u0107 w&nbsp;innym terminie. W&nbsp;dniu pogrzebu, kap\u0142an mo\u017ce celebrowa\u0107 Msz\u0119 \u015bwi\u0119t\u0105 \u017ca\u0142obn\u0105 bez&nbsp;udzia\u0142u wiernych i&nbsp;cia\u0142a zmar\u0142ego.<\/p>\n<h3><strong>III. KOMUNIA \u015aWI\u0118TA<\/strong><\/h3>\n<p>Nale\u017cy powstrzymywa\u0107 si\u0119 od&nbsp;wynoszenia Naj\u015bwi\u0119tszego Sakramentu poza \u015bwi\u0105tyni\u0119, za&nbsp;wyj\u0105t&shy;kiem zanoszenia Komunii \u015bwi\u0119tej w&nbsp;formie wiatyku. Na&nbsp;czas epidemii zawieszam pos\u0142ug\u0119 nadzwyczajnych szafarzy Komunii \u015bwi\u0119tej. Pos\u0142ug\u0119 sakramentaln\u0105 wobec os&oacute;b chorych i&nbsp;w&nbsp;podesz&shy;\u0142ym wieku ograniczam do&nbsp;wypadk&oacute;w niebezpiecze\u0144stwa \u015bmierci. Ich samych prosz\u0119, by&nbsp;przyjmowali Komuni\u0119 \u015bwi\u0119t\u0105 duchow\u0105, a&nbsp;swoje choroby, cierpienia i&nbsp;modlitwy ofiarowali w&nbsp;intencji personelu medycznego i&nbsp;s\u0142u\u017cb pa\u0144stwowych. Zalecenia te dotycz\u0105 tak\u017ce kapelan&oacute;w szpitali i&nbsp;zak\u0142ad&oacute;w zamkni\u0119tych.<\/p>\n<h3><strong>IV. SPOWIED\u0179 <\/strong><\/h3>\n<p>Nie&nbsp;rezygnujemy ze&nbsp;spowiedzi sakramentalnej. Ci, kt&oacute;rzy&nbsp;pragn\u0105 z&nbsp;niej korzysta\u0107, powinni um&oacute;wi\u0107 si\u0119 na&nbsp;ni\u0105 telefonicznie z&nbsp;kap\u0142anem. Jest ona mo\u017cliwa w&nbsp;ko\u015bcio\u0142ach, kaplicach i&nbsp;innych stosownych miejscach, z&nbsp;zachowaniem wszelkich \u015brodk&oacute;w ostro\u017cno\u015bci. Zgodnie z&nbsp;zaleceniami Penitencjarii Apostolskiej <em>w&nbsp;obecnej sytuacji (&hellip;) podczas indywidualnego sprawowania sakramentu pojednania, nale\u017cy zwraca\u0107 szczeg&oacute;ln\u0105 uwag\u0119 na&nbsp;to, aby spowied\u017a odbywa\u0142a si\u0119 w&nbsp;przewietrzonym miejscu poza konfesjona\u0142em, z&nbsp;zachowaniem odpowiedniego dystansu, przy u\u017cyciu masek ochronnych, zwracaj\u0105c absolutn\u0105 uwag\u0119 na&nbsp;sakrament i&nbsp;niezb\u0119dn\u0105 dyskrecj\u0119<\/em>.<\/p>\n<p>Warto pami\u0119ta\u0107, \u017ce&nbsp;\u017cal doskona\u0142y, p\u0142yn\u0105cy z&nbsp;mi\u0142o\u015bci do&nbsp;Boga nad&nbsp;wszystko umi\u0142owanego, wyra&shy;\u017cony przez&nbsp;wiernych w&nbsp;szczerej pro\u015bbie o&nbsp;przebaczenie (takiej, jak\u0105 penitent jest obecnie w&nbsp;stanie wyrazi\u0107), i&nbsp;kt&oacute;remu towarzyszy&nbsp;<em>votum confessionis<\/em>, czyli stanowcze postanowienie, aby jak najszybciej przyst\u0105pi\u0107 do&nbsp;spowiedzi sakramentalnej, pozwala uzyska\u0107 im przebaczenie grzech&oacute;w, nawet \u015bmiertelnych (por. KKK, nr&nbsp;1452).<\/p>\n<p>Przypominam, \u017ce&nbsp;Ko\u015bci&oacute;\u0142 nie&nbsp;dopuszcza mo\u017cliwo\u015bci sprawowania sakramentu pokuty i&nbsp;pojedna&shy;nia przez&nbsp;\u015brodki komunikacji elektronicznej takiej jak telefon, Internet itp. Stolica Apostolska nigdy nie&nbsp;zezwoli\u0142a na&nbsp;spowied\u017a &bdquo;na odleg\u0142o\u015b\u0107&rdquo; (por. Denzinger, nr&nbsp;1994) i&nbsp;wskazuje, \u017ce&nbsp;w&nbsp;przestrzeni wirtualnej &bdquo;nie ma sakrament&oacute;w&rdquo; (Papieska Rada ds.&nbsp;\u015arodk&oacute;w Spo\u0142ecznego Przekazu, &bdquo;Ko\u015bci&oacute;\u0142 a&nbsp;Internet&rdquo; z&nbsp;dnia 22.02.2002 w&nbsp;pkt. II).<\/p>\n<h3><strong>V. NABO\u017bE\u0143STWA<\/strong><\/h3>\n<p>Wszystkie przepisy dotycz\u0105ce ilo\u015bci uczestnik&oacute;w w&nbsp;celebracjach liturgicznych nale\u017cy stosowa\u0107 r&oacute;wnie\u017c do&nbsp;nabo\u017ce\u0144stw pobo\u017cno\u015bci ludowej (droga krzy\u017cowa, gorzkie \u017cale). Odnosi si\u0119 to&nbsp;tak\u017ce do&nbsp;ca\u0142odziennych adoracji Naj\u015bwi\u0119tszego Sakramentu. Mo\u017cliwa jest indywidualna adoracja Pana Jezusa w&nbsp;tabernakulum w&nbsp;godzinach otwarcia \u015bwi\u0105ty\u0144.<\/p>\n<h3><strong>&nbsp;VI.&nbsp;<\/strong><strong>SPOTKANIE M\u0141ODYCH ARCHIDIECEZJI PRZEMYSKIEJ<\/strong><\/h3>\n<p>W&nbsp;zaistnia\u0142ej sytuacji informuj\u0119, \u017ce&nbsp;nie&nbsp;s\u0105 planowane \u017cadne zewn\u0119trzne uroczysto\u015bci, zwi\u0105zane z&nbsp;prze\u017cywaniem Spotkania M\u0142odych w&nbsp;Niedziel\u0119 Palmow\u0105, zar&oacute;wno w&nbsp;ko\u015bcio\u0142ach stacyjnych, jak i&nbsp;we&nbsp;w\u0142asnych parafiach. Zach\u0119cam wszystkich do&nbsp;duchowej \u0142\u0105czno\u015bci z&nbsp;Papie\u017cem Franciszkiem i&nbsp;m\u0142odymi ca\u0142ego \u015bwiata. W&nbsp;indywidualnej modlitwie mo\u017cna skorzysta\u0107 z&nbsp;materia\u0142&oacute;w umiesz&shy;czanych na&nbsp;stronie <em>mlodziez.przemyska.pl<\/em>.<\/p>\n<h3><strong>VII. TRIDUUM PASCHALNE<\/strong><\/h3>\n<p>W&nbsp;nawi\u0105zaniu do&nbsp;dekretu Kongregacji Kultu Bo\u017cego i&nbsp;Dyscypliny Sakrament&oacute;w &bdquo;W czasie COVID-19&rdquo; z&nbsp;dnia 19 marca 2020 roku, bior\u0105c pod&nbsp;uwag\u0119 obecn\u0105 sytuacj\u0119 sanitarn\u0105 w&nbsp;Polsce, przekazuj\u0119 niniejszym regulacje dotycz\u0105ce prze\u017cywania Triduum Paschalnego:<\/p>\n<p><strong>1. Msza Krzy\u017cma<\/strong> z&nbsp;po\u015bwi\u0119ceniem \u015bwi\u0119tych olej&oacute;w zostanie odprawiona przez&nbsp;Metropolit\u0119 Przemyskiego w&nbsp;Bazylice Archikatedralnej w&nbsp;Przemy\u015blu bez&nbsp;udzia\u0142u kap\u0142an&oacute;w i&nbsp;wiernych. Dotychczasowe oleje \u015bwi\u0119te nale\u017cy u\u017cywa\u0107 do&nbsp;czasu ustania zagro\u017cenia epidemicznego. Po&nbsp;tym okresie po\u015bwi\u0119cone w&nbsp;tym roku oleje b\u0119dzie mo\u017cna odebra\u0107 w&nbsp;parafii archikatedralnej. Odwo\u0142uje si\u0119 tradycyjne, wsp&oacute;lne \u017cyczenia \u015bwi\u0105teczne i&nbsp;towarzysz\u0105ce im wr\u0119czenie odznacze\u0144 dla os&oacute;b \u015bwieckich czy&nbsp;godno\u015bci ko\u015bcielnych.<\/p>\n<p><strong>2.<\/strong> Zgodnie z&nbsp;postanowieniem Stolicy Apostolskiej, kap\u0142ani maj\u0105 mo\u017cliwo\u015b\u0107 celebracji <strong>Mszy Wieczerzy Pa\u0144skiej<\/strong> wy\u0142\u0105cznie w&nbsp;ko\u015bciele parafialnym <em>(z&nbsp;zachowaniem zasad podanych w&nbsp;pkt. I)<\/em> lub w&nbsp;innym odpowiednim miejscu, ale&nbsp;bez&nbsp;udzia\u0142u wiernych. Pomija si\u0119 w&nbsp;tej&nbsp;liturgii procesj\u0119 z&nbsp;Naj\u015bwi\u0119tszym Sakramentem do&nbsp;Ciemnicy, a&nbsp;Naj\u015bwi\u0119tszy Sakrament powinien by\u0107 przecho&shy;wywany w&nbsp;tabernakulum. Kap\u0142ani, kt&oacute;rzy&nbsp;nie&nbsp;maj\u0105 mo\u017cli&shy;wo\u015bci odprawienia Mszy \u015bw., powinni zamiast niej odm&oacute;wi\u0107 nieszpory (por. Liturgia Godzin).<\/p>\n<p><strong>3.<\/strong> Kap\u0142ani mog\u0105 sprawowa\u0107 <strong>Liturgi\u0119 Wielkiego Pi\u0105tku<\/strong> wy\u0142\u0105cznie w&nbsp;ko\u015bcio\u0142ach parafialnych, z&nbsp;zacho&shy;waniem zasad podanych w&nbsp;pkt. I. W&nbsp;Modlitwie powszechnej nale\u017cy doda\u0107 nast\u0119puj\u0105ce wezwanie (po&nbsp;9, a&nbsp;przed 10): &bdquo;<em>M&oacute;dlmy si\u0119 za&nbsp;tych, kt&oacute;rzy&nbsp;cierpi\u0105 z&nbsp;powodu pandemii na&nbsp;ca\u0142ym \u015bwiecie oraz&nbsp;za&nbsp;wszystkich, kt&oacute;rzy&nbsp;opiekuj\u0105 si\u0119 nimi i&nbsp;walcz\u0105 z&nbsp;chorob\u0105, aby nie&nbsp;utracili nadziei.&rdquo; Modlitwa w&nbsp;ciszy. Po&nbsp;niej kap\u0142an modli si\u0119: &bdquo;Bo\u017ce, Twoja wola kieruje wszystkimi chwilami naszego \u017cycia, &dagger; przyjmij modlitwy, kt&oacute;re sk\u0142adamy za&nbsp;chorych braci i&nbsp;siostry oraz&nbsp;opiekuj\u0105cych si\u0119 nimi, aby wyprosi\u0107 dla nich Twoje&nbsp;mi\u0142osierdzie, * i&nbsp;przemie\u0144 nasza<\/em><em>\u0328<\/em><em> obaw<\/em><em>\u0119<\/em><em> w&nbsp;radosne dzi<\/em><em>\u0119<\/em><em>kczynienie. Przez&nbsp;Chrystusa, Pana naszego. Amen<\/em>&rdquo;.<br \/>\n\tNa zako\u0144czenie liturgii Wielkiego Pi\u0105tku przenosi si\u0119 Naj\u015bwi\u0119tszy Sakrament do&nbsp;symbolicznego Grobu Pa\u0144skiego bez&nbsp;procesji. Istnieje mo\u017cliwo\u015b\u0107 indywidualnej adoracji Naj\u015bwi\u0119tszego Sakra&shy;mentu z&nbsp;zacho&shy;waniem przepis&oacute;w dotycz\u0105cych liczby uczestnik&oacute;w tak&nbsp;jak podczas Mszy \u015bwi\u0119tej.<\/p>\n<p><strong>4.<\/strong> W&nbsp;<strong>Wielk\u0105 Sobot\u0119<\/strong> nie&nbsp;organizujemy tradycyjnego b\u0142ogos\u0142awie\u0144stwa pokarm&oacute;w. Prosz\u0119 wiernych, aby w&nbsp;ka\u017cdej rodzinie w&nbsp;poranek wielkanocny zosta\u0142o przeprowadzone <em>B\u0142ogos\u0142awie\u0144stwo sto\u0142u<\/em> (formu\u0142a dost\u0119pna z&nbsp;za\u0142\u0105czniku).<br \/>\n\tMo\u017cliwo\u015b\u0107 indywidualnej adoracji Naj\u015bwi\u0119tszego Sakramentu przy Grobie Pa\u0144skim, z&nbsp;zachowa&shy;niem przepis&oacute;w dotycz\u0105cych liczby uczestnik&oacute;w, tak&nbsp;jak podczas Mszy \u015bwi\u0119tej, mo\u017ce trwa\u0107 do&nbsp;rozpocz\u0119cia Wigilii Paschalnej, kiedy to&nbsp;nale\u017cy j\u0105 zako\u0144czy\u0107 i&nbsp;nie&nbsp;wznawia\u0107 po&nbsp;zako\u0144czeniu liturgii. Przy Grobie Pa\u0144skim nie&nbsp;pe\u0142ni\u0105 warty stra\u017cacy ani inne s\u0142u\u017cby.<\/p>\n<p><strong>5.<\/strong> Liturgi\u0119 <strong>Wigilii Paschalnej<\/strong>, z&nbsp;zachowaniem ograniczenia uczestnik&oacute;w do&nbsp;5 os&oacute;b, rozpo&shy;czynamy w&nbsp;prezbiterium od&nbsp;odm&oacute;wienia przewidzianych modlitw przy paschale. Nast\u0119pnie nale&shy;\u017cy zapali\u0107 pascha\u0142 (np.&nbsp;od&nbsp;\u015bwiecy), jeden raz za\u015bpiewa\u0107 s\u0142owa: &bdquo;\u015awiat\u0142o Chrystusa&rdquo; i&nbsp;przej\u015b\u0107 do&nbsp;Or\u0119dzia Wielkanocnego. W&nbsp;czasie &bdquo;Liturgii chrzcielnej&rdquo; nale\u017cy tylko&nbsp;odnowi\u0107 przyrzeczenia chrzciel&shy;ne (por. Missale Romanum, s.&nbsp;371, n. 55). Potem nast\u0119puje &bdquo;Liturgia Eucharystyczna&rdquo;.<\/p>\n<p>Po&nbsp;liturgii Wigilii Paschalnej i&nbsp;w&nbsp;Niedziel\u0119 Zmartwychwstania Pa\u0144skiego nie&nbsp;urz\u0105dzamy procesji rezurekcyjnej i&nbsp;nie&nbsp;stosujemy pokropie\u0144 wod\u0105 \u015bwi\u0119con\u0105. Chrzty z&nbsp;uroczysto\u015bci Zmartwychwsta&shy;nia Pa\u0144skiego nale\u017cy prze\u0142o\u017cy\u0107 na&nbsp;inny czas.<\/p>\n<p>Kwesti\u0119 ilo\u015bci os&oacute;b mog\u0105cych bra\u0107 udzia\u0142 w&nbsp;Eucharystiach sprawowanych w&nbsp;Niedziel\u0119 Zmar&shy;twych&shy;wstania, rozstrzygn\u0105 rozwi\u0105zania pa\u0144stwowe, kt&oacute;re b\u0119d\u0119 w&nbsp;tym dniu obowi\u0105zywa\u0107.<\/p>\n<h3><strong>VIII. ZGROMADZENIA ZAKONNE<\/strong><\/h3>\n<p>Na&nbsp;mocy wytycznych Stolicy Apostolskiej, postanawiam, aby wszystkie osoby \u017cycia konsekro&shy;wanego, przebywaj\u0105ce w&nbsp;domach zakonnych na&nbsp;terenie Archidiecezji Przemyskiej, bezwzgl\u0119dnie zachowywa\u0142y zasad\u0119 <em>pozostawania w&nbsp;domu<\/em>. Dotyczy to&nbsp;najbli\u017cszych dni, jak r&oacute;wnie\u017c uroczysto\u015bci zwi\u0105zanych z&nbsp;Triduum Paschalnym. Msze \u015bwi\u0119te i&nbsp;celebracje Triduum Sacrum w&nbsp;kaplicach zakonnych mo\u017cliwe s\u0105 jedynie w&nbsp;przy&shy;padku, gdy&nbsp;na&nbsp;terenie domu zakonnego mieszka kapelan, kt&oacute;ry&nbsp;dotychczas pe\u0142ni\u0142 t\u0119 funkcj\u0119. W&nbsp;przypadku braku takiego kap\u0142ana, zach\u0119ca si\u0119 wsp&oacute;lnoty zakonne, by&nbsp;&ndash; podobnie jak wierni \u015bwieccy &ndash; korzysta\u0142y z&nbsp;transmisji radiowych i&nbsp;telewizyjnych.<\/p>\n<h3><strong>IX. UROCZYSTO\u015aCI I&nbsp;KOMUNII \u015aWI\u0118TEJ<\/strong><\/h3>\n<p>W&nbsp;duchu odpowiedzialno\u015bci za&nbsp;zdrowie dzieci i&nbsp;ich rodzin, odwo\u0142uj\u0119 wszystkie uroczysto\u015bci zwi\u0105&shy;zane z&nbsp;I&nbsp;Komuni\u0105 \u015bwi\u0119t\u0105, bez&nbsp;wzgl\u0119du na&nbsp;ilo\u015b\u0107 dzieci maj\u0105cych do&nbsp;niej przyst\u0105pi\u0107 w&nbsp;poszcze&shy;g&oacute;lnych parafiach. Nowe terminy zostan\u0105 ustalone we&nbsp;wsp&oacute;lnotach parafialnych, we&nbsp;wsp&oacute;\u0142pracy z&nbsp;rodzicami dzieci pierwszo&shy;komunijnych, a&nbsp;same uroczysto\u015bci b\u0119d\u0105 mog\u0142y odby\u0107 si\u0119 dopiero po&nbsp;wznowieniu nauki w&nbsp;szko\u0142ach. Rodzic&oacute;w prosz\u0119, aby wykorzystali ten czas na&nbsp;lepsze przygo&shy;towanie religijne dzieci do&nbsp;czekaj\u0105cych je uroczysto\u015bci.<\/p>\n<p>W&nbsp;tym trudnym dla nas wszystkich czasie, szukajmy Pana Boga i&nbsp;Jego mocy na&nbsp;modlitwie. Powierzajmy ufnie nasz los Bo\u017cej Opatrzno\u015bci i&nbsp;m&oacute;dlmy si\u0119 o&nbsp;wype\u0142nienie woli Bo\u017cej. Nas samych i&nbsp;ca\u0142\u0105 wsp&oacute;lnot\u0119 Ko\u015bcio\u0142a, polecajmy wstawiennictwu Matki Bo\u017cej Jackowej, \u015bw.&nbsp;Walentego, \u015bw.&nbsp;Dobrego \u0141otra, \u015bw.&nbsp;J&oacute;zefa Sebastiana Pelczara oraz&nbsp;b\u0142.&nbsp;Jana Wojciecha Balickiego.<\/p>\n<p style=\"text-align: right;\">W&nbsp;dniu Zwiastowania Pa\u0144skiego z&nbsp;serca wszystkim b\u0142ogos\u0142awi\u0119<\/p>\n<p style=\"text-align: right;\">\/-\/ \u2720 Adam Szal<br \/>\n\tMetropolita Przemyski<\/p>\n<p>\/-\/ ks.&nbsp;Bartosz Rajnowski<br \/>\n\tKanclerz Kuri<\/p>\n","protected":false},"excerpt":{"rendered":"<p>Przemy\u015bl, 25 marca 2020 r., L.dz. 462\/021\/2020 Drodzy Kap\u0142ani, Czcigodni Diecezjanie! W&nbsp;duchu odpowiedzialno\u015bci za&nbsp;wszystkich wiernych, zar&oacute;wno tych, kt&oacute;rzy&nbsp;z&nbsp;racji na&nbsp;wype\u0142nianie obowi\u0105zk&oacute;w zawodowych s\u0142u\u017c\u0105 innym i&nbsp;podejmuj\u0105 zlecon\u0105 im prac\u0119, jak i&nbsp;tych, kt&oacute;rzy&nbsp;ze&nbsp;wzgl\u0119du &hellip; <a href=\"https:\/\/budy.przemyska.pl\/index.php\/2020\/03\/25\/zarzadzenie-metropolity-przemyskiego-z-25-marca-2020-r\/\" class=\"more-link\">Czytaj dalej <span class=\"screen-reader-text\">Zarz\u0105dzenie Metropolity Przemyskiego z 25 marca 2020 r.<\/span> <span class=\"meta-nav\">&rarr;<\/span><\/a><\/p>\n","protected":false},"author":1,"featured_media":0,"comment_status":"closed","ping_status":"closed","sticky":false,"template":"","format":"standard","meta":{"footnotes":""},"categories":[6],"tags":[],"class_list":["post-3000","post","type-post","status-publish","format-standard","hentry","category-aktualnosci"],"_links":{"self":[{"href":"https:\/\/budy.przemyska.pl\/index.php\/wp-json\/wp\/v2\/posts\/3000","targetHints":{"allow":["GET"]}}],"collection":[{"href":"https:\/\/budy.przemyska.pl\/index.php\/wp-json\/wp\/v2\/posts"}],"about":[{"href":"https:\/\/budy.przemyska.pl\/index.php\/wp-json\/wp\/v2\/types\/post"}],"author":[{"embeddable":true,"href":"https:\/\/budy.przemyska.pl\/index.php\/wp-json\/wp\/v2\/users\/1"}],"replies":[{"embeddable":true,"href":"https:\/\/budy.przemyska.pl\/index.php\/wp-json\/wp\/v2\/comments?post=3000"}],"version-history":[{"count":0,"href":"https:\/\/budy.przemyska.pl\/index.php\/wp-json\/wp\/v2\/posts\/3000\/revisions"}],"wp:attachment":[{"href":"https:\/\/budy.przemyska.pl\/index.php\/wp-json\/wp\/v2\/media?parent=3000"}],"wp:term":[{"taxonomy":"category","embeddable":true,"href":"https:\/\/budy.przemyska.pl\/index.php\/wp-json\/wp\/v2\/categories?post=3000"},{"taxonomy":"post_tag","embeddable":true,"href":"https:\/\/budy.przemyska.pl\/index.php\/wp-json\/wp\/v2\/tags?post=3000"}],"curies":[{"name":"wp","href":"https:\/\/api.w.org\/{rel}","templated":true}]}}