{"id":2998,"date":"2020-03-22T19:58:24","date_gmt":"2020-03-22T18:58:24","guid":{"rendered":"http:\/\/www.budylancuckie.przemyska.pl\/?p=2998"},"modified":"2020-03-22T19:58:24","modified_gmt":"2020-03-22T18:58:24","slug":"spowiedz-wielkopostna","status":"publish","type":"post","link":"https:\/\/budy.przemyska.pl\/index.php\/2020\/03\/22\/spowiedz-wielkopostna\/","title":{"rendered":"Spowied\u017a Wielkopostna"},"content":{"rendered":"<div class=\"fb-post\" data-href=\"https:\/\/www.facebook.com\/parafiabudy\/posts\/1744081732395168\" data-show-text=\"true\" data-width=\"600\">\n<blockquote cite=\"https:\/\/developers.facebook.com\/parafiabudy\/posts\/1744081732395168\" class=\"fb-xfbml-parse-ignore\">\n<p>Od 23 marca na godzin\u0119 przed Msz\u0105 \u015aw. (do zmiany czasu od 16:00 po zmianie czasu od 17:00) b\u0119dzie mo\u017cna skorzysta\u0107 ze&#8230;<\/p>\n<p>\t\tOpublikowany przez <a href=\"https:\/\/www.facebook.com\/parafiabudy\/\">Parafia pw. Niepokalanego Serca NMP w Budach \u0141a\u0144cuckich<\/a>&nbsp;<a href=\"https:\/\/developers.facebook.com\/parafiabudy\/posts\/1744081732395168\">Niedziela, 22 marca 2020<\/a><\/p><\/blockquote>\n<\/div>\n","protected":false},"excerpt":{"rendered":"<p>Od 23 marca na godzin\u0119 przed Msz\u0105 \u015aw. (do zmiany czasu od 16:00 po zmianie czasu od 17:00) b\u0119dzie mo\u017cna skorzysta\u0107 ze&#8230; Opublikowany przez Parafia pw. Niepokalanego Serca NMP w &hellip; <a href=\"https:\/\/budy.przemyska.pl\/index.php\/2020\/03\/22\/spowiedz-wielkopostna\/\" class=\"more-link\">Czytaj dalej <span class=\"screen-reader-text\">Spowied\u017a Wielkopostna<\/span> <span class=\"meta-nav\">&rarr;<\/span><\/a><\/p>\n","protected":false},"author":1,"featured_media":0,"comment_status":"closed","ping_status":"closed","sticky":false,"template":"","format":"standard","meta":{"footnotes":""},"categories":[6],"tags":[],"class_list":["post-2998","post","type-post","status-publish","format-standard","hentry","category-aktualnosci"],"_links":{"self":[{"href":"https:\/\/budy.przemyska.pl\/index.php\/wp-json\/wp\/v2\/posts\/2998","targetHints":{"allow":["GET"]}}],"collection":[{"href":"https:\/\/budy.przemyska.pl\/index.php\/wp-json\/wp\/v2\/posts"}],"about":[{"href":"https:\/\/budy.przemyska.pl\/index.php\/wp-json\/wp\/v2\/types\/post"}],"author":[{"embeddable":true,"href":"https:\/\/budy.przemyska.pl\/index.php\/wp-json\/wp\/v2\/users\/1"}],"replies":[{"embeddable":true,"href":"https:\/\/budy.przemyska.pl\/index.php\/wp-json\/wp\/v2\/comments?post=2998"}],"version-history":[{"count":0,"href":"https:\/\/budy.przemyska.pl\/index.php\/wp-json\/wp\/v2\/posts\/2998\/revisions"}],"wp:attachment":[{"href":"https:\/\/budy.przemyska.pl\/index.php\/wp-json\/wp\/v2\/media?parent=2998"}],"wp:term":[{"taxonomy":"category","embeddable":true,"href":"https:\/\/budy.przemyska.pl\/index.php\/wp-json\/wp\/v2\/categories?post=2998"},{"taxonomy":"post_tag","embeddable":true,"href":"https:\/\/budy.przemyska.pl\/index.php\/wp-json\/wp\/v2\/tags?post=2998"}],"curies":[{"name":"wp","href":"https:\/\/api.w.org\/{rel}","templated":true}]}}