{"id":2992,"date":"2020-03-22T08:04:26","date_gmt":"2020-03-22T07:04:26","guid":{"rendered":"http:\/\/www.budylancuckie.przemyska.pl\/?p=2992"},"modified":"2020-03-22T08:04:26","modified_gmt":"2020-03-22T07:04:26","slug":"kosciol-otwarty-codziennie-od-godz-900","status":"publish","type":"post","link":"https:\/\/budy.przemyska.pl\/index.php\/2020\/03\/22\/kosciol-otwarty-codziennie-od-godz-900\/","title":{"rendered":"Ko\u015bci\u00f3\u0142 otwarty codziennie od godz. 9:00"},"content":{"rendered":"<div class=\"fb-post\" data-href=\"https:\/\/www.facebook.com\/parafiabudy\/posts\/1743552355781439\" data-show-text=\"true\" data-width=\"600\">\n<blockquote cite=\"https:\/\/developers.facebook.com\/parafiabudy\/posts\/1743552355781439\" class=\"fb-xfbml-parse-ignore\">\n<p>Z uwagi na aktualn\u0105 sytuacj\u0119 zach\u0119cam i zapraszam do osobistej, indywidualnej modlitwy w naszym ko\u015bciele w intencji&#8230;<\/p>\n<p>\t\tOpublikowany przez <a href=\"https:\/\/www.facebook.com\/parafiabudy\/\">Parafia pw. Niepokalanego Serca NMP w Budach \u0141a\u0144cuckich<\/a>&nbsp;<a href=\"https:\/\/developers.facebook.com\/parafiabudy\/posts\/1743552355781439\">Niedziela, 22 marca 2020<\/a><\/p><\/blockquote>\n<\/div>\n","protected":false},"excerpt":{"rendered":"<p>Z uwagi na aktualn\u0105 sytuacj\u0119 zach\u0119cam i zapraszam do osobistej, indywidualnej modlitwy w naszym ko\u015bciele w intencji&#8230; Opublikowany przez Parafia pw. Niepokalanego Serca NMP w Budach \u0141a\u0144cuckich&nbsp;Niedziela, 22 marca 2020<\/p>\n","protected":false},"author":1,"featured_media":0,"comment_status":"closed","ping_status":"closed","sticky":false,"template":"","format":"standard","meta":{"footnotes":""},"categories":[6],"tags":[],"class_list":["post-2992","post","type-post","status-publish","format-standard","hentry","category-aktualnosci"],"_links":{"self":[{"href":"https:\/\/budy.przemyska.pl\/index.php\/wp-json\/wp\/v2\/posts\/2992","targetHints":{"allow":["GET"]}}],"collection":[{"href":"https:\/\/budy.przemyska.pl\/index.php\/wp-json\/wp\/v2\/posts"}],"about":[{"href":"https:\/\/budy.przemyska.pl\/index.php\/wp-json\/wp\/v2\/types\/post"}],"author":[{"embeddable":true,"href":"https:\/\/budy.przemyska.pl\/index.php\/wp-json\/wp\/v2\/users\/1"}],"replies":[{"embeddable":true,"href":"https:\/\/budy.przemyska.pl\/index.php\/wp-json\/wp\/v2\/comments?post=2992"}],"version-history":[{"count":0,"href":"https:\/\/budy.przemyska.pl\/index.php\/wp-json\/wp\/v2\/posts\/2992\/revisions"}],"wp:attachment":[{"href":"https:\/\/budy.przemyska.pl\/index.php\/wp-json\/wp\/v2\/media?parent=2992"}],"wp:term":[{"taxonomy":"category","embeddable":true,"href":"https:\/\/budy.przemyska.pl\/index.php\/wp-json\/wp\/v2\/categories?post=2992"},{"taxonomy":"post_tag","embeddable":true,"href":"https:\/\/budy.przemyska.pl\/index.php\/wp-json\/wp\/v2\/tags?post=2992"}],"curies":[{"name":"wp","href":"https:\/\/api.w.org\/{rel}","templated":true}]}}