{"id":2988,"date":"2020-03-21T21:20:30","date_gmt":"2020-03-21T20:20:30","guid":{"rendered":"http:\/\/www.budylancuckie.przemyska.pl\/?p=2988"},"modified":"2020-03-21T21:20:30","modified_gmt":"2020-03-21T20:20:30","slug":"ogloszenia-parafialne-22-03-2020","status":"publish","type":"post","link":"https:\/\/budy.przemyska.pl\/index.php\/2020\/03\/21\/ogloszenia-parafialne-22-03-2020\/","title":{"rendered":"Og\u0142oszenia parafialne 22-03-2020"},"content":{"rendered":"<h2 style=\"text-align: center;\"><strong><span style=\"color: rgb(0, 0, 128);\">IV Niedziela Wielkiego Postu &#8211; 22-03-2020<\/span><\/strong><\/h2>\n<h2 style=\"text-align: center;\"><strong><span style=\"color: rgb(0, 0, 128);\">Og\u0142oszenia<br \/>\n\t<\/span><\/strong><\/h2>\n<ol>\n<li>Dzi\u015b o godz.15.00 Nabo\u017ce\u0144stwo Gorzkich \u017bali, a po nim Msza \u015bw.<\/li>\n<li>W \u015brod\u0119 Uroczysto\u015b\u0107 Zwiastowania Pa\u0144skiego, w naszej parafii Odpust. Jednak ze wzgl\u0119du na og\u0142oszony stan zagro\u017cenia epidemicznego, tegoroczne odchody Odpustu b\u0119d\u0105 mia\u0142y bardzo skromny charakter. Msze \u015bw. w tym dniu b\u0119d\u0105 odprawiane o godz. 7.30, suma &ndash; o 10.30 oraz o godz.17.00.<\/li>\n<li>W czwartek adoracja Naj\u015bwi\u0119tszego Sakramentu od godz. 16.00.<\/li>\n<li>W pi\u0105tek o godz. 17.00 Droga Krzy\u017cowa, a po niej Msza \u015bw. Nie b\u0119dzie nabo\u017ce\u0144stwa Drogi Krzy\u017cowej przygotowywanej przez m\u0142odzie\u017c o godz.19.00.<\/li>\n<li><span style=\"color:#f00;\"><strong>Pro\u015bba i apel do Parafian: w obecnej sytuacji panosz\u0105cej si\u0119 epidemii, zachowuj\u0105c zalecenia W\u0142adz Pa\u0144stwowych wynikaj\u0105ce z zagro\u017cenia dla naszego zdrowia i \u017cycia oraz spe\u0142niaj\u0105c pro\u015bb\u0119 naszego ks. Arcybiskupa, prosz\u0119 o zachowanie liczby uczestnik&oacute;w sprawowanej Liturgii do 50&ndash;ciu os&oacute;b. Skorzystajmy w tym szczeg&oacute;lnym czasie z udzielonej dyspensy!!!!<br \/>\n\t\t<span style=\"color:#0000cd;\">R&oacute;wnocze\u015bnie zach\u0119cam i zapraszam do osobistej, indywidualnej modlitwy w naszym ko\u015bciele w intencji ustania epidemii, o wyzdrowienie dla chorych oraz o wsparcie dla ca\u0142ego personelu medycznego w tym trudnym czasie! Ko\u015bci&oacute;\u0142 nasz jest otwarty codziennie od godz.9.00<\/span><br \/>\n\t\t<\/strong><\/span><\/li>\n<li>Z soboty na niedziel\u0119 zmiana czasu na letni. \u015apimy o godzin\u0119 kr&oacute;cej.<\/li>\n<li>Na stoliku przy gazetach mo\u017cna r&oacute;wnie\u017c kupi\u0107 rozprowadzane przez Caritas paschaliki (8 z\u0142) i baranki wielkanocne (6 z\u0142).<\/li>\n<li>B&oacute;g zap\u0142a\u0107 osobom sprz\u0105taj\u0105cym ko\u015bci&oacute;\u0142 oraz za wszystkie ofiary sk\u0142adane na potrzeby ko\u015bcio\u0142a.<br \/>\n\t\t.<\/li>\n<\/ol>\n<h3 style=\"text-align: center;\"><strong><span style=\"color: rgb(0, 0, 128);\">Intencje mszalne<\/span><\/strong><\/h3>\n<h4 style=\"text-align: center;\"><strong><span style=\"color: rgb(0, 0, 128);\">od 23 marca 2020 do 29 marca 2020<\/span><\/strong><\/h4>\n<h4><strong><br \/>\n\tGdyby zbyt d\u0142ugi czas nie by\u0142a og\u0142oszona zam&oacute;wiona intencja mszalna &ndash; prosimy o zg\u0142oszenie tego kap\u0142anowi.&nbsp; Zam&oacute;wiona intencja nie mo\u017ce zgin\u0105\u0107.<br \/>\n\t<\/strong><\/h4>\n<p><u><strong>Poniedzia\u0142ek &#8211; 23 marzec<\/strong><\/u><br \/>\n\t1. + Stanis\u0142awa Kita (greg.); <br \/>\n\t2. + Maria Pelc od r. Wojnar;<br \/>\n\t3. ++ Weronika, Jakub, W\u0142adys\u0142aw, Leokadia Obara;<\/p>\n<p><u><strong>Wtorek &#8211; 24 marzec<br \/>\n\t<\/strong><\/u>1. + Stanis\u0142awa Kita(greg.); <br \/>\n\t2. + W\u0142adys\u0142aw Kojder od Zbig. Mach z rodz.; <br \/>\n\t3. + Maria Nykiel od r. Preis;<\/p>\n<p><u><strong>\u015aroda &#8211; 25 marzec<\/strong><\/u><br \/>\n\t7.30 + Stanis\u0142awa Kita (greg.); <br \/>\n\t10.30 + Jakub Rupar ;<br \/>\n\t17.00 ++ Janina Golenia i zm. z rodziny;<\/p>\n<p><u><strong>Czwartek &#8211; 26 marzec<\/strong><\/u><br \/>\n\t1. + Stanis\u0142awa Kita (greg.); <br \/>\n\t2. + Zofia Kr&oacute;l od s. Emilii z rodzin\u0105; <br \/>\n\t3. + Michalina Stafiej;<\/p>\n<p>\t<u><strong>Pi\u0105tek &#8211; 27 marzec<\/strong><\/u><br \/>\n\t1. + Stanis\u0142awa Kita (greg.); <br \/>\n\t2. ++ Janina i Stanis\u0142aw Wacnik;<br \/>\n\t3. + Maria Kojder z r&oacute;\u017cy \u015bw. Teresy od Dziec. Jezus;<\/p>\n<p><u><strong>Sobota &#8211; 28 marzec<\/strong><\/u><br \/>\n\t1. + Stanis\u0142awa Kita (greg.); <br \/>\n\t2. ++ Magdalena, Stanis\u0142aw, Arkadiusz Sanok; <br \/>\n\t3. + Stanis\u0142aw Pasiak od Katarzyny Ko\u015bcielny;<\/p>\n<p><u><strong>Niedziela &#8211; 29 marzec<\/strong><\/u><br \/>\n\t6.30 + Stanis\u0142awa Kita(greg.); <br \/>\n\t8.00 ++ Maria i Franciszek Machniak; <br \/>\n\t10.30 W intencji parafian;<br \/>\n\t15.00 ++ Anna, Franciszek R\u0105czka i ich rodzice;<\/p>\n<h3 style=\"text-align: center;\"><strong><strong><span style=\"color: rgb(0, 0, 128);\">Modlitw\u0119 r&oacute;\u017ca\u0144cow\u0105 prowadz\u0105<br \/>\n\t<\/span><\/strong><\/strong><\/h3>\n<p>23. P. R. \u015aw. Jadwigi \u015al\u0105skiej -(Maria Bester)<br \/>\n\t24. W. R.\u015aw. Katarzyny &#8211; (Anna Kurek)<br \/>\n\t25. \u015a. R. \u015aw. Kingi &#8211; (Maria Golak)<br \/>\n\t26. C. R. \u015aw. Klary &#8211; (Teresa G\u0142owiak)<br \/>\n\t27. P. KSM<br \/>\n\t28. S. R. \u015aw. Ma\u0142gorzaty Marii &#8211; (Janiny Angrys)<br \/>\n\t29. N. R. \u015aw. Marii Magdaleny &#8211; (Maria Baran)<\/p>\n<p>\t<strong>Wyznaczona R&oacute;\u017ca powinna czu\u0107 si\u0119 zobowi\u0105zana do obecno\u015bci i prowadzenia modlitwy r&oacute;\u017ca\u0144cowej.<\/strong><\/p>\n","protected":false},"excerpt":{"rendered":"<p>IV Niedziela Wielkiego Postu &#8211; 22-03-2020 Og\u0142oszenia Dzi\u015b o godz.15.00 Nabo\u017ce\u0144stwo Gorzkich \u017bali, a po nim Msza \u015bw. W \u015brod\u0119 Uroczysto\u015b\u0107 Zwiastowania Pa\u0144skiego, w naszej parafii Odpust. Jednak ze wzgl\u0119du &hellip; <a href=\"https:\/\/budy.przemyska.pl\/index.php\/2020\/03\/21\/ogloszenia-parafialne-22-03-2020\/\" class=\"more-link\">Czytaj dalej <span class=\"screen-reader-text\">Og\u0142oszenia parafialne 22-03-2020<\/span> <span class=\"meta-nav\">&rarr;<\/span><\/a><\/p>\n","protected":false},"author":1,"featured_media":0,"comment_status":"closed","ping_status":"closed","sticky":false,"template":"","format":"standard","meta":{"footnotes":""},"categories":[6,4],"tags":[],"class_list":["post-2988","post","type-post","status-publish","format-standard","hentry","category-aktualnosci","category-ogloszenia"],"_links":{"self":[{"href":"https:\/\/budy.przemyska.pl\/index.php\/wp-json\/wp\/v2\/posts\/2988","targetHints":{"allow":["GET"]}}],"collection":[{"href":"https:\/\/budy.przemyska.pl\/index.php\/wp-json\/wp\/v2\/posts"}],"about":[{"href":"https:\/\/budy.przemyska.pl\/index.php\/wp-json\/wp\/v2\/types\/post"}],"author":[{"embeddable":true,"href":"https:\/\/budy.przemyska.pl\/index.php\/wp-json\/wp\/v2\/users\/1"}],"replies":[{"embeddable":true,"href":"https:\/\/budy.przemyska.pl\/index.php\/wp-json\/wp\/v2\/comments?post=2988"}],"version-history":[{"count":0,"href":"https:\/\/budy.przemyska.pl\/index.php\/wp-json\/wp\/v2\/posts\/2988\/revisions"}],"wp:attachment":[{"href":"https:\/\/budy.przemyska.pl\/index.php\/wp-json\/wp\/v2\/media?parent=2988"}],"wp:term":[{"taxonomy":"category","embeddable":true,"href":"https:\/\/budy.przemyska.pl\/index.php\/wp-json\/wp\/v2\/categories?post=2988"},{"taxonomy":"post_tag","embeddable":true,"href":"https:\/\/budy.przemyska.pl\/index.php\/wp-json\/wp\/v2\/tags?post=2988"}],"curies":[{"name":"wp","href":"https:\/\/api.w.org\/{rel}","templated":true}]}}