{"id":2984,"date":"2020-03-18T22:11:38","date_gmt":"2020-03-18T21:11:38","guid":{"rendered":"http:\/\/www.budylancuckie.przemyska.pl\/?p=2984"},"modified":"2020-03-18T22:11:38","modified_gmt":"2020-03-18T21:11:38","slug":"prosba-i-apel-do-parafian","status":"publish","type":"post","link":"https:\/\/budy.przemyska.pl\/index.php\/2020\/03\/18\/prosba-i-apel-do-parafian\/","title":{"rendered":"Pro\u015bba i apel do Parafian"},"content":{"rendered":"<h2>Pro\u015bba i apel do Parafian:<\/p>\n<p>\t&nbsp;&nbsp;&nbsp;&nbsp; w obecnej sytuacji panosz\u0105cej si\u0119 epidemii, zachowuj\u0105c zalecenia W\u0142adz Pa\u0144stwowych&nbsp; wynikaj\u0105ce z zagro\u017cenia dla naszego zdrowia i \u017cycia oraz spe\u0142niaj\u0105c pro\u015bb\u0119 naszego ks. Arcybiskupa, prosz\u0119 o zachowanie liczby uczestnik&oacute;w sprawowanej Liturgii do 50&ndash;ciu os&oacute;b. Skorzystajmy w tym szczeg&oacute;lnym czasie z udzielonej dyspensy!!!!<\/p>\n<p>\t&nbsp;&nbsp;&nbsp;&nbsp;&nbsp;&nbsp;&nbsp;&nbsp;&nbsp;&nbsp;&nbsp;&nbsp;&nbsp;&nbsp;&nbsp;&nbsp;&nbsp;&nbsp;&nbsp;&nbsp;&nbsp;&nbsp;&nbsp;&nbsp;&nbsp;&nbsp;&nbsp;&nbsp;&nbsp;&nbsp;&nbsp;&nbsp;&nbsp;&nbsp;&nbsp;&nbsp;&nbsp;&nbsp;&nbsp;&nbsp;&nbsp;&nbsp;&nbsp;&nbsp;&nbsp;&nbsp;&nbsp;&nbsp;&nbsp;&nbsp;&nbsp;&nbsp;&nbsp;&nbsp;&nbsp;&nbsp;&nbsp;&nbsp;&nbsp;&nbsp;&nbsp;&nbsp;&nbsp;&nbsp;&nbsp;&nbsp;&nbsp;&nbsp;&nbsp; Ks. Proboszcz<br \/>\n\t&nbsp;<\/h2>\n","protected":false},"excerpt":{"rendered":"<p>Pro\u015bba i apel do Parafian: &nbsp;&nbsp;&nbsp;&nbsp; w obecnej sytuacji panosz\u0105cej si\u0119 epidemii, zachowuj\u0105c zalecenia W\u0142adz Pa\u0144stwowych&nbsp; wynikaj\u0105ce z zagro\u017cenia dla naszego zdrowia i \u017cycia oraz spe\u0142niaj\u0105c pro\u015bb\u0119 naszego ks. Arcybiskupa, &hellip; <a href=\"https:\/\/budy.przemyska.pl\/index.php\/2020\/03\/18\/prosba-i-apel-do-parafian\/\" class=\"more-link\">Czytaj dalej <span class=\"screen-reader-text\">Pro\u015bba i apel do Parafian<\/span> <span class=\"meta-nav\">&rarr;<\/span><\/a><\/p>\n","protected":false},"author":1,"featured_media":0,"comment_status":"closed","ping_status":"closed","sticky":false,"template":"","format":"standard","meta":{"footnotes":""},"categories":[6],"tags":[],"class_list":["post-2984","post","type-post","status-publish","format-standard","hentry","category-aktualnosci"],"_links":{"self":[{"href":"https:\/\/budy.przemyska.pl\/index.php\/wp-json\/wp\/v2\/posts\/2984","targetHints":{"allow":["GET"]}}],"collection":[{"href":"https:\/\/budy.przemyska.pl\/index.php\/wp-json\/wp\/v2\/posts"}],"about":[{"href":"https:\/\/budy.przemyska.pl\/index.php\/wp-json\/wp\/v2\/types\/post"}],"author":[{"embeddable":true,"href":"https:\/\/budy.przemyska.pl\/index.php\/wp-json\/wp\/v2\/users\/1"}],"replies":[{"embeddable":true,"href":"https:\/\/budy.przemyska.pl\/index.php\/wp-json\/wp\/v2\/comments?post=2984"}],"version-history":[{"count":0,"href":"https:\/\/budy.przemyska.pl\/index.php\/wp-json\/wp\/v2\/posts\/2984\/revisions"}],"wp:attachment":[{"href":"https:\/\/budy.przemyska.pl\/index.php\/wp-json\/wp\/v2\/media?parent=2984"}],"wp:term":[{"taxonomy":"category","embeddable":true,"href":"https:\/\/budy.przemyska.pl\/index.php\/wp-json\/wp\/v2\/categories?post=2984"},{"taxonomy":"post_tag","embeddable":true,"href":"https:\/\/budy.przemyska.pl\/index.php\/wp-json\/wp\/v2\/tags?post=2984"}],"curies":[{"name":"wp","href":"https:\/\/api.w.org\/{rel}","templated":true}]}}