{"id":2976,"date":"2020-03-14T19:55:14","date_gmt":"2020-03-14T18:55:14","guid":{"rendered":"http:\/\/www.budylancuckie.przemyska.pl\/?p=2976"},"modified":"2020-03-14T19:55:14","modified_gmt":"2020-03-14T18:55:14","slug":"ogloszenia-parafialne-15-03-2020","status":"publish","type":"post","link":"https:\/\/budy.przemyska.pl\/index.php\/2020\/03\/14\/ogloszenia-parafialne-15-03-2020\/","title":{"rendered":"Og\u0142oszenia parafialne 15-03-2020"},"content":{"rendered":"<h2 style=\"text-align: center;\"><strong><span style=\"color: rgb(0, 0, 128);\">III Niedziela Wielkiego Postu &#8211; 15-03-2020<\/span><\/strong><\/h2>\n<h2 style=\"text-align: center;\"><strong><span style=\"color: rgb(0, 0, 128);\">Og\u0142oszenia<br \/>\n\t<\/span><\/strong><\/h2>\n<ol>\n<li>Dzi\u015b o godz.15.00&nbsp; Nabo\u017ce\u0144stwo Gorzkich \u017bali, a po nim Msza \u015bw.<\/li>\n<li>W tym najbli\u017cszym okresie nasz ko\u015bci&oacute;\u0142 parafialny b\u0119dzie otwarty codziennie dla indywidualnej modlitwy od godz.9.00 &ndash; do czasu zako\u0144czenia Mszy \u015bw.<\/li>\n<li>W czwartek Uroczysto\u015b\u0107 \u015bw. J&oacute;zefa, Oblubie\u0144ca NMP. Adoracja Naj\u015bwi\u0119tszego Sakramentu od godz. 16.00. <\/li>\n<li>W pi\u0105tek o godz. 17.00 Droga Krzy\u017cowa, a po niej Msza \u015bw.&nbsp; Nie b\u0119dzie Drogi Krzy\u017cowej odprawianej o godz. 19.00.<\/li>\n<li>Tak, jak s\u0142yszeli\u015bmy w <a href=\"http:\/\/www.budylancuckie.przemyska.pl\/?p=2964\" target=\"_blank\" rel=\"noopener\">komunikacie naszego ks. Arcybiskupa<\/a> odwo\u0142ane s\u0105 tegoroczne Rekolekcje Parafialne, a zatem nie b\u0119dzie r&oacute;wnie\u017c organizowana Spowied\u017a \u015bw. w parafiach. Tylko indywidualnie b\u0119dzie mo\u017cna skorzysta\u0107 ze Spowiedzi \u015bw. w swojej parafii. Prosimy zatem o wcze\u015bniejsze skorzystanie z tego sakramentu, bowiem w ostatnich dniach przed \u015awi\u0119tami, mo\u017ce si\u0119 to okaza\u0107 bardzo problematyczne.<\/li>\n<li>W Uroczysto\u015b\u0107 Zwiastowania Pa\u0144skiego, w dzie\u0144 naszego Odpustu parafialnego, o\u0142tarz mo\u017cna udekorowa\u0107 kwiatami. Obchody tegorocznego Odpustu b\u0119d\u0105 mia\u0142y skromny charakter, ze wzgl\u0119du na zaistnia\u0142\u0105 sytuacj\u0119 rozprzestrzeniania si\u0119 pandemii koronawirusa.<\/li>\n<li>W Niedziel\u0119 Palmow\u0105 planowana jest &ndash; o ile b\u0119dzie to mo\u017cliwe &#8211; zbi&oacute;rka naszych &bdquo;Turk&oacute;w&rdquo; na parkingu przy ko\u015bciele.<\/li>\n<li>W codziennej modlitwie r&oacute;\u017ca\u0144cowej przed Msz\u0105 \u015bw. b\u0119dziemy prosili Pana Boga za wstawiennictwem Matki Bo\u017cej R&oacute;\u017ca\u0144cowej o \u0142ask\u0119 oddalenia od nas epidemii zagra\u017caj\u0105cej naszemu \u017cyciu i zdrowiu.<\/li>\n<li>Poniewa\u017c rozw&oacute;j wydarze\u0144 jest bardzo dynamiczny, a nasza Gazetka Parafialna, wydawana jest na pocz\u0105tku tygodnia, st\u0105d nieaktualny staje si\u0119 zamieszczony na jej \u0142amach program Rekolekcji i inne og\u0142oszenia, kt&oacute;re nale\u017cy skorygowa\u0107. Zach\u0119camy do duchowej \u0142\u0105czno\u015bci ze wszystkimi chorymi i opiekuj\u0105cymi si\u0119 nimi w trudnych chwilach w modlitwie oraz poprzez udzia\u0142 w <a href=\"http:\/\/www.budylancuckie.przemyska.pl\/?p=2973\" target=\"_blank\" rel=\"noopener\">nabo\u017ce\u0144stwach liturgicznych transmitowanych przez \u015brodki masowego przekazu<\/a>.<\/li>\n<li>Gdyby zdarzy\u0142 si\u0119 pogrzeb w rodzinie, to udzia\u0142 w nim ograniczmy tylko do najbli\u017cszej rodziny osoby zmar\u0142ego. <\/li>\n<li>B&oacute;g zap\u0142a\u0107 osobom sprz\u0105taj\u0105cym ko\u015bci&oacute;\u0142 oraz za wszystkie&nbsp; ofiary&nbsp; sk\u0142adane na potrzeby ko\u015bcio\u0142a.<br \/>\n\t\t.<\/li>\n<\/ol>\n<h3 style=\"text-align: center;\">W ostatnim czasie zosta\u0142a przeprowadzona reorganizacja <a href=\"http:\/\/www.budylancuckie.przemyska.pl\/?page_id=93\" target=\"_self\" rel=\"noopener\">R&oacute;\u017c R&oacute;\u017ca\u0144cowych w naszej parafii<\/a>. Codziennie odmawiany jest r&oacute;\u017caniec w 27 R&oacute;\u017cach w r&oacute;\u017cnych naszych osobistych i rodzinnych intencjach, a tak\u017ce w intencjach ca\u0142ej wsp&oacute;lnoty Ko\u015bcio\u0142a. W niekt&oacute;rych R&oacute;\u017cach brakuje kilka os&oacute;b, dlatego kierujemy zach\u0119t\u0119 do w\u0142\u0105czenia si\u0119 do przynale\u017cno\u015bci do codziennego odmawiania 10-si\u0105tka R&oacute;\u017ca\u0144ca. Swoj\u0105 przynale\u017cno\u015b\u0107 do R&oacute;\u017cy mo\u017cna zg\u0142osi\u0107 w zakrystii, tak aby wiadoma by\u0142a przynale\u017cno\u015b\u0107 do konkretnej R&oacute;\u017cy. Serdecznie zapraszamy!!!<\/h3>\n<h3 style=\"text-align: center;\"><strong><span style=\"color: rgb(0, 0, 128);\">Intencje mszalne<\/span><\/strong><\/h3>\n<h4 style=\"text-align: center;\"><strong><span style=\"color: rgb(0, 0, 128);\">od 16 marca 2020 do 22 marca 2020<\/span><\/strong><\/h4>\n<h4><strong><br \/>\n\tGdyby zbyt d\u0142ugi czas nie by\u0142a og\u0142oszona zam&oacute;wiona intencja mszalna &ndash; prosimy o zg\u0142oszenie tego kap\u0142anowi.&nbsp; Zam&oacute;wiona intencja nie mo\u017ce zgin\u0105\u0107.<br \/>\n\t<\/strong><\/h4>\n<p><u><strong>Poniedzia\u0142ek &#8211; 16 marzec<\/strong><\/u><br \/>\n\t1. + Stanis\u0142awa Kita (greg.); <br \/>\n\t2. + W\u0142adys\u0142aw Kojder &#8211; od Henryka i Barbary; <br \/>\n\t3. + J&oacute;zef Socha od Lucyny i Juliana Czech;<\/p>\n<p><u><strong>Wtorek &#8211; 17 marzec<br \/>\n\t<\/strong><\/u>1. + Stanis\u0142awa Kita (greg); <br \/>\n\t2. ++ Stanis\u0142awa i Feliks Moli\u0144scy; <br \/>\n\t3. + Zofia Kr&oacute;l od br. Tadeusza z rodzin\u0105;<\/p>\n<p><u><strong>\u015aroda &#8211; 18 marzec<\/strong><\/u><br \/>\n\t1. + Stanis\u0142awa Kita (greg.); <br \/>\n\t2. + Jakub Rupar i o zdrowie siostry; <br \/>\n\t3. + Boles\u0142aw Rupar &#8211; od siostry z rodzin\u0105;<\/p>\n<p><u><strong>Czwartek &#8211; 19 marzec<\/strong><\/u><br \/>\n\t1. + Stanis\u0142awa Kita (greg.); <br \/>\n\t2. + J&oacute;zef Rupar; <br \/>\n\t3. ++ J&oacute;zef, Stanis\u0142awa Blok i ich rodzice;<\/p>\n<p>\t<u><strong>Pi\u0105tek &#8211; 20 marzec<\/strong><\/u><br \/>\n\t1. + Stanis\u0142awa Kita (greg.); <br \/>\n\t2. ++ El\u017cbieta i Franciszek Babiarz;<br \/>\n\t3. + J&oacute;zef Bar &#8211; od Zofii Kuczek;<\/p>\n<p><u><strong>Sobota &#8211; 21 marzec<\/strong><\/u><br \/>\n\t1. + Stanis\u0142awa Kita (greg.); <br \/>\n\t2. ++ Zofia i Franciszek Dyrda;<br \/>\n\t3. + Stanis\u0142aw Baran od s\u0105siad&oacute;w Mach, Czech; <\/p>\n<p><u><strong>Niedziela &#8211; 22 marzec<\/strong><\/u><br \/>\n\t6:30 ++ Katarzyna i Jan Ko\u0144;<br \/>\n\t8:00 1. ++ Bronis\u0142aw Marek i zm. z rodziny; 2. + Stanis\u0142aw Wo\u015b;<br \/>\n\t10:30 W intencji parafian; <br \/>\n\t15:00 + Stanis\u0142awa Kita(greg.);<\/p>\n<h3 style=\"text-align: center;\"><strong><strong><span style=\"color: rgb(0, 0, 128);\">Modlitw\u0119 r&oacute;\u017ca\u0144cow\u0105 prowadz\u0105<br \/>\n\t<\/span><\/strong><\/strong><\/h3>\n<p>16. P. R. \u015aw. El\u017cbiety- (Alina Trojnar)<br \/>\n\t17. W. R.\u015aw. Faustyny &#8211; (Eugenia \u015awizdor)<br \/>\n\t18. \u015a. R. \u015aw. Franciszka z Asy\u017cu &#8211; (Jan Nowak) <br \/>\n\t19. C. R. \u015aw. Genowefy &#8211; (Genowefa Dr\u0105\u017cek)<br \/>\n\t20. P. R. KSM <br \/>\n\t21. S. R. \u015aw. Jadwigi Kr&oacute;lowej &#8211; (Halina Dyrda)<br \/>\n\t22. N. R. \u015aw. Heleny &#8211; (Helena Dyrda)<\/p>\n<p>\t<strong>Wyznaczona R&oacute;\u017ca powinna czu\u0107 si\u0119 zobowi\u0105zana do obecno\u015bci i prowadzenia modlitwy r&oacute;\u017ca\u0144cowej.<\/strong><\/p>\n","protected":false},"excerpt":{"rendered":"<p>III Niedziela Wielkiego Postu &#8211; 15-03-2020 Og\u0142oszenia Dzi\u015b o godz.15.00&nbsp; Nabo\u017ce\u0144stwo Gorzkich \u017bali, a po nim Msza \u015bw. W tym najbli\u017cszym okresie nasz ko\u015bci&oacute;\u0142 parafialny b\u0119dzie otwarty codziennie dla indywidualnej &hellip; <a href=\"https:\/\/budy.przemyska.pl\/index.php\/2020\/03\/14\/ogloszenia-parafialne-15-03-2020\/\" class=\"more-link\">Czytaj dalej <span class=\"screen-reader-text\">Og\u0142oszenia parafialne 15-03-2020<\/span> <span class=\"meta-nav\">&rarr;<\/span><\/a><\/p>\n","protected":false},"author":1,"featured_media":0,"comment_status":"closed","ping_status":"closed","sticky":false,"template":"","format":"standard","meta":{"footnotes":""},"categories":[6,4],"tags":[],"class_list":["post-2976","post","type-post","status-publish","format-standard","hentry","category-aktualnosci","category-ogloszenia"],"_links":{"self":[{"href":"https:\/\/budy.przemyska.pl\/index.php\/wp-json\/wp\/v2\/posts\/2976","targetHints":{"allow":["GET"]}}],"collection":[{"href":"https:\/\/budy.przemyska.pl\/index.php\/wp-json\/wp\/v2\/posts"}],"about":[{"href":"https:\/\/budy.przemyska.pl\/index.php\/wp-json\/wp\/v2\/types\/post"}],"author":[{"embeddable":true,"href":"https:\/\/budy.przemyska.pl\/index.php\/wp-json\/wp\/v2\/users\/1"}],"replies":[{"embeddable":true,"href":"https:\/\/budy.przemyska.pl\/index.php\/wp-json\/wp\/v2\/comments?post=2976"}],"version-history":[{"count":0,"href":"https:\/\/budy.przemyska.pl\/index.php\/wp-json\/wp\/v2\/posts\/2976\/revisions"}],"wp:attachment":[{"href":"https:\/\/budy.przemyska.pl\/index.php\/wp-json\/wp\/v2\/media?parent=2976"}],"wp:term":[{"taxonomy":"category","embeddable":true,"href":"https:\/\/budy.przemyska.pl\/index.php\/wp-json\/wp\/v2\/categories?post=2976"},{"taxonomy":"post_tag","embeddable":true,"href":"https:\/\/budy.przemyska.pl\/index.php\/wp-json\/wp\/v2\/tags?post=2976"}],"curies":[{"name":"wp","href":"https:\/\/api.w.org\/{rel}","templated":true}]}}