{"id":2973,"date":"2020-03-14T19:29:26","date_gmt":"2020-03-14T18:29:26","guid":{"rendered":"http:\/\/www.budylancuckie.przemyska.pl\/?p=2973"},"modified":"2020-03-14T19:29:26","modified_gmt":"2020-03-14T18:29:26","slug":"msze-sw-radiowe-i-w-tvp","status":"publish","type":"post","link":"https:\/\/budy.przemyska.pl\/index.php\/2020\/03\/14\/msze-sw-radiowe-i-w-tvp\/","title":{"rendered":"Msze \u015aw. radiowe i w TVP"},"content":{"rendered":"<p><span style=\"color: rgb(28, 30, 33); font-family: Helvetica, Arial, sans-serif; font-size: 14px; font-style: normal; font-variant-ligatures: normal; font-variant-caps: normal; font-weight: 400; letter-spacing: normal; orphans: 2; text-align: start; text-indent: 0px; text-transform: none; white-space: normal; widows: 2; word-spacing: 0px; -webkit-text-stroke-width: 0px; background-color: rgb(255, 255, 255); text-decoration-style: initial; text-decoration-color: initial; display: inline !important; float: none;\">Msze \u015awi\u0119te transmitowane w TVP, PR i Radio FARA w niedziel\u0119, w kt&oacute;rych mo\u017cna uczestniczy\u0107, w zwi\u0105zku z decyzj\u0105 abpa Adama Szala i zaleceniami G\u0142&oacute;wnego Inspektoratu Sanitarnego, aby w najbli\u017cszym czasie pozosta\u0107 w domu.<\/span><\/p>\n<p><span style=\"color: rgb(28, 30, 33); font-family: Helvetica, Arial, sans-serif; font-size: 14px; font-style: normal; font-variant-ligatures: normal; font-variant-caps: normal; font-weight: 400; letter-spacing: normal; orphans: 2; text-align: start; text-indent: 0px; text-transform: none; white-space: normal; widows: 2; word-spacing: 0px; -webkit-text-stroke-width: 0px; background-color: rgb(255, 255, 255); text-decoration-style: initial; text-decoration-color: initial; display: inline !important; float: none;\">godz. 10:00 TVP 3 Rzesz&oacute;w<\/span><\/p>\n<p><span style=\"color: rgb(28, 30, 33); font-family: Helvetica, Arial, sans-serif; font-size: 14px; font-style: normal; font-variant-ligatures: normal; font-variant-caps: normal; font-weight: 400; letter-spacing: normal; orphans: 2; text-align: start; text-indent: 0px; text-transform: none; white-space: normal; widows: 2; word-spacing: 0px; -webkit-text-stroke-width: 0px; background-color: rgb(255, 255, 255); text-decoration-style: initial; text-decoration-color: initial; display: inline !important; float: none;\">godz. 7:00 oraz 11:00 TVP 1<\/span><\/p>\n<p><span style=\"color: rgb(28, 30, 33); font-family: Helvetica, Arial, sans-serif; font-size: 14px; font-style: normal; font-variant-ligatures: normal; font-variant-caps: normal; font-weight: 400; letter-spacing: normal; orphans: 2; text-align: start; text-indent: 0px; text-transform: none; white-space: normal; widows: 2; word-spacing: 0px; -webkit-text-stroke-width: 0px; background-color: rgb(255, 255, 255); text-decoration-style: initial; text-decoration-color: initial; display: inline !important; float: none;\">godz. 13:00 TVP POLONIA<\/span><\/p>\n<p><span style=\"color: rgb(28, 30, 33); font-family: Helvetica, Arial, sans-serif; font-size: 14px; font-style: normal; font-variant-ligatures: normal; font-variant-caps: normal; font-weight: 400; letter-spacing: normal; orphans: 2; text-align: start; text-indent: 0px; text-transform: none; white-space: normal; widows: 2; word-spacing: 0px; -webkit-text-stroke-width: 0px; background-color: rgb(255, 255, 255); text-decoration-style: initial; text-decoration-color: initial; display: inline !important; float: none;\">godz. 10:00 oraz19:00 Program 1 Polskiego Radia<\/span><\/p>\n<p><span style=\"color: rgb(28, 30, 33); font-family: Helvetica, Arial, sans-serif; font-size: 14px; font-style: normal; font-variant-ligatures: normal; font-variant-caps: normal; font-weight: 400; letter-spacing: normal; orphans: 2; text-align: start; text-indent: 0px; text-transform: none; white-space: normal; widows: 2; word-spacing: 0px; -webkit-text-stroke-width: 0px; background-color: rgb(255, 255, 255); text-decoration-style: initial; text-decoration-color: initial; display: inline !important; float: none;\">Radio FARA:<\/span><\/p>\n<p style=\"zoom: 1; border: 0px; font-family: Arimo; font-size: 15px; font-style: normal; font-weight: 400; margin-top: 0px !important; margin-right: 0px; margin-bottom: 20px; margin-left: 0px; outline: 0px; padding: 0px; vertical-align: baseline; color: rgb(85, 85, 85); font-variant-ligatures: normal; font-variant-caps: normal; letter-spacing: normal; orphans: 2; text-align: start; text-indent: 0px; text-transform: none; white-space: normal; widows: 2; word-spacing: 0px; -webkit-text-stroke-width: 0px; background-color: rgb(255, 255, 255); text-decoration-style: initial; text-decoration-color: initial;\">11:00 &ndash; Transmisja Mszy \u015awi\u0119tej z&nbsp;kaplicy Wy\u017cszego Seminarium Duchownego w&nbsp;Przemy\u015blu, kt&oacute;rej&nbsp;przewodniczy\u0107 b\u0119dzie abp Adam Szal<\/p>\n<p style=\"zoom: 1; border: 0px; font-family: Arimo; font-size: 15px; font-style: normal; font-weight: 400; margin-top: 0px !important; margin-right: 0px; margin-bottom: 20px; margin-left: 0px; outline: 0px; padding: 0px; vertical-align: baseline; color: rgb(85, 85, 85); font-variant-ligatures: normal; font-variant-caps: normal; letter-spacing: normal; orphans: 2; text-align: start; text-indent: 0px; text-transform: none; white-space: normal; widows: 2; word-spacing: 0px; -webkit-text-stroke-width: 0px; background-color: rgb(255, 255, 255); text-decoration-style: initial; text-decoration-color: initial;\">17:00 &ndash; Transmisja Gorzkich \u017bali z&nbsp;ko\u015bcio\u0142a pw.&nbsp;\u015bw.&nbsp;Stanis\u0142awa Biskupa w&nbsp;\u0141a\u0144cucie<\/p>\n<p style=\"zoom: 1; border: 0px; font-family: Arimo; font-size: 15px; font-style: normal; font-weight: 400; margin-top: 0px !important; margin-right: 0px; margin-bottom: 20px; margin-left: 0px; outline: 0px; padding: 0px; vertical-align: baseline; color: rgb(85, 85, 85); font-variant-ligatures: normal; font-variant-caps: normal; letter-spacing: normal; orphans: 2; text-align: start; text-indent: 0px; text-transform: none; white-space: normal; widows: 2; word-spacing: 0px; -webkit-text-stroke-width: 0px; background-color: rgb(255, 255, 255); text-decoration-style: initial; text-decoration-color: initial;\">18:00 &ndash; Transmisja Mszy \u015awi\u0119tej z&nbsp;ko\u015bcio\u0142a pw.&nbsp;\u015bw.&nbsp;Stanis\u0142awa Biskupa w&nbsp;\u0141a\u0144cucie<\/p>\n<h2>Jak uczestniczy\u0107 we Mszy \u015awi\u0119tej poprzez mass media? &ndash; Poradnik (\u017ar&oacute;d\u0142o: <a href=\"http:\/\/lezajsk.przemyska.pl\/?p=9864&amp;fbclid=IwAR1gwqPjnW_fR0SClyorcv1lUGZDkYWqKpQsB5V0wli5kFbynJTu_wpbrxM\" target=\"_blank\" rel=\"noopener\">Le\u017cajsk &#8211; Fara<\/a>)<\/h2>\n<p style=\"box-sizing: inherit; color: rgba(0, 0, 0, 0.87); font-family: Roboto, sans-serif; font-size: 15px; font-style: normal; font-variant-ligatures: normal; font-variant-caps: normal; font-weight: 400; letter-spacing: normal; orphans: 2; text-align: justify; text-indent: 0px; text-transform: none; white-space: normal; widows: 2; word-spacing: 0px; -webkit-text-stroke-width: 0px; text-decoration-style: initial; text-decoration-color: initial;\">Nie rezygnuj z prze\u017cywania Mszy \u015awi\u0119tej! Je\u015bli nie idziesz do ko\u015bcio\u0142a &ndash; skorzystaj z medi&oacute;w:<\/p>\n<ol style=\"box-sizing: inherit; color: rgba(0, 0, 0, 0.87); font-family: Roboto, sans-serif; font-size: 15px; font-style: normal; font-variant-ligatures: normal; font-variant-caps: normal; font-weight: 400; letter-spacing: normal; orphans: 2; text-align: justify; text-indent: 0px; text-transform: none; white-space: normal; widows: 2; word-spacing: 0px; -webkit-text-stroke-width: 0px; text-decoration-style: initial; text-decoration-color: initial;\">\n<li style=\"box-sizing: inherit;\"><strong style=\"box-sizing: inherit; font-weight: 500;\">W\u0142\u0105cz<\/strong><span>&nbsp;<\/span>telewizor, laptop, radio.<\/li>\n<li style=\"box-sizing: inherit;\"><strong style=\"box-sizing: inherit; font-weight: 500;\">Znajd\u017a<\/strong><span>&nbsp;<\/span>odpowiedni kana\u0142 z transmisj\u0105<span>&nbsp;<\/span><span style=\"box-sizing: inherit; text-decoration: underline;\"><em style=\"box-sizing: inherit; font-style: italic;\">na \u017cywo.<\/em><\/span><\/li>\n<li style=\"box-sizing: inherit;\"><strong style=\"box-sizing: inherit; font-weight: 500;\">Przygotuj<\/strong><span>&nbsp;<\/span>miejsce: krzes\u0142a, fotel, kanap\u0119.<\/li>\n<li style=\"box-sizing: inherit;\"><strong style=\"box-sizing: inherit; font-weight: 500;\">Zapro\u015b<\/strong><span>&nbsp;<\/span>najbli\u017cszych, niech wyjd\u0105 ze swojego pokoju &ndash; prze\u017cywajcie Msz\u0119 \u015awi\u0119t\u0105 razem, \u0142\u0105cz\u0105c si\u0119 ze wsp&oacute;lnot\u0105 ca\u0142ego Ko\u015bcio\u0142a.<\/li>\n<li style=\"box-sizing: inherit;\"><strong style=\"box-sizing: inherit; font-weight: 500;\">Nie traktuj<\/strong><span>&nbsp;<\/span>transmisji jak filmu &ndash; od\u0142&oacute;\u017c jedzenie, odstaw kaw\u0119.<\/li>\n<li style=\"box-sizing: inherit;\"><strong style=\"box-sizing: inherit; font-weight: 500;\">Wycisz<\/strong><span>&nbsp;<\/span>siebie i sw&oacute;j telefon, niech ci\u0119 nie rozprasza.<\/li>\n<li style=\"box-sizing: inherit;\"><strong style=\"box-sizing: inherit; font-weight: 500;\">Podejmuj<\/strong><span>&nbsp;<\/span>postawy takie jak w ko\u015bciele: siedz\u0105c\u0105, stoj\u0105c\u0105, kl\u0119cz\u0105c\u0105.<\/li>\n<li style=\"box-sizing: inherit;\"><strong style=\"box-sizing: inherit; font-weight: 500;\">Przyjmij duchowo Komuni\u0119 \u015awi\u0119t\u0105<\/strong>, zjednocz si\u0119 z Jezusem eucharystycznym.<\/li>\n<\/ol>\n","protected":false},"excerpt":{"rendered":"<p>Msze \u015awi\u0119te transmitowane w TVP, PR i Radio FARA w niedziel\u0119, w kt&oacute;rych mo\u017cna uczestniczy\u0107, w zwi\u0105zku z decyzj\u0105 abpa Adama Szala i zaleceniami G\u0142&oacute;wnego Inspektoratu Sanitarnego, aby w najbli\u017cszym &hellip; <a href=\"https:\/\/budy.przemyska.pl\/index.php\/2020\/03\/14\/msze-sw-radiowe-i-w-tvp\/\" class=\"more-link\">Czytaj dalej <span class=\"screen-reader-text\">Msze \u015aw. radiowe i w TVP<\/span> <span class=\"meta-nav\">&rarr;<\/span><\/a><\/p>\n","protected":false},"author":1,"featured_media":0,"comment_status":"closed","ping_status":"closed","sticky":false,"template":"","format":"standard","meta":{"footnotes":""},"categories":[6],"tags":[],"class_list":["post-2973","post","type-post","status-publish","format-standard","hentry","category-aktualnosci"],"_links":{"self":[{"href":"https:\/\/budy.przemyska.pl\/index.php\/wp-json\/wp\/v2\/posts\/2973","targetHints":{"allow":["GET"]}}],"collection":[{"href":"https:\/\/budy.przemyska.pl\/index.php\/wp-json\/wp\/v2\/posts"}],"about":[{"href":"https:\/\/budy.przemyska.pl\/index.php\/wp-json\/wp\/v2\/types\/post"}],"author":[{"embeddable":true,"href":"https:\/\/budy.przemyska.pl\/index.php\/wp-json\/wp\/v2\/users\/1"}],"replies":[{"embeddable":true,"href":"https:\/\/budy.przemyska.pl\/index.php\/wp-json\/wp\/v2\/comments?post=2973"}],"version-history":[{"count":0,"href":"https:\/\/budy.przemyska.pl\/index.php\/wp-json\/wp\/v2\/posts\/2973\/revisions"}],"wp:attachment":[{"href":"https:\/\/budy.przemyska.pl\/index.php\/wp-json\/wp\/v2\/media?parent=2973"}],"wp:term":[{"taxonomy":"category","embeddable":true,"href":"https:\/\/budy.przemyska.pl\/index.php\/wp-json\/wp\/v2\/categories?post=2973"},{"taxonomy":"post_tag","embeddable":true,"href":"https:\/\/budy.przemyska.pl\/index.php\/wp-json\/wp\/v2\/tags?post=2973"}],"curies":[{"name":"wp","href":"https:\/\/api.w.org\/{rel}","templated":true}]}}