{"id":2968,"date":"2020-03-14T19:14:25","date_gmt":"2020-03-14T18:14:25","guid":{"rendered":"http:\/\/www.budylancuckie.przemyska.pl\/?p=2968"},"modified":"2020-03-14T19:14:25","modified_gmt":"2020-03-14T18:14:25","slug":"komunikat-kurii-metropolitalnej","status":"publish","type":"post","link":"https:\/\/budy.przemyska.pl\/index.php\/2020\/03\/14\/komunikat-kurii-metropolitalnej\/","title":{"rendered":"Komunikat Kurii Metropolitalnej"},"content":{"rendered":"<p><strong>\u0179r&oacute;d\u0142o<\/strong>: <a href=\"https:\/\/przemyska.pl\/2020\/03\/14\/komunikat-kurii-metropolitalnej\/\">https:\/\/przemyska.pl\/2020\/03\/14\/komunikat-kurii-metropolitalnej\/<\/a><\/p>\n<p style=\"zoom: 1; border: 0px; font-family: Arimo; font-size: 15px; font-style: normal; font-weight: 400; margin-top: 0px !important; margin-right: 0px; margin-bottom: 20px; margin-left: 0px; outline: 0px; padding: 0px; vertical-align: baseline; color: rgb(85, 85, 85); font-variant-ligatures: normal; font-variant-caps: normal; letter-spacing: normal; orphans: 2; text-indent: 0px; text-transform: none; white-space: normal; widows: 2; word-spacing: 0px; -webkit-text-stroke-width: 0px; background-color: rgb(255, 255, 255); text-decoration-style: initial; text-decoration-color: initial; text-align: right;\">Przemy\u015bl, 14 marca 2020 r.<\/p>\n<p style=\"zoom: 1; border: 0px; font-family: Arimo; font-size: 15px; font-style: normal; font-weight: 400; margin-top: 0px !important; margin-right: 0px; margin-bottom: 20px; margin-left: 0px; outline: 0px; padding: 0px; vertical-align: baseline; color: rgb(85, 85, 85); font-variant-ligatures: normal; font-variant-caps: normal; letter-spacing: normal; orphans: 2; text-align: start; text-indent: 0px; text-transform: none; white-space: normal; widows: 2; word-spacing: 0px; -webkit-text-stroke-width: 0px; background-color: rgb(255, 255, 255); text-decoration-style: initial; text-decoration-color: initial;\">W&nbsp;zwi\u0105zku z&nbsp;<em style=\"zoom: 1; border: 0px; font-family: inherit; font-size: 15px; font-style: italic; font-weight: inherit; margin: 0px; outline: 0px; padding: 0px; vertical-align: baseline; color: rgb(240, 80, 110);\">Rozporz\u0105dzeniem Ministra Zdrowia z&nbsp;dnia 13 marca 2020 r. w&nbsp;sprawie og\u0142oszenia na&nbsp;obszarze Rzeczypospolitej Polskiej stanu zagro\u017cenia epidemicznego<span>&nbsp;<\/span><\/em>(do&nbsp;pobrania poni\u017cej), kt&oacute;re ogranicza<span>&nbsp;<\/span><em style=\"zoom: 1; border: 0px; font-family: inherit; font-size: 15px; font-style: italic; font-weight: inherit; margin: 0px; outline: 0px; padding: 0px; vertical-align: baseline; color: rgb(240, 80, 110);\">sprawowanie kultu religijnego w&nbsp;miejscach publicznych, w&nbsp;tym w&nbsp;budynkach i&nbsp;innych obiektach kultu religijnego<\/em>, maj\u0105c na&nbsp;uwadze, \u017ce&nbsp;ww. ograniczenia<span>&nbsp;<\/span><em style=\"zoom: 1; border: 0px; font-family: inherit; font-size: 15px; font-style: italic; font-weight: inherit; margin: 0px; outline: 0px; padding: 0px; vertical-align: baseline; color: rgb(240, 80, 110);\">nie&nbsp;stosuje si\u0119 w&nbsp;przypadku, gdy&nbsp;liczba uczestnik&oacute;w zgromadzenia wynosi nie&nbsp;wi\u0119cej ni\u017c 50 os&oacute;b, wliczaj\u0105c w&nbsp;to&nbsp;organizatora i&nbsp;osoby dzia\u0142aj\u0105ce w&nbsp;jego imieniu<\/em>, a&nbsp;tak\u017ce w&nbsp;nawi\u0105zaniu do&nbsp;pkt. 7.<span>&nbsp;<\/span><a href=\"https:\/\/przemyska.pl\/2020\/03\/13\/zarzadzenie-metropolity-przemyskiego-w-zwiazku-z-zagrozeniem-epidemia\/\" style=\"zoom: 1; border: 0px; font-family: inherit; font-size: 15px; font-style: inherit; font-weight: inherit; margin: 0px; outline: 0px; padding: 0px; vertical-align: baseline; color: rgb(85, 149, 71); text-decoration: none; cursor: pointer;\"><em style=\"zoom: 1; border: 0px; font-family: inherit; font-size: 15px; font-style: italic; font-weight: inherit; margin: 0px; outline: 0px; padding: 0px; vertical-align: baseline; color: rgb(240, 80, 110);\">Zarz\u0105dzenia<\/em><span>&nbsp;<\/span>Metropolity Przemyskiego z&nbsp;dnia 13 marca 2020 r.<\/a>, w&nbsp;poczuciu odpowiedzialno\u015bci za&nbsp;siebie nawzajem oraz&nbsp;w&nbsp;trosce o&nbsp;zdrowie i&nbsp;\u017cycie, prosz\u0119 o&nbsp;przekazanie &ndash; wszelkimi dost\u0119pnymi \u015brodkami medialnymi i&nbsp;komunikacyjnymi &ndash; wiernym przebywaj\u0105cym na&nbsp;terenie Archidiecezji Przemyskiej zach\u0119ty do&nbsp;skorzystania z&nbsp;udzielonej dyspensy od&nbsp;obowi\u0105zku uczestnictwa w&nbsp;ko\u015bciele we&nbsp;Mszy \u015awi\u0119tej. Dyspensa zostaje rozszerzona na&nbsp;wszystkie osoby, kt&oacute;re nie&nbsp;b\u0119d\u0105 mog\u0142y uczestniczy\u0107 w&nbsp;Eucharystii ze&nbsp;wzgl\u0119du na&nbsp;ograniczenia pa\u0144stwowe. Wiernych korzystaj\u0105cych z&nbsp;dyspensy prosimy o&nbsp;korzystanie z&nbsp;transmisji radiowych i&nbsp;telewizyjnych, w&nbsp;szczeg&oacute;lno\u015bci przeprowadzanych przez&nbsp;<a href=\"https:\/\/przemyska.pl\/radiofara\/\" style=\"zoom: 1; border: 0px; font-family: inherit; font-size: 15px; font-style: inherit; font-weight: inherit; margin: 0px; outline: 0px; padding: 0px; vertical-align: baseline; color: rgb(85, 149, 71); text-decoration: none; cursor: pointer;\"><strong style=\"zoom: 1; border: 0px; font-family: inherit; font-size: 15px; font-style: inherit; font-weight: bolder; margin: 0px; outline: 0px; padding: 0px; vertical-align: baseline;\">Radio FARA<\/strong><\/a>.<\/p>\n<p style=\"zoom: 1; border: 0px; font-family: Arimo; font-size: 15px; font-style: normal; font-weight: 400; margin-top: 0px !important; margin-right: 0px; margin-bottom: 20px; margin-left: 0px; outline: 0px; padding: 0px; vertical-align: baseline; color: rgb(85, 85, 85); font-variant-ligatures: normal; font-variant-caps: normal; letter-spacing: normal; orphans: 2; text-align: start; text-indent: 0px; text-transform: none; white-space: normal; widows: 2; word-spacing: 0px; -webkit-text-stroke-width: 0px; background-color: rgb(255, 255, 255); text-decoration-style: initial; text-decoration-color: initial;\">Jednocze\u015bnie prosimy wiernych, kt&oacute;rzy&nbsp;po&nbsp;przyj\u015bciu do&nbsp;ko\u015bcio\u0142a stwierdz\u0105 wi\u0119ksz\u0105 ni\u017c wymagan\u0105<span>&nbsp;<\/span><em style=\"zoom: 1; border: 0px; font-family: inherit; font-size: 15px; font-style: italic; font-weight: inherit; margin: 0px; outline: 0px; padding: 0px; vertical-align: baseline; color: rgb(240, 80, 110);\">Rozporz\u0105dzeniem<\/em><span>&nbsp;<\/span>ilo\u015b\u0107 uczestnik&oacute;w liturgii, aby skorzystali z&nbsp;Mszy odprawianych w&nbsp;innych godzinach. W&nbsp;przypadku przebywaj\u0105cych w&nbsp;parafii kilku kap\u0142an&oacute;w, mo\u017cna celebrowa\u0107 Eucharysti\u0119 dla wymaganej grupy wiernych w&nbsp;innych pomieszczeniach np.&nbsp;salach katechetycznych, z&nbsp;zachowaniem przepis&oacute;w liturgicznych oraz&nbsp;wymaganych \u015brodk&oacute;w ostro\u017cno\u015bci i&nbsp;higieny.<\/p>\n<p style=\"zoom: 1; border: 0px; font-family: Arimo; font-size: 15px; font-style: normal; font-weight: 400; margin-top: 0px !important; margin-right: 0px; margin-bottom: 20px; margin-left: 0px; outline: 0px; padding: 0px; vertical-align: baseline; color: rgb(85, 85, 85); font-variant-ligatures: normal; font-variant-caps: normal; letter-spacing: normal; orphans: 2; text-align: start; text-indent: 0px; text-transform: none; white-space: normal; widows: 2; word-spacing: 0px; -webkit-text-stroke-width: 0px; background-color: rgb(255, 255, 255); text-decoration-style: initial; text-decoration-color: initial;\">W&nbsp;mocy pozostaje zach\u0119ta, by&nbsp;zwi\u0119kszy\u0107 ilo\u015b\u0107 Mszy \u015awi\u0119tych sprawowanych w&nbsp;dni \u015bwi\u0105teczne, po&nbsp;to, by&nbsp;wierni mogli skorzysta\u0107 z&nbsp;Eucharystii. Kap\u0142an&oacute;w prosz\u0119 jednak, by&nbsp;dostosowali si\u0119 w&nbsp;tym wzgl\u0119dzie do&nbsp;dozwolonej przepisami liturgicznymi ilo\u015bci celebrowanych Mszy \u015bwi\u0119tych w&nbsp;niedziel\u0119 i&nbsp;\u015bwi\u0119ta. Udzia\u0142 wiernych w&nbsp;nabo\u017ce\u0144stwach Gorzkich \u017bali i&nbsp;drogi krzy\u017cowej podlega tym samym przepisom i&nbsp;ograniczeniom.<\/p>\n<p style=\"zoom: 1; border: 0px; font-family: Arimo; font-size: 15px; font-style: normal; font-weight: 400; margin-top: 0px !important; margin-right: 0px; margin-bottom: 20px; margin-left: 0px; outline: 0px; padding: 0px; vertical-align: baseline; color: rgb(85, 85, 85); font-variant-ligatures: normal; font-variant-caps: normal; letter-spacing: normal; orphans: 2; text-align: start; text-indent: 0px; text-transform: none; white-space: normal; widows: 2; word-spacing: 0px; -webkit-text-stroke-width: 0px; background-color: rgb(255, 255, 255); text-decoration-style: initial; text-decoration-color: initial;\">Dobremu i&nbsp;mi\u0142osiernemu Bogu, do&nbsp;kt&oacute;rego&nbsp;modlimy si\u0119 w&nbsp;tym trudnym czasie w&nbsp;naszych domach oraz&nbsp;w&nbsp;osobistej modlitwie w&nbsp;ko\u015bcio\u0142ach i&nbsp;kaplicach, polecajmy siebie, nasze rodziny, s\u0142u\u017cby medyczne oraz&nbsp;wszystkich mieszka\u0144c&oacute;w naszej Ojczyzny.<\/p>\n<p style=\"zoom: 1; border: 0px; font-family: Arimo; font-size: 15px; font-style: normal; font-weight: 400; margin-top: 0px !important; margin-right: 0px; margin-bottom: 20px; margin-left: 0px; outline: 0px; padding: 0px; vertical-align: baseline; color: rgb(85, 85, 85); font-variant-ligatures: normal; font-variant-caps: normal; letter-spacing: normal; orphans: 2; text-indent: 0px; text-transform: none; white-space: normal; widows: 2; word-spacing: 0px; -webkit-text-stroke-width: 0px; background-color: rgb(255, 255, 255); text-decoration-style: initial; text-decoration-color: initial; text-align: right;\">\/-\/ ks.&nbsp;Bartosz Rajnowski<br style=\"zoom: 1;\" \/><br \/>\n\tKanclerz Kurii Metropolitalnej w&nbsp;Przemy\u015blu<\/p>\n<p style=\"border: 0px none; font-family: Arimo; font-size: 15px; font-style: normal; font-weight: 400; margin-top: 0px !important; margin-right: 0px; margin-bottom: 20px; margin-left: 0px; outline: currentcolor none 0px; padding: 0px; vertical-align: baseline; color: rgb(85, 85, 85); font-variant-ligatures: normal; font-variant-caps: normal; letter-spacing: normal; text-indent: 0px; text-transform: none; white-space: normal; word-spacing: 0px; -webkit-text-stroke-width: 0px; background-color: rgb(255, 255, 255); text-decoration-style: initial; text-decoration-color: initial;\"><strong style=\"zoom: 1; border: 0px; font-family: Arimo; font-size: 15px; font-style: normal; font-weight: bolder; margin: 0px; outline: 0px; padding: 0px; vertical-align: baseline; color: rgb(85, 85, 85); font-variant-ligatures: normal; font-variant-caps: normal; letter-spacing: normal; orphans: 2; text-align: start; text-indent: 0px; text-transform: none; white-space: normal; widows: 2; word-spacing: 0px; -webkit-text-stroke-width: 0px; background-color: rgb(255, 255, 255); text-decoration-style: initial; text-decoration-color: initial;\">DO&nbsp;POBRANIA:<\/strong><\/p>\n<p style=\"border: 0px none; font-family: Arimo; font-size: 15px; font-style: normal; font-weight: 400; margin-top: 0px !important; margin-right: 0px; margin-bottom: 20px; margin-left: 0px; outline: currentcolor none 0px; padding: 0px; vertical-align: baseline; color: rgb(85, 85, 85); font-variant-ligatures: normal; font-variant-caps: normal; letter-spacing: normal; text-indent: 0px; text-transform: none; white-space: normal; word-spacing: 0px; -webkit-text-stroke-width: 0px; background-color: rgb(255, 255, 255); text-decoration-style: initial; text-decoration-color: initial;\"><a class=\"attachment-link\" href=\"https:\/\/przemyska.pl\/plik\/81928\" style=\"zoom: 1; border: none; font-family: Arimo; font-size: 16.5px; font-style: normal; font-weight: 700; margin: 0px; outline: 0px; padding: 0px; vertical-align: baseline; color: rgb(85, 149, 71); text-decoration: none; cursor: pointer; font-variant-ligatures: normal; font-variant-caps: normal; letter-spacing: normal; orphans: 2; text-align: left; text-indent: 0px; text-transform: none; white-space: normal; widows: 2; word-spacing: 0px; -webkit-text-stroke-width: 0px; background-color: rgb(255, 255, 255);\" target=\"_blank\" title=\"ROZPORZ\u0104DZENIE MINISTRA ZDROWIA z dnia 13 marca 2020 r. w sprawie og\u0142oszenia na obszarze Rzeczypospolitej Polskiej stanu zagro\u017cenia epidemicznego\" rel=\"noopener\">ROZPORZ\u0104DZENIE MINISTRA ZDROWIA z dnia 13 marca 2020 r. w sprawie og\u0142oszenia na obszarze Rzeczypospolitej Polskiej stanu zagro\u017cenia epidemicznego<\/a><\/p>\n","protected":false},"excerpt":{"rendered":"<p>\u0179r&oacute;d\u0142o: https:\/\/przemyska.pl\/2020\/03\/14\/komunikat-kurii-metropolitalnej\/ Przemy\u015bl, 14 marca 2020 r. W&nbsp;zwi\u0105zku z&nbsp;Rozporz\u0105dzeniem Ministra Zdrowia z&nbsp;dnia 13 marca 2020 r. w&nbsp;sprawie og\u0142oszenia na&nbsp;obszarze Rzeczypospolitej Polskiej stanu zagro\u017cenia epidemicznego&nbsp;(do&nbsp;pobrania poni\u017cej), kt&oacute;re ogranicza&nbsp;sprawowanie kultu religijnego w&nbsp;miejscach &hellip; <a href=\"https:\/\/budy.przemyska.pl\/index.php\/2020\/03\/14\/komunikat-kurii-metropolitalnej\/\" class=\"more-link\">Czytaj dalej <span class=\"screen-reader-text\">Komunikat Kurii Metropolitalnej<\/span> <span class=\"meta-nav\">&rarr;<\/span><\/a><\/p>\n","protected":false},"author":1,"featured_media":0,"comment_status":"closed","ping_status":"closed","sticky":false,"template":"","format":"standard","meta":{"footnotes":""},"categories":[6],"tags":[],"class_list":["post-2968","post","type-post","status-publish","format-standard","hentry","category-aktualnosci"],"_links":{"self":[{"href":"https:\/\/budy.przemyska.pl\/index.php\/wp-json\/wp\/v2\/posts\/2968","targetHints":{"allow":["GET"]}}],"collection":[{"href":"https:\/\/budy.przemyska.pl\/index.php\/wp-json\/wp\/v2\/posts"}],"about":[{"href":"https:\/\/budy.przemyska.pl\/index.php\/wp-json\/wp\/v2\/types\/post"}],"author":[{"embeddable":true,"href":"https:\/\/budy.przemyska.pl\/index.php\/wp-json\/wp\/v2\/users\/1"}],"replies":[{"embeddable":true,"href":"https:\/\/budy.przemyska.pl\/index.php\/wp-json\/wp\/v2\/comments?post=2968"}],"version-history":[{"count":0,"href":"https:\/\/budy.przemyska.pl\/index.php\/wp-json\/wp\/v2\/posts\/2968\/revisions"}],"wp:attachment":[{"href":"https:\/\/budy.przemyska.pl\/index.php\/wp-json\/wp\/v2\/media?parent=2968"}],"wp:term":[{"taxonomy":"category","embeddable":true,"href":"https:\/\/budy.przemyska.pl\/index.php\/wp-json\/wp\/v2\/categories?post=2968"},{"taxonomy":"post_tag","embeddable":true,"href":"https:\/\/budy.przemyska.pl\/index.php\/wp-json\/wp\/v2\/tags?post=2968"}],"curies":[{"name":"wp","href":"https:\/\/api.w.org\/{rel}","templated":true}]}}