{"id":2964,"date":"2020-03-14T08:23:00","date_gmt":"2020-03-14T07:23:00","guid":{"rendered":"http:\/\/www.budylancuckie.przemyska.pl\/?p=2964"},"modified":"2020-03-14T08:23:00","modified_gmt":"2020-03-14T07:23:00","slug":"zarzadzenie-metropolity-przemyskiego-w-zwiazku-z-zagrozeniem-epidemia","status":"publish","type":"post","link":"https:\/\/budy.przemyska.pl\/index.php\/2020\/03\/14\/zarzadzenie-metropolity-przemyskiego-w-zwiazku-z-zagrozeniem-epidemia\/","title":{"rendered":"Zarz\u0105dzenie Metropolity Przemyskiego w zwi\u0105zku z zagro\u017ceniem epidemi\u0105"},"content":{"rendered":"<p><strong>\u0179r&oacute;d\u0142o<\/strong>: <a href=\"https:\/\/przemyska.pl\/2020\/03\/13\/zarzadzenie-metropolity-przemyskiego-w-zwiazku-z-zagrozeniem-epidemia\/\" target=\"_blank\" rel=\"noopener\">https:\/\/przemyska.pl\/2020\/03\/13\/zarzadzenie-metropolity-przemyskiego-w-zwiazku-z-zagrozeniem-epidemia\/<\/a><\/p>\n<p>Przemy\u015bl, 13 marca 2020 r.,&nbsp;L. dz.&nbsp;401\/041\/2020<\/p>\n<h2 style=\"text-align: center;\">ZARZ\u0104DZENIE<\/h2>\n<p>Wobec aktualnej sytuacji zwi\u0105zanej z&nbsp;zagro\u017ceniem zara\u017cenia si\u0119 koronawirusem SARS-Cov-2 wywo\u0142uj\u0105cym chorob\u0119 COVID-19, w&nbsp;nawi\u0105zaniu do&nbsp;<em>Zarz\u0105dzenia nr&nbsp;1\/2020<\/em> Rady Sta\u0142ej Konferencji Episkopatu Polski z&nbsp;dnia 12 marca 2020 r. oraz&nbsp;bior\u0105c pod&nbsp;uwag\u0119 zaplanowane wcze\u015bniej uroczysto\u015bci i&nbsp;wydarzenia religijne na&nbsp;terenie Archidiecezji Przemyskiej, zarz\u0105dzam, co nast\u0119puje:<\/p>\n<p><strong>1.<\/strong> Nale\u017cy wzi\u0105\u0107 pod&nbsp;uwag\u0119, \u017ce&nbsp;<em>tak&nbsp;jak szpitale lecz\u0105 choroby cia\u0142a, tak&nbsp;ko\u015bcio\u0142y s\u0142u\u017c\u0105 m.in.&nbsp;leczeniu chor&oacute;b ducha, dlatego jest niewyobra\u017calne, aby\u015bmy nie&nbsp;modlili si\u0119 w&nbsp;naszych ko\u015bcio\u0142ach<\/em> (Komunikat Przewodnicz\u0105cego Konferencji Episkopatu Polski, abp. S. G\u0105deckiego, 10.03.2020). W&nbsp;zwi\u0105zku z&nbsp;tym zach\u0119cam wiernych, kt&oacute;rzy&nbsp;nie&nbsp;b\u0119d\u0105 uczestniczy\u0107 we&nbsp;wsp&oacute;lnej liturgii, aby poza ni\u0105 nawiedzali ko\u015bcio\u0142y na&nbsp;gorliw\u0105 modlitw\u0119 osobist\u0105. St\u0105d polecam duszpasterzom, aby:<\/p>\n<ul>\n<li>a. ko\u015bcio\u0142y pozostawa\u0142y otwarte w&nbsp;ci\u0105gu dnia,<\/li>\n<li>b.&nbsp;kap\u0142ani troszczyli si\u0119 o&nbsp;dodatkowe okazje do&nbsp;spowiedzi i&nbsp;adoracji Naj\u015bwi\u0119tszego Sakramentu,<\/li>\n<li>c. przy zachowaniu nale\u017cytych zasad higieny &ndash; kap\u0142ani i&nbsp;nadzwyczajni szafarze odwiedzali chorych i&nbsp;starszych parafian z&nbsp;pos\u0142ug\u0105 sakramentaln\u0105, o&nbsp;ile o&nbsp;to&nbsp;poprosz\u0105.<\/li>\n<\/ul>\n<p><strong>2.<\/strong> Maj\u0105c na&nbsp;uwadze zagro\u017cenie zdrowia oraz&nbsp;\u017cycia, zgodnie z&nbsp;kan. 87 &sect; 1, 1245 i&nbsp;kan. 1248 &sect; 2 Kodeksu Prawa Kanonicznego udzielam dyspensy od&nbsp;obowi\u0105zku niedzielnego uczestnictwa we&nbsp;Mszy \u015awi\u0119tej do&nbsp;dnia 29 marca br.&nbsp;w\u0142\u0105cznie nast\u0119puj\u0105cym wiernym:<\/p>\n<ul>\n<li>a. osobom w&nbsp;podesz\u0142ym wieku,<\/li>\n<li>b.&nbsp;osobom z&nbsp;objawami infekcji (np.&nbsp;kaszel, katar, podwy\u017cszona temperatura, itp.),<\/li>\n<li>c. dzieciom i&nbsp;m\u0142odzie\u017cy szkolnej oraz&nbsp;doros\u0142ym, kt&oacute;rzy&nbsp;sprawuj\u0105 nad&nbsp;nimi bezpo\u015bredni\u0105 opiek\u0119,<\/li>\n<li>d. osobom, kt&oacute;re czuj\u0105 obaw\u0119 przed&nbsp;zara\u017ceniem.<\/li>\n<\/ul>\n<p>Skorzystanie z&nbsp;dyspensy oznacza, \u017ce&nbsp;nieobecno\u015b\u0107 na&nbsp;Mszy niedzielnej we&nbsp;wskazanym czasie nie&nbsp;jest grzechem. Jednocze\u015bnie zach\u0119cam, aby osoby korzystaj\u0105ce z&nbsp;dyspensy trwa\u0142y na&nbsp;osobistej i&nbsp;rodzinnej modlitwie.<\/p>\n<p>Zach\u0119cam szczeg&oacute;lnie do&nbsp;duchowej \u0142\u0105czno\u015bci ze&nbsp;wsp&oacute;lnot\u0105 Ko\u015bcio\u0142a poprzez transmisje radiowe w&nbsp;Radiu FARA (Msza \u015bwi\u0119ta o&nbsp;godz.&nbsp;7.00 oraz&nbsp;po&nbsp;po\u0142udniu wed\u0142ug programu) oraz&nbsp;za&nbsp;po\u015brednictwem lokalnych i&nbsp;og&oacute;lnopolskich rozg\u0142o\u015bni radiowych i&nbsp;stacji telewizyjnych.<\/p>\n<p><strong>3.<\/strong> W&nbsp;czasie liturgii sprawowanej w&nbsp;okresie do&nbsp;dnia 29 marca br.&nbsp;w\u0142\u0105cznie, nale\u017cy przestrzega\u0107 w&nbsp;ko\u015bcio\u0142ach nast\u0119puj\u0105cych zasad:<\/p>\n<ul>\n<li>a. kap\u0142ani i&nbsp;nadzwyczajni szafarze Komunii \u015awi\u0119tej przed&nbsp;rozpocz\u0119ciem liturgii powinni dok\u0142adnie umy\u0107 r\u0119ce i&nbsp;kierowa\u0107 si\u0119 zasadami higieny,<\/li>\n<li>b.&nbsp;wierni powinni zachowa\u0107 bezpieczn\u0105 odleg\u0142o\u015b\u0107 pomi\u0119dzy sob\u0105,<\/li>\n<li>c. przypominamy, \u017ce&nbsp;przepisy liturgiczne Ko\u015bcio\u0142a przewiduj\u0105 przyjmowanie Komunii \u015awi\u0119tej na&nbsp;r\u0119k\u0119, do&nbsp;czego teraz zach\u0119cam,<\/li>\n<li>d. znak pokoju nale\u017cy przekazywa\u0107 przez&nbsp;skinienie g\u0142owy, bez&nbsp;podawania r\u0105k,<\/li>\n<li>e. cze\u015b\u0107 Krzy\u017cowi nale\u017cy oddawa\u0107 przez&nbsp;przykl\u0119kni\u0119cie lub g\u0142\u0119boki sk\u0142on, bez&nbsp;kontaktu bezpo\u015bredniego,<\/li>\n<li>f. nale\u017cy powstrzyma\u0107 si\u0119 ponadto od&nbsp;oddawania czci relikwiom poprzez poca\u0142unek lub dotkni\u0119cie,<\/li>\n<li>g. na&nbsp;kratki konfesjona\u0142&oacute;w nale\u017cy na\u0142o\u017cy\u0107 folie ochronne. Zalecam roztropno\u015b\u0107 w&nbsp;organizowaniu parafialnych spowiedzi, kt&oacute;re b\u0119d\u0105 mog\u0142y by\u0107 zorganizowane w&nbsp;p&oacute;\u017aniejszym terminie. Na&nbsp;ka\u017cd\u0105 indywidulan\u0105 pro\u015bb\u0119 penitenta kap\u0142an powinien sprawowa\u0107 sakrament pokuty,<\/li>\n<li>h. rezygnujemy w&nbsp;tym czasie z&nbsp;nape\u0142niania kropielnic ko\u015bcielnych wod\u0105 \u015bwi\u0119con\u0105. Ze&nbsp;wzgl\u0119du na&nbsp;jej warto\u015b\u0107 proponujemy wiernym przyniesienie do&nbsp;ko\u015bcio\u0142a wody, kt&oacute;r\u0105 kap\u0142an po\u015bwi\u0119ci, by&nbsp;mo\u017cna by\u0142o jej u\u017cywa\u0107 w&nbsp;domu.<\/li>\n<\/ul>\n<p><strong>4.<\/strong> R&oacute;wnie\u017c do&nbsp;dnia 29 marca br.&nbsp;w\u0142\u0105cznie zawieszam:<\/p>\n<ul>\n<li>a. wizytacje Ksi\u0119\u017cy Biskup&oacute;w oraz&nbsp;liturgie z&nbsp;udzieleniem sakramentu bierzmowania,<\/li>\n<li>b.&nbsp;zaplanowane pielgrzymki oraz&nbsp;rekolekcje zar&oacute;wno szkolne, jak i&nbsp;te organizowane przez&nbsp;parafie. Jednocze\u015bnie zach\u0119cam wiernych, by&nbsp;skorzystali z&nbsp;nauk rekolekcyjnych za&nbsp;po\u015brednictwem \u015brodk&oacute;w spo\u0142ecznego przekazu, a&nbsp;duszpasterzy prosz\u0119, by&nbsp;przenie\u015bli je na&nbsp;inny termin,<\/li>\n<li>c. spotkania wsp&oacute;lnot parafialnych i&nbsp;innych grup formacyjnych w&nbsp;Archidiecezji,<\/li>\n<li>d. przyjmowanie interesant&oacute;w przez&nbsp;S\u0105d Metropolitalny i&nbsp;Archiwum Archidiecezjalne w&nbsp;Przemy\u015blu.<\/li>\n<\/ul>\n<p><strong>5.<\/strong> Prosz\u0119, by&nbsp;do&nbsp;29 marca br.&nbsp;kap\u0142ani i&nbsp;wierni sprawy kancelaryjne w&nbsp;Kurii Metropolitalnej w&nbsp;zwyk\u0142ych godzinach jej funkcjonowania za\u0142atwiali telefonicznie (16 678 66 94) lub za&nbsp;pomoc\u0105 poczty elektronicznej (kuria@przemyska.pl).<\/p>\n<p><strong>6.<\/strong> Spotkanie M\u0142odych Archidiecezji Przemyskiej w&nbsp;B\u0142a\u017cowej (3-5 kwietnia 2020 r.) zostaje w&nbsp;planowanej formie odwo\u0142ane. Przyjmie ono form\u0119 duchowej \u0142\u0105czno\u015bci z&nbsp;Ojcem \u015awi\u0119tym i&nbsp;m\u0142odymi wyznawcami Chrystusa we&nbsp;wszystkich zak\u0105tkach globu. Szczeg&oacute;\u0142owe informacje na&nbsp;ten temat zostan\u0105 podane w&nbsp;p&oacute;\u017aniejszym terminie.<\/p>\n<p><strong>7.<\/strong> Ponadto prosz\u0119, by&nbsp;kap\u0142ani i&nbsp;wierni czerpali wiedz\u0119 o&nbsp;zagro\u017ceniu epidemi\u0105 wy\u0142\u0105cznie z&nbsp;oficjalnych \u017ar&oacute;de\u0142 oraz&nbsp;nie&nbsp;powielali niesprawdzonych lub fa\u0142szywych informacji. Prosz\u0119 stosowa\u0107 si\u0119 do&nbsp;zalece\u0144 podawanych przez&nbsp;pa\u0144stwowe w\u0142adze sanitarne i&nbsp;epidemiologiczne.<\/p>\n<p><strong>8.<\/strong> Wszystkie rozporz\u0105dzenia dotycz\u0105ce naszej Archidiecezji b\u0119d\u0105 umieszczane na&nbsp;stronie przemyska.pl.<\/p>\n<p>Zach\u0119cam do&nbsp;intensywnej modlitwy w&nbsp;intencji ustania zagro\u017cenia epidemiologicznego, a&nbsp;tak\u017ce w&nbsp;intencjach chorych i&nbsp;personelu medycznego oraz&nbsp;s\u0142u\u017cb ratowniczych.<\/p>\n<p>Z&nbsp;serca wszystkim b\u0142ogos\u0142awi\u0119<\/p>\n<p style=\"text-align: right;\">ARCYBISKUP METROPOLITA PRZEMYSKI<br \/>\n\t\/-\/ abp Adam Szal<\/p>\n<p style=\"text-align: right;\">KANCLERZ KURII<br \/>\n\t\/-\/ ks.&nbsp;Bartosz Rajnowski<\/p>\n","protected":false},"excerpt":{"rendered":"<p>\u0179r&oacute;d\u0142o: https:\/\/przemyska.pl\/2020\/03\/13\/zarzadzenie-metropolity-przemyskiego-w-zwiazku-z-zagrozeniem-epidemia\/ Przemy\u015bl, 13 marca 2020 r.,&nbsp;L. dz.&nbsp;401\/041\/2020 ZARZ\u0104DZENIE Wobec aktualnej sytuacji zwi\u0105zanej z&nbsp;zagro\u017ceniem zara\u017cenia si\u0119 koronawirusem SARS-Cov-2 wywo\u0142uj\u0105cym chorob\u0119 COVID-19, w&nbsp;nawi\u0105zaniu do&nbsp;Zarz\u0105dzenia nr&nbsp;1\/2020 Rady Sta\u0142ej Konferencji Episkopatu Polski z&nbsp;dnia &hellip; <a href=\"https:\/\/budy.przemyska.pl\/index.php\/2020\/03\/14\/zarzadzenie-metropolity-przemyskiego-w-zwiazku-z-zagrozeniem-epidemia\/\" class=\"more-link\">Czytaj dalej <span class=\"screen-reader-text\">Zarz\u0105dzenie Metropolity Przemyskiego w zwi\u0105zku z zagro\u017ceniem epidemi\u0105<\/span> <span class=\"meta-nav\">&rarr;<\/span><\/a><\/p>\n","protected":false},"author":1,"featured_media":0,"comment_status":"closed","ping_status":"closed","sticky":false,"template":"","format":"standard","meta":{"footnotes":""},"categories":[6],"tags":[],"class_list":["post-2964","post","type-post","status-publish","format-standard","hentry","category-aktualnosci"],"_links":{"self":[{"href":"https:\/\/budy.przemyska.pl\/index.php\/wp-json\/wp\/v2\/posts\/2964","targetHints":{"allow":["GET"]}}],"collection":[{"href":"https:\/\/budy.przemyska.pl\/index.php\/wp-json\/wp\/v2\/posts"}],"about":[{"href":"https:\/\/budy.przemyska.pl\/index.php\/wp-json\/wp\/v2\/types\/post"}],"author":[{"embeddable":true,"href":"https:\/\/budy.przemyska.pl\/index.php\/wp-json\/wp\/v2\/users\/1"}],"replies":[{"embeddable":true,"href":"https:\/\/budy.przemyska.pl\/index.php\/wp-json\/wp\/v2\/comments?post=2964"}],"version-history":[{"count":0,"href":"https:\/\/budy.przemyska.pl\/index.php\/wp-json\/wp\/v2\/posts\/2964\/revisions"}],"wp:attachment":[{"href":"https:\/\/budy.przemyska.pl\/index.php\/wp-json\/wp\/v2\/media?parent=2964"}],"wp:term":[{"taxonomy":"category","embeddable":true,"href":"https:\/\/budy.przemyska.pl\/index.php\/wp-json\/wp\/v2\/categories?post=2964"},{"taxonomy":"post_tag","embeddable":true,"href":"https:\/\/budy.przemyska.pl\/index.php\/wp-json\/wp\/v2\/tags?post=2964"}],"curies":[{"name":"wp","href":"https:\/\/api.w.org\/{rel}","templated":true}]}}