{"id":2960,"date":"2020-03-08T09:47:37","date_gmt":"2020-03-08T08:47:37","guid":{"rendered":"http:\/\/www.budylancuckie.przemyska.pl\/?p=2960"},"modified":"2020-03-08T09:47:37","modified_gmt":"2020-03-08T08:47:37","slug":"ogloszenia-parafialne-02-03-2020","status":"publish","type":"post","link":"https:\/\/budy.przemyska.pl\/index.php\/2020\/03\/08\/ogloszenia-parafialne-02-03-2020\/","title":{"rendered":"Og\u0142oszenia parafialne 08-03-2020"},"content":{"rendered":"<h2 style=\"text-align: center;\"><strong><span style=\"color: rgb(0, 0, 128);\">II Niedziela Wielkiego Postu &#8211; 08-03-2020<\/span><\/strong><\/h2>\n<h2 style=\"text-align: center;\"><strong><span style=\"color: rgb(0, 0, 128);\">Og\u0142oszenia<br \/>\n\t<\/span><\/strong><\/h2>\n<ol>\n<li>Dzi\u015b o godz.15.00 Nabo\u017ce\u0144stwo Gorzkich \u017bali, a po nim Msza \u015bw.<\/li>\n<li>We wtorek rozpoczniemy nowenn\u0119 przed Uroczysto\u015bci\u0105 \u015bw. J&oacute;zefa.<\/li>\n<li>W czwartek Adoracja Naj\u015bwi\u0119tszego Sakramentu od godz. 16.00, a po Mszy \u015bw. spotkanie Akcji Katolickiej.<\/li>\n<li>W pi\u0105tek o godz. 17.00 Droga Krzy\u017cowa, a po niej Msza \u015bw. Drugie nabo\u017ce\u0144stwo Drogi Krzy\u017cowej przygotowywanej przez m\u0142odzie\u017c o godz.19.00.<\/li>\n<li>Tegoroczne Rekolekcje Wielkopostne prze\u017cywa\u0107 b\u0119dziemy w dn. 22.03. -25.03. G\u0142osi\u0142 je b\u0119dzie ks. dr Jan Szczych z par. Lubie\u0144 Wielki na Ukrainie.<\/li>\n<li>Sakrament Bierzmowania dla m\u0142odzie\u017cy zostanie udzielony jesieni\u0105, podczas wizytacji kanonicznej naszej parafii.<\/li>\n<li>W \u015brod\u0119 po Mszy \u015bw. zbi&oacute;rka dla ministrant&oacute;w.<\/li>\n<li>Zach\u0119camy do czytania prasy katolickiej. Ka\u017cdego tygodnia mo\u017cemy odnale\u017a\u0107 wiele interesuj\u0105cych artyku\u0142&oacute;w dotycz\u0105cych spraw \u017cycia religijnego.<\/li>\n<li>Za tydzie\u0144 III Niedziela miesi\u0105ca. W naszej parafii Niedziela inwestycyjna.<\/li>\n<li>B&oacute;g zap\u0142a\u0107 osobom sprz\u0105taj\u0105cym ko\u015bci&oacute;\u0142 oraz za wszystkie ofiary sk\u0142adane na potrzeby ko\u015bcio\u0142a.<\/li>\n<\/ol>\n<h3 style=\"text-align: center;\">W ostatnim czasie zosta\u0142a przeprowadzona reorganizacja <a href=\"http:\/\/www.budylancuckie.przemyska.pl\/?page_id=93\" target=\"_self\" rel=\"noopener\">R&oacute;\u017c R&oacute;\u017ca\u0144cowych w naszej parafii<\/a>. Codziennie odmawiany jest r&oacute;\u017caniec w 27 R&oacute;\u017cach w r&oacute;\u017cnych naszych osobistych i rodzinnych intencjach, a tak\u017ce w intencjach ca\u0142ej wsp&oacute;lnoty Ko\u015bcio\u0142a. W niekt&oacute;rych R&oacute;\u017cach brakuje kilka os&oacute;b, dlatego kierujemy zach\u0119t\u0119 do w\u0142\u0105czenia si\u0119 do przynale\u017cno\u015bci do codziennego odmawiania 10-si\u0105tka R&oacute;\u017ca\u0144ca. Swoj\u0105 przynale\u017cno\u015b\u0107 do R&oacute;\u017cy mo\u017cna zg\u0142osi\u0107 w zakrystii, tak aby wiadoma by\u0142a przynale\u017cno\u015b\u0107 do konkretnej R&oacute;\u017cy. Serdecznie zapraszamy!!!<\/h3>\n<h3 style=\"text-align: center;\"><strong><span style=\"color: rgb(0, 0, 128);\">Intencje mszalne<\/span><\/strong><\/h3>\n<h4 style=\"text-align: center;\"><strong><span style=\"color: rgb(0, 0, 128);\">od 9 marca 2020 do 15 marca 2020<\/span><\/strong><\/h4>\n<h4><strong><br \/>\n\tGdyby zbyt d\u0142ugi czas nie by\u0142a og\u0142oszona zam&oacute;wiona intencja mszalna &ndash; prosimy o zg\u0142oszenie tego kap\u0142anowi.&nbsp; Zam&oacute;wiona intencja nie mo\u017ce zgin\u0105\u0107.<br \/>\n\t<\/strong><\/h4>\n<p><u><strong>Poniedzia\u0142ek &#8211; 9 marzec<\/strong><\/u><br \/>\n\t1. + Stanis\u0142awa Kita (greg.); <br \/>\n\t2. + Stanis\u0142aw Baran od r. Kraska.;<br \/>\n\t3. + Julia Walto\u015b;<\/p>\n<p><u><strong>Wtorek &#8211; 10 marzec<br \/>\n\t<\/strong><\/u>1 + Stanis\u0142awa Kita(greg.); <br \/>\n\t2. ++ Maria, J&oacute;zef, Jan, Stanis\u0142aw Blok; <br \/>\n\t3. ++ Ks. J&oacute;zef Czech, rodzice i rodze\u0144stwo;<\/p>\n<p><u><strong>\u015aroda &#8211; 11 marzec<\/strong><\/u><br \/>\n\t1. + Stanis\u0142awa Kita (greg.) <br \/>\n\t2. ++ Zofia i Stanis\u0142aw Bartnik;<br \/>\n\t3. + Maria Pelc od s\u0105siadki z c&oacute;rkami ;<\/p>\n<p><u><strong>Czwartek &#8211; 12 marzec<\/strong><\/u><br \/>\n\t1. + Stanis\u0142awa Kita (greg.); <br \/>\n\t2. + Micha\u0142 Kie\u0142b od r. Piekarz;<br \/>\n\t3. + Cecylia Miara od r. Morcink&oacute;w;<\/p>\n<p>\t<u><strong>Pi\u0105tek &#8211; 13 marzec<\/strong><\/u><br \/>\n\t1. + Stanis\u0142awa Kita (greg.); <br \/>\n\t2. ++ Stanis\u0142aw, Joanna Dr\u0105\u017cek i zm. z rodziny; <br \/>\n\t3. + Maria Pelc od r. Stafiej;<\/p>\n<p><u><strong>Sobota &#8211; 14 marzec<\/strong><\/u><br \/>\n\t1. + Stanis\u0142awa Kita (greg.); <br \/>\n\t2. + Jan Pelc od r. Markockich;<br \/>\n\t3. Intencja wiadoma;<\/p>\n<p><u><strong>Niedziela &#8211; 15 marzec<\/strong><\/u><br \/>\n\t6:30 + Stanis\u0142awa Kita (greg.); <br \/>\n\t8:00 + Maria Czyrek od wnuka Paw\u0142a z rodzin\u0105; <br \/>\n\t10:30 W intencji parafian;<br \/>\n\t15:00 ++ Paulina, Franciszek Bosak i zm. z rodziny;<\/p>\n<h3 style=\"text-align: center;\"><strong><strong><span style=\"color: rgb(0, 0, 128);\">Modlitw\u0119 r&oacute;\u017ca\u0144cow\u0105 prowadz\u0105<br \/>\n\t<\/span><\/strong><\/strong><\/h3>\n<p>09. P. R. \u015aw. Agaty- (Patrycja Por\u0119bna)<br \/>\n\t10. W. R. \u015aw. Zofii &ndash; (Zofia Kurek)<br \/>\n\t11. \u015a. R. \u015aw. Agnieszki &#8211; (Krystyna Nykiel) <br \/>\n\t12. C. Akcja Katolicka<br \/>\n\t13. P. R. KSM <br \/>\n\t14. S. R. \u015aw. Anny &#8211; (Karolina Benedyk)<br \/>\n\t15. N. R. \u015aw. Cecylii &#8211; (Krystyna Markowicz)<\/p>\n<p>\t<strong>Wyznaczona R&oacute;\u017ca powinna czu\u0107 si\u0119 zobowi\u0105zana do obecno\u015bci i prowadzenia modlitwy r&oacute;\u017ca\u0144cowej.<\/strong><\/p>\n","protected":false},"excerpt":{"rendered":"<p>II Niedziela Wielkiego Postu &#8211; 08-03-2020 Og\u0142oszenia Dzi\u015b o godz.15.00 Nabo\u017ce\u0144stwo Gorzkich \u017bali, a po nim Msza \u015bw. We wtorek rozpoczniemy nowenn\u0119 przed Uroczysto\u015bci\u0105 \u015bw. J&oacute;zefa. W czwartek Adoracja Naj\u015bwi\u0119tszego &hellip; <a href=\"https:\/\/budy.przemyska.pl\/index.php\/2020\/03\/08\/ogloszenia-parafialne-02-03-2020\/\" class=\"more-link\">Czytaj dalej <span class=\"screen-reader-text\">Og\u0142oszenia parafialne 08-03-2020<\/span> <span class=\"meta-nav\">&rarr;<\/span><\/a><\/p>\n","protected":false},"author":1,"featured_media":0,"comment_status":"closed","ping_status":"closed","sticky":false,"template":"","format":"standard","meta":{"footnotes":""},"categories":[6,4],"tags":[],"class_list":["post-2960","post","type-post","status-publish","format-standard","hentry","category-aktualnosci","category-ogloszenia"],"_links":{"self":[{"href":"https:\/\/budy.przemyska.pl\/index.php\/wp-json\/wp\/v2\/posts\/2960","targetHints":{"allow":["GET"]}}],"collection":[{"href":"https:\/\/budy.przemyska.pl\/index.php\/wp-json\/wp\/v2\/posts"}],"about":[{"href":"https:\/\/budy.przemyska.pl\/index.php\/wp-json\/wp\/v2\/types\/post"}],"author":[{"embeddable":true,"href":"https:\/\/budy.przemyska.pl\/index.php\/wp-json\/wp\/v2\/users\/1"}],"replies":[{"embeddable":true,"href":"https:\/\/budy.przemyska.pl\/index.php\/wp-json\/wp\/v2\/comments?post=2960"}],"version-history":[{"count":0,"href":"https:\/\/budy.przemyska.pl\/index.php\/wp-json\/wp\/v2\/posts\/2960\/revisions"}],"wp:attachment":[{"href":"https:\/\/budy.przemyska.pl\/index.php\/wp-json\/wp\/v2\/media?parent=2960"}],"wp:term":[{"taxonomy":"category","embeddable":true,"href":"https:\/\/budy.przemyska.pl\/index.php\/wp-json\/wp\/v2\/categories?post=2960"},{"taxonomy":"post_tag","embeddable":true,"href":"https:\/\/budy.przemyska.pl\/index.php\/wp-json\/wp\/v2\/tags?post=2960"}],"curies":[{"name":"wp","href":"https:\/\/api.w.org\/{rel}","templated":true}]}}