{"id":2928,"date":"2020-02-29T21:17:00","date_gmt":"2020-02-29T20:17:00","guid":{"rendered":"http:\/\/www.budylancuckie.przemyska.pl\/?p=2928"},"modified":"2020-02-29T21:17:00","modified_gmt":"2020-02-29T20:17:00","slug":"ogloszenia-parafialne-01-03-2020","status":"publish","type":"post","link":"https:\/\/budy.przemyska.pl\/index.php\/2020\/02\/29\/ogloszenia-parafialne-01-03-2020\/","title":{"rendered":"Og\u0142oszenia parafialne 01-03-2020"},"content":{"rendered":"<h2 style=\"text-align: center;\"><strong><span style=\"color: rgb(0, 0, 128);\">I Niedziela Wielkiego Postu &#8211; 01-03-2020<\/span><\/strong><\/h2>\n<h2 style=\"text-align: center;\"><strong><span style=\"color: rgb(0, 0, 128);\">Og\u0142oszenia<br \/>\n\t<\/span><\/strong><\/h2>\n<ol>\n<li>Dzi\u015b o godz.15.00 Nabo\u017ce\u0144stwo Gorzkich \u017bali, a po nim Msza \u015bw. <\/li>\n<li>W \u015brod\u0119 \u015bwi\u0119to \u015bw. Kazimierza &#8211; kr&oacute;lewicza.<\/li>\n<li>W tym tygodniu wypada I czwartek, I pi\u0105tek i I sobota miesi\u0105ca.<\/li>\n<li>W I czwartek Adoracja Naj\u015bwi\u0119tszego Sakramentu od godz. 16.00.<\/li>\n<li>W I pi\u0105tek wynagradzamy Naj\u015bw. Sercu Pana Jezusa za grzechy. Po rannej Mszy \u015bw. &#8211; odwiedziny chorych. O godz. 17.00 Droga Krzy\u017cowa, a po niej Msza \u015bw. Drugie nabo\u017ce\u0144stwo Drogi Krzy\u017cowej przygotowywanej przez m\u0142odzie\u017c o godz.19.00.<\/li>\n<li>W I sobot\u0119 czcimy Niepokalane Serce NMP. Msza \u015bw. o godz.16.30, a po niej nabo\u017ce\u0144stwo r&oacute;\u017ca\u0144cowe i procesja z figur\u0105 Matki Bo\u017cej Fatimskiej wewn\u0105trz ko\u015bcio\u0142a i zmiana tajemnic r&oacute;\u017ca\u0144cowych. W czasie Nabo\u017ce\u0144stwa Fatimskiego dzieci z klasy III przygotowuj\u0105ce si\u0119 do I Komunii \u015bw. otrzymaj\u0105 modlitewniki. Po Nabo\u017ce\u0144stwie spotkanie r&oacute;wnie\u017c dla rodzic&oacute;w dzieci pierwszokomunijnych.<\/li>\n<li>Codziennie przed Msz\u0105 \u015bw. mo\u017cliwo\u015b\u0107 spowiedzi \u015bw.<\/li>\n<li>W czasie Nabo\u017ce\u0144stwa Gorzkich \u017bali b\u0119d\u0105 zbierane ofiary na kwiaty do Bo\u017cego Grobu.<\/li>\n<li>B&oacute;g zap\u0142a\u0107 osobom sprz\u0105taj\u0105cym, stroj\u0105cym ko\u015bci&oacute;\u0142 oraz za ofiary sk\u0142adane na potrzeby ko\u015bcio\u0142a oraz na ogrzewanie.<\/li>\n<\/ol>\n<h3 style=\"text-align: center;\">W ostatnim czasie zosta\u0142a przeprowadzona reorganizacja <a href=\"http:\/\/www.budylancuckie.przemyska.pl\/?page_id=93\" target=\"_self\" rel=\"noopener\">R&oacute;\u017c R&oacute;\u017ca\u0144cowych w naszej parafii<\/a>. Codziennie odmawiany jest r&oacute;\u017caniec w 27 R&oacute;\u017cach w r&oacute;\u017cnych naszych osobistych i rodzinnych intencjach, a tak\u017ce w intencjach ca\u0142ej wsp&oacute;lnoty Ko\u015bcio\u0142a. W niekt&oacute;rych R&oacute;\u017cach brakuje kilka os&oacute;b, dlatego kierujemy zach\u0119t\u0119 do w\u0142\u0105czenia si\u0119 do przynale\u017cno\u015bci do codziennego odmawiania 10-si\u0105tka R&oacute;\u017ca\u0144ca. Swoj\u0105 przynale\u017cno\u015b\u0107 do R&oacute;\u017cy mo\u017cna zg\u0142osi\u0107 w zakrystii, tak aby wiadoma by\u0142a przynale\u017cno\u015b\u0107 do konkretnej R&oacute;\u017cy. Serdecznie zapraszamy!!!<\/h3>\n<h3 style=\"text-align: center;\"><strong><span style=\"color: rgb(0, 0, 128);\">Intencje mszalne<\/span><\/strong><\/h3>\n<h4 style=\"text-align: center;\"><strong><span style=\"color: rgb(0, 0, 128);\">od 2 marca 2020 do 8 marca 2020<\/span><\/strong><\/h4>\n<h4><strong><br \/>\n\tGdyby zbyt d\u0142ugi czas nie by\u0142a og\u0142oszona zam&oacute;wiona intencja mszalna &ndash; prosimy o zg\u0142oszenie tego kap\u0142anowi.&nbsp; Zam&oacute;wiona intencja nie mo\u017ce zgin\u0105\u0107.<br \/>\n\t<\/strong><\/h4>\n<p><u><strong>Poniedzia\u0142ek &#8211; 2 marzec<\/strong><\/u><br \/>\n\t1. + Maria Po\u0142omska (greg.); <br \/>\n\t2. + Maria Kubis &#8211; od K.G.W. &#8211; Korniakt&oacute;w P\u0142n; <br \/>\n\t3. + Jan Pelc od r. Wierzbickich;<\/p>\n<p><u><strong>Wtorek &#8211; 3 marzec<br \/>\n\t<\/strong><\/u>1. + Stanis\u0142awa Kita(greg. p.); <br \/>\n\t2. + Micha\u0142 Kie\u0142b &#8211; od Agnieszki Worwa z rodzin\u0105; <br \/>\n\t3. + Boles\u0142aw Rupar &#8211; int. od \u017cony;<\/p>\n<p><u><strong>\u015aroda &#8211; 4 marzec<\/strong><\/u><br \/>\n\t1. + Stanis\u0142awa Kita (greg.); <br \/>\n\t2. ++ Aniela, Stanis\u0142aw Senejko ;<br \/>\n\t3. + Zofia Kr&oacute;l od chrze\u015bniaka Wies\u0142awa z rodzin\u0105;<\/p>\n<p><u><strong>Czwartek &#8211; 5 marzec<\/strong><\/u><br \/>\n\t1. + Stanis\u0142awa Kita (greg.); <br \/>\n\t2. ++ Stanis\u0142aw i W\u0142adys\u0142aw Kojder od Ma\u0142gorzaty i Doroty; <br \/>\n\t3. + Bronis\u0142awa Socha;<\/p>\n<p>\t<u><strong>Pi\u0105tek &#8211; 6 marzec<\/strong><\/u><br \/>\n\t1. + Stanis\u0142awa Kita (greg.); <br \/>\n\t2. + Agata Cebula;<br \/>\n\t3. + Maria Pelc &#8211; od rodziny Sigd&oacute;w;<\/p>\n<p><u><strong>Sobota &#8211; 7 marzec<\/strong><\/u><br \/>\n\t1. + Stanis\u0142awa Kita (greg.); <br \/>\n\t2. ++ Jan Weronika W\u0119grzyn;<br \/>\n\t3. + W\u0142adys\u0142aw Kojder &#8211; od Emilii z rodzin\u0105 z Rzeszowa; <\/p>\n<p><u><strong>Niedziela &#8211; 8 marzec<\/strong><\/u><br \/>\n\t6:30 ++ Jan, Anna, Julia, J&oacute;zef, Maria, Tomasz Golakowie;<br \/>\n\t8:00 + Maria Czyrek &#8211; od wnuczki Angeliki z rodzin\u0105;<br \/>\n\t10:30 W intencji parafian; <br \/>\n\t15:00 + Stanis\u0142awa Kita(greg.)<\/p>\n<h3 style=\"text-align: center;\"><strong><strong><span style=\"color: rgb(0, 0, 128);\">Modlitw\u0119 r&oacute;\u017ca\u0144cow\u0105 prowadz\u0105<br \/>\n\t<\/span><\/strong><\/strong><\/h3>\n<p>02. P. R. Matki Bo\u017cej R&oacute;\u017ca\u0144cowej &#8211; Zofia \u015awizdor<br \/>\n\t03. W. R. Matki Bo\u017cej Szkaplerznej &#8211; M. K\u0142os<br \/>\n\t04. \u015a. R. \u015aw. Stanis\u0142awa biskupa &#8211; Franciszek Bartnik<br \/>\n\t05. C. Dzie\u0142o Pomocy Powo\u0142aniom &ndash; Anna Szular<br \/>\n\t06. P. KSM<br \/>\n\t07. S. Kap\u0142an<br \/>\n\t08. N. R.\u015aw. Tomasza Aposto\u0142a &#8211; Stanis\u0142aw \u015alimak<\/p>\n<p>\t<strong>Wyznaczona R&oacute;\u017ca powinna czu\u0107 si\u0119 zobowi\u0105zana do obecno\u015bci i prowadzenia modlitwy r&oacute;\u017ca\u0144cowej.<\/strong><\/p>\n<h3 style=\"text-align: center;\"><strong><strong><span style=\"color: rgb(0, 0, 128);\">Propozycja intencji mszalnych do odprawienia w Seminarium Duchownym w Przemy\u015blu.<br \/>\n\t<\/span><\/strong><\/strong><\/h3>\n<p>1. + J&oacute;zef Socha od kole\u017canek c. Krystyny z pracy <br \/>\n\t2. + J&oacute;zef Socha od wnuka Marcina z rodzin\u0105 <br \/>\n\t3. + J&oacute;zef Socha od rodziny Gda\u0144skich <br \/>\n\t4. + J&oacute;zef Socha od rodziny Kie\u0142b <br \/>\n\t5. + Stefania Malach od wnuka Miros\u0142awa <br \/>\n\t6. + Stefania Malach od wnuka Krzysztofa z \u017con\u0105 <br \/>\n\t7. + Stefania Malach od Wies\u0142awy i Romana Warmi\u0144skich <br \/>\n\t8. + Stefania Malach od Stefanii Gw&oacute;\u017ad\u017a z rodzin\u0105 <br \/>\n\t9. + Teresa W\u0119grzyn od rodziny Mucha, Mac <br \/>\n\t10. + Stanis\u0142aw Baran <br \/>\n\t11. + Teresa W\u0119grzyn od rodzin; Kie\u0142bickich, Nawrot&oacute;w <br \/>\n\t12. Intencja wiadoma <br \/>\n\t13. + Teresa W\u0119grzyn od chrze\u015bnicy Teresy <br \/>\n\t14. + Stanis\u0142aw Markowicz od uczestnik&oacute;w pogrzebu <br \/>\n\t15. + Roman Biel&oacute;wka od synowej <br \/>\n\t16. + Roman Biel&oacute;wka od Piotra Misi\u0105ga i rodziny Por\u0119bnych <br \/>\n\t17. + Roman Biel&oacute;wka od Adama Michno <br \/>\n\t18. + Maria Pelc od kole\u017canek c. Jolanty z Podlesia <br \/>\n\t19. + J&oacute;zef Bar od koleg&oacute;w i kole\u017canek c. Agnieszki z Zelmeru <br \/>\n\t20. + J&oacute;zef Bar od koleg&oacute;w i kole\u017canek c. Agnieszki z Zelmeru <br \/>\n\t21. + J&oacute;zef Bar od kole\u017canek c. Anny z pracy<br \/>\n\t22. + J&oacute;zef Bar od Zofii Kuczek z rodzin\u0105 <br \/>\n\t23. + J&oacute;zef Bar od Emilii z rodzin\u0105 <br \/>\n\t24. + Genowefa \u015amia\u0142ek od s\u0105siad&oacute;w <br \/>\n\t25 + Stanis\u0142aw Cebulak od rodziny K\u0142osowskich z Bia\u0142obrzeg&oacute;w <br \/>\n\t26. + Stanis\u0142aw Socha od wnuk&oacute;w Doroty i Jacka <br \/>\n\t27 + Ryszard Markowicz od siostrze\u0144ca Tomasza z rodzin\u0105 <br \/>\n\t28. + Maria Kubis od rodziny Majkut <br \/>\n\t29, + Maria Kubis od Wiktorii Majkut <br \/>\n\t30. + Maria Kubis od rodziny Golak <br \/>\n\t31. + Maria Kubis od Wies\u0142awy <br \/>\n\t32. + Arkadiusz Sanok od kuzynki Magdaleny <br \/>\n\t33. + Arkadiusz Sanok od Ma\u0142gorzaty i Stanis\u0142awa Ja\u015bkiewicz <br \/>\n\t34. + Arkadiusz Sanok od kuzynki Jolanty <br \/>\n\t35. + Arkadiusz Sanok od wujka Damiana z rodzin\u0105<br \/>\n\t36. + Arkadiusz Sanok od Katarzyny i Dariusza Bia\u0142y <br \/>\n\t37. + Arkadiusz Sanok od kuzynki Natalii i Paw\u0142a Seklecki <br \/>\n\t38. + Arkadiusz Sanok od kuzynki Anny <\/p>\n<p>\tGdyby jednak kto\u015b uzna\u0142, \u017ce chce d\u0142u\u017cej poczeka\u0107 na odprawienie Mszy \u015bw. w naszym ko\u015bciele parafialnym, to prosimy o kontakt w zakrystii lub telefonicznie &ndash; 604 205 729.<\/p>\n","protected":false},"excerpt":{"rendered":"<p>I Niedziela Wielkiego Postu &#8211; 01-03-2020 Og\u0142oszenia Dzi\u015b o godz.15.00 Nabo\u017ce\u0144stwo Gorzkich \u017bali, a po nim Msza \u015bw. W \u015brod\u0119 \u015bwi\u0119to \u015bw. Kazimierza &#8211; kr&oacute;lewicza. W tym tygodniu wypada I &hellip; <a href=\"https:\/\/budy.przemyska.pl\/index.php\/2020\/02\/29\/ogloszenia-parafialne-01-03-2020\/\" class=\"more-link\">Czytaj dalej <span class=\"screen-reader-text\">Og\u0142oszenia parafialne 01-03-2020<\/span> <span class=\"meta-nav\">&rarr;<\/span><\/a><\/p>\n","protected":false},"author":1,"featured_media":0,"comment_status":"closed","ping_status":"closed","sticky":false,"template":"","format":"standard","meta":{"footnotes":""},"categories":[6,4],"tags":[],"class_list":["post-2928","post","type-post","status-publish","format-standard","hentry","category-aktualnosci","category-ogloszenia"],"_links":{"self":[{"href":"https:\/\/budy.przemyska.pl\/index.php\/wp-json\/wp\/v2\/posts\/2928","targetHints":{"allow":["GET"]}}],"collection":[{"href":"https:\/\/budy.przemyska.pl\/index.php\/wp-json\/wp\/v2\/posts"}],"about":[{"href":"https:\/\/budy.przemyska.pl\/index.php\/wp-json\/wp\/v2\/types\/post"}],"author":[{"embeddable":true,"href":"https:\/\/budy.przemyska.pl\/index.php\/wp-json\/wp\/v2\/users\/1"}],"replies":[{"embeddable":true,"href":"https:\/\/budy.przemyska.pl\/index.php\/wp-json\/wp\/v2\/comments?post=2928"}],"version-history":[{"count":0,"href":"https:\/\/budy.przemyska.pl\/index.php\/wp-json\/wp\/v2\/posts\/2928\/revisions"}],"wp:attachment":[{"href":"https:\/\/budy.przemyska.pl\/index.php\/wp-json\/wp\/v2\/media?parent=2928"}],"wp:term":[{"taxonomy":"category","embeddable":true,"href":"https:\/\/budy.przemyska.pl\/index.php\/wp-json\/wp\/v2\/categories?post=2928"},{"taxonomy":"post_tag","embeddable":true,"href":"https:\/\/budy.przemyska.pl\/index.php\/wp-json\/wp\/v2\/tags?post=2928"}],"curies":[{"name":"wp","href":"https:\/\/api.w.org\/{rel}","templated":true}]}}