{"id":2865,"date":"2020-02-22T15:33:18","date_gmt":"2020-02-22T14:33:18","guid":{"rendered":"http:\/\/www.budylancuckie.przemyska.pl\/?p=2865"},"modified":"2020-02-22T15:33:18","modified_gmt":"2020-02-22T14:33:18","slug":"ogloszenia-parafialne-23-02-2020","status":"publish","type":"post","link":"https:\/\/budy.przemyska.pl\/index.php\/2020\/02\/22\/ogloszenia-parafialne-23-02-2020\/","title":{"rendered":"Og\u0142oszenia parafialne 23-02-2020"},"content":{"rendered":"<h2 style=\"text-align: center;\"><strong><span style=\"color: rgb(0, 0, 128);\">VII Niedziela Zwyk\u0142a &#8211; 23-02-2020<\/span><\/strong><\/h2>\n<h2 style=\"text-align: center;\"><strong><span style=\"color: rgb(0, 0, 128);\">Og\u0142oszenia<br \/>\n\t<\/span><\/strong><\/h2>\n<ol>\n<li>Dzi\u015b o godz.15.00 Nabo\u017ce\u0144stwo do \u015bw. J&oacute;zefa, a po nim Msza \u015bw. <\/li>\n<li>Od dzisiejszej niedzieli rozpoczyna si\u0119 r&oacute;wnie\u017c Tydzie\u0144 Trze\u017awo\u015bci. Zach\u0119camy do abstynencji i do modlitwy za osoby uzale\u017cnione i ich rodziny.<\/li>\n<li>We wtorek (25 lutego) rozpoczniemy Nowenn\u0119 przed obchodami 25-lecia Akcji Katolickiej w Archidiecezji Przemyskiej oraz 100-lecia naszej parafii. Ta Nowenna b\u0119dzie odprawiana 25-go ka\u017cdego dnia miesi\u0105ca po Mszy \u015bw. Zapraszamy wszystkich do wsp&oacute;lnej modlitwy.<\/li>\n<li>W \u015arod\u0119 Popielcow\u0105 rozpoczyna si\u0119 Wielki Post. W tym dniu, tak jak i w Wielki Pi\u0105tek, obowi\u0105zuje nas post \u015bcis\u0142y ( dwa posi\u0142ki &bdquo;lekkie&rdquo; i jeden &ndash; &bdquo; do syta&rdquo; &ndash; bezmi\u0119sne!). Msze \u015bw. o godz. 6.30, 8.00 i 17.00.<\/li>\n<li>W czwartek Adoracja Naj\u015bwi\u0119tszego Sakramentu od godz. 16.00 <\/li>\n<li>W pi\u0105tek o godz. 17.00 Droga Krzy\u017cowa, a po niej Msza \u015bw. Drugie nabo\u017ce\u0144stwo Drogi Krzy\u017cowej przygotowywanej przez m\u0142odzie\u017c o godz.19.00.<\/li>\n<li>W najbli\u017csz\u0105 niedziel\u0119 Gorzkie \u017bale o godz. 15.00, a po nich Msza \u015bw.<\/li>\n<li>Za udzia\u0142 w Nabo\u017ce\u0144stwach Drogi Krzy\u017cowej i Gorzkich \u017bali mo\u017cemy zyska\u0107 Odpust Zupe\u0142ny. Serdecznie zach\u0119camy do udzia\u0142u w tych Nabo\u017ce\u0144stwach.<\/li>\n<li>B&oacute;g zap\u0142a\u0107 osobom sprz\u0105taj\u0105cym, stroj\u0105cym ko\u015bci&oacute;\u0142 oraz za ofiary sk\u0142adane na potrzeby ko\u015bcio\u0142a oraz na ogrzewanie.<\/li>\n<\/ol>\n<h3 style=\"text-align: center;\">Dzi\u015b ukazuje si\u0119 1000-czny nr naszej Gazetki Parafialnej!!!<\/h3>\n<h3 style=\"text-align: center;\"><strong><span style=\"color: rgb(0, 0, 128);\">Intencje mszalne<\/span><\/strong><\/h3>\n<h4 style=\"text-align: center;\"><strong><span style=\"color: rgb(0, 0, 128);\">od 24 lutego 2020 do 1 marca 2020<\/span><\/strong><\/h4>\n<h4><strong><br \/>\n\tGdyby zbyt d\u0142ugi czas nie by\u0142a og\u0142oszona zam&oacute;wiona intencja mszalna &ndash; prosimy o zg\u0142oszenie tego kap\u0142anowi.&nbsp; Zam&oacute;wiona intencja nie mo\u017ce zgin\u0105\u0107.<br \/>\n\t<\/strong><\/h4>\n<p><u><strong>Poniedzia\u0142ek &#8211; 24 luty<\/strong><\/u><br \/>\n\t1. + Maria Po\u0142omska (greg.) ; <br \/>\n\t2. ++ Cecylia, Jan Tr\u0105d, Cecylia Mazur; <br \/>\n\t3. + Maria Pelc od Bo\u017ceny z rodzin\u0105;<\/p>\n<p><u><strong>Wtorek &#8211; 25 luty<br \/>\n\t<\/strong><\/u>1. + Maria Po\u0142omska (greg.); <br \/>\n\t2. + Maria Kojder od r. Kojder &#8211; Cebulak; <br \/>\n\t3. ++ Cecylia i Antoni Kruk;<\/p>\n<p><u><strong>\u015aroda &#8211; 26 luty<\/strong><\/u><br \/>\n\t6.30 + Maria Po\u0142omska (greg.); <br \/>\n\t8.00 ++ Joanna i Stanis\u0142aw Dr\u0105\u017cek ; <br \/>\n\t17.00 ++ Jan, Maria, Tomasz Golak i zm. z rodziny;<\/p>\n<p><u><strong>Czwartek &#8211; 27 luty<\/strong><\/u><br \/>\n\t1. + Maria Po\u0142omska (greg.); <br \/>\n\t2. ++ Tadeusz, W\u0142adys\u0142awa, Florian, z r. Blok &#8211; Baran.; <br \/>\n\t3. W intencji wiadomej;<\/p>\n<p>\t<u><strong>Pi\u0105tek &#8211; 28 luty<\/strong><\/u><br \/>\n\t1. + Maria Po\u0142omska (greg.); <br \/>\n\t2. O zdrowie dla Dominiki;<br \/>\n\t3. + Jan Pelc &#8211; od siostry z rodzin\u0105;<\/p>\n<p><u><strong>Sobota &#8211; 29 luty<\/strong><\/u><br \/>\n\t1. + Maria Po\u0142omska (greg.); <br \/>\n\t2. + Stefania, W\u0142adys\u0142aw, Maria, Stefania i zm. z r. Cebulak- Janusz.; <br \/>\n\t3. ++ Janina. Franciszek Kloc i zm. z rodziny;<\/p>\n<p><u><strong>Niedziela &#8211; 1 marzec<\/strong><\/u><br \/>\n\t6.30 ++ Antonina, Teresa, Franciszek Harpula.<br \/>\n\t8.00 ++ Maria, J&oacute;zef, Tadeusz Dr\u0105\u017cek;<br \/>\n\t10.30 W intencji parafian; <br \/>\n\t15.00 + Maria Po\u0142omska (greg.)<\/p>\n<h3 style=\"text-align: center;\"><strong><strong><span style=\"color: rgb(0, 0, 128);\">Modlitw\u0119 r&oacute;\u017ca\u0144cow\u0105 prowadz\u0105<br \/>\n\t<\/span><\/strong><\/strong><\/h3>\n<p>24. P. R. \u015aw. Klary &#8211; (Teresa G\u0142owiak)<br \/>\n\t25. W. R. \u015aw. Ma\u0142gorzaty Marii &#8211; (Janiny Angrys)<br \/>\n\t26. \u015a. R. \u015aw. Marii Goretti &#8211; (El\u017cbieta Kukulska)<br \/>\n\t27. C. R. \u015aw. Marii Magdaleny &#8211; (Maria Baran)<br \/>\n\t28. P. R. KSM<br \/>\n\t29. S. R. \u015aw. Marty &#8211; (Cz. Por\u0119bna)<br \/>\n\t01. N. R. Matki Bo\u017cej Bolesnej &#8211; (G. Bartnik)<\/p>\n<p>\t<strong>Wyznaczona R&oacute;\u017ca powinna czu\u0107 si\u0119 zobowi\u0105zana do obecno\u015bci i prowadzenia modlitwy r&oacute;\u017ca\u0144cowej.<\/strong><\/p>\n","protected":false},"excerpt":{"rendered":"<p>VII Niedziela Zwyk\u0142a &#8211; 23-02-2020 Og\u0142oszenia Dzi\u015b o godz.15.00 Nabo\u017ce\u0144stwo do \u015bw. J&oacute;zefa, a po nim Msza \u015bw. Od dzisiejszej niedzieli rozpoczyna si\u0119 r&oacute;wnie\u017c Tydzie\u0144 Trze\u017awo\u015bci. Zach\u0119camy do abstynencji i &hellip; <a href=\"https:\/\/budy.przemyska.pl\/index.php\/2020\/02\/22\/ogloszenia-parafialne-23-02-2020\/\" class=\"more-link\">Czytaj dalej <span class=\"screen-reader-text\">Og\u0142oszenia parafialne 23-02-2020<\/span> <span class=\"meta-nav\">&rarr;<\/span><\/a><\/p>\n","protected":false},"author":1,"featured_media":0,"comment_status":"closed","ping_status":"closed","sticky":false,"template":"","format":"standard","meta":{"footnotes":""},"categories":[6,4],"tags":[],"class_list":["post-2865","post","type-post","status-publish","format-standard","hentry","category-aktualnosci","category-ogloszenia"],"_links":{"self":[{"href":"https:\/\/budy.przemyska.pl\/index.php\/wp-json\/wp\/v2\/posts\/2865","targetHints":{"allow":["GET"]}}],"collection":[{"href":"https:\/\/budy.przemyska.pl\/index.php\/wp-json\/wp\/v2\/posts"}],"about":[{"href":"https:\/\/budy.przemyska.pl\/index.php\/wp-json\/wp\/v2\/types\/post"}],"author":[{"embeddable":true,"href":"https:\/\/budy.przemyska.pl\/index.php\/wp-json\/wp\/v2\/users\/1"}],"replies":[{"embeddable":true,"href":"https:\/\/budy.przemyska.pl\/index.php\/wp-json\/wp\/v2\/comments?post=2865"}],"version-history":[{"count":0,"href":"https:\/\/budy.przemyska.pl\/index.php\/wp-json\/wp\/v2\/posts\/2865\/revisions"}],"wp:attachment":[{"href":"https:\/\/budy.przemyska.pl\/index.php\/wp-json\/wp\/v2\/media?parent=2865"}],"wp:term":[{"taxonomy":"category","embeddable":true,"href":"https:\/\/budy.przemyska.pl\/index.php\/wp-json\/wp\/v2\/categories?post=2865"},{"taxonomy":"post_tag","embeddable":true,"href":"https:\/\/budy.przemyska.pl\/index.php\/wp-json\/wp\/v2\/tags?post=2865"}],"curies":[{"name":"wp","href":"https:\/\/api.w.org\/{rel}","templated":true}]}}