{"id":2861,"date":"2020-02-16T19:17:27","date_gmt":"2020-02-16T18:17:27","guid":{"rendered":"http:\/\/www.budylancuckie.przemyska.pl\/?p=2861"},"modified":"2020-02-16T19:17:27","modified_gmt":"2020-02-16T18:17:27","slug":"gloszenia-parafialne-16-02-2020","status":"publish","type":"post","link":"https:\/\/budy.przemyska.pl\/index.php\/2020\/02\/16\/gloszenia-parafialne-16-02-2020\/","title":{"rendered":"Og\u0142oszenia parafialne 16-02-2020"},"content":{"rendered":"<h2 style=\"text-align: center;\"><strong><span style=\"color: rgb(0, 0, 128);\">VI Niedziela Zwyk\u0142a &#8211; 16-02-2020<\/span><\/strong><\/h2>\n<h2 style=\"text-align: center;\"><strong><span style=\"color: rgb(0, 0, 128);\">Og\u0142oszenia<br \/>\n\t<\/span><\/strong><\/h2>\n<ol>\n<li>Dzi\u015b o godz.15:00 Nabo\u017ce\u0144stwo do Mi\u0142osierdzia Bo\u017cego, a po nim Msza \u015bw.&nbsp;<\/li>\n<li>W czwartek Adoracja Naj\u015bwi\u0119tszego Sakramentu od godz.16:00.<\/li>\n<li>W pi\u0105tek \u015awi\u0119to Katedry \u015awi\u0119tego Piotra Aposto\u0142a. Modlimy si\u0119 szczeg&oacute;lnie w intencji Ojca \u015bw.&nbsp;<\/li>\n<li>Istnieje mo\u017cliwo\u015b\u0107 bezp\u0142atnego przebadania s\u0142uchu w dniu 27 lutego (czwartek) o godzinie 12:00 w Gminnym O\u015brodku Kultury i Czytelnictwa w Bia\u0142obrzegach. Ch\u0119tni na to badanie musz\u0105 si\u0119 zapisywa\u0107 na list\u0119 osobi\u015bcie lub telefonicznie w O\u015brodku Zdrowia.&nbsp;<\/li>\n<li>B&oacute;g zap\u0142a\u0107 osobom sprz\u0105taj\u0105cym, stroj\u0105cym ko\u015bci&oacute;\u0142 oraz za ofiary sk\u0142adane na potrzeby ko\u015bcio\u0142a oraz na ogrzewanie.<\/li>\n<\/ol>\n<h3 style=\"text-align: center;\"><span style=\"font-size:12px;\"><font color=\"#000080\">W ostatnich dniach uda\u0142o si\u0119 zako\u0144czy\u0107 najwa\u017cniejszy etap prac zwi\u0105zanych poz\u0142oceniem naszego o\u0142tarza! Dalsze prace zako\u0144czeniowe b\u0119d\u0105 kontynuowane! Chcia\u0142em podzi\u0119kowa\u0107 p. Maciejowi Por\u0119bnemu i Jego Ma\u0142\u017conce ze \u015awi\u0119toniowej za solidne wykonanie z\u0142oce\u0144. Sama praca wymaga\u0142a &bdquo;Anielskiej cierpliwo\u015bci&rdquo;. Dzi\u0119kuj\u0119 r&oacute;wnie\u017c p. Dariuszowi Gamracemu za Jego wk\u0142ad w to dzie\u0142o. Jeszcze raz dzi\u0119kuj\u0119 Anonimowemu Ofiarodawcy za pi\u0119kny gest serca na Chwa\u0142\u0119 Pana Boga i dobra naszej wsp&oacute;lnoty parafialnej.&nbsp;<\/font><br \/>\n\t<\/span><\/h3>\n<h3 style=\"text-align: center;\"><strong><span style=\"color: rgb(0, 0, 128);\">Intencje mszalne<\/span><\/strong><\/h3>\n<h4 style=\"text-align: center;\"><strong><span style=\"color: rgb(0, 0, 128);\">od 10 lutego 2020 do 16 lutego 2020<\/span><\/strong><\/h4>\n<h4><strong><br \/>\n\tGdyby zbyt d\u0142ugi czas nie by\u0142a og\u0142oszona zam&oacute;wiona intencja mszalna &ndash; prosimy o zg\u0142oszenie tego kap\u0142anowi.&nbsp; Zam&oacute;wiona intencja nie mo\u017ce zgin\u0105\u0107.<br \/>\n\t<\/strong><\/h4>\n<p><u><strong>Poniedzia\u0142ek &#8211; 17 luty<br \/>\n\t<\/strong><\/u>1. + Maria Po\u0142omska (greg.); <br \/>\n\t2. ++ Wojciech, Zofia Por\u0119bny; Stanis\u0142aw Kie\u0142b; <br \/>\n\t3. W intencji Bogu wiadomej;<\/p>\n<p><u><strong>Wtorek &#8211; 18 luty<br \/>\n\t<\/strong><\/u>1. + Maria Po\u0142omska (greg.); <br \/>\n\t2. ++ Emilia i Jakub Rupar;<br \/>\n\t3. ++ Jan i Klara Korzystka;<\/p>\n<p><u><strong>\u015aroda &#8211; 19 luty<br \/>\n\t<\/strong><\/u>1. + Maria Po\u0142omska (greg.); <br \/>\n\t2. Dzi\u0119k. i o b\u0142og. Bo\u017ce dla Gabrieli w 18 rocz. ur.; <br \/>\n\t3. ++ Zofia G\u0105ska z m\u0119\u017cem od Dyr, i Naucz. SP Korniakt&oacute;w;&nbsp;<\/p>\n<p><u><strong>Czwartek &#8211; 20 luty<br \/>\n\t<\/strong><\/u>1. + Maria Po\u0142omska (greg.); <br \/>\n\t2. ++ Z rodz. Pelc&oacute;w i Gogoj&oacute;w; <br \/>\n\t3. ++ Helena i Ludwik Machniak;<\/p>\n<p><u><strong>Pi\u0105tek &#8211; 21 luty<br \/>\n\t<\/strong><\/u>1. + Maria Po\u0142omska (greg.); <br \/>\n\t2. + Adam Zi\u0119zio;<br \/>\n\t3. ++ Waleria, J&oacute;zef, Julia Syka\u0142a;<\/p>\n<p><u><strong>Sobota &#8211; 22 luty<br \/>\n\t<\/strong><\/u>1. + Maria Po\u0142omska (greg.); <br \/>\n\t2. ++ Katarzyna, Andrzej Dyrda; rodze\u0144stwo i zm. z rodziny; <br \/>\n\t3. + Stanis\u0142aw Szular -od Akcji Katolickiej;&nbsp;<\/p>\n<p><u><strong>Niedziela &#8211; 23 luty<br \/>\n\t<\/strong><\/u>6:30 ++ Stanis\u0142awa i Stanis\u0142aw Czech; Anna, Micha\u0142, Jan Jarosz; <br \/>\n\t8:30 ++ Mieczys\u0142aw, Madgalena Bartnik; <br \/>\n\t10:30 W intencji parafian; <br \/>\n\t15:00 + Maria Po\u0142omska (greg.)<\/p>\n<h3 style=\"text-align: center;\"><strong><strong><span style=\"color: rgb(0, 0, 128);\">Modlitw\u0119 r&oacute;\u017ca\u0144cow\u0105 prowadz\u0105<br \/>\n\t<\/span><\/strong><\/strong><\/h3>\n<p>17. P. R. \u015aw. El\u017cbiety &#8211; (Alina Trojnar)<\/p>\n<p>18. W. R. \u015aw. Faustyny -(Eugenia \u015awizdor)<\/p>\n<p>19. \u015a. R. \u015aw. Genowefy &#8211; (Genowefa Dr\u0105\u017cek)<\/p>\n<p>20. C. R. \u015aw. Jadwigi \u015al\u0105skiej -(Maria Bester)<\/p>\n<p>21. P. R. KSM<\/p>\n<p>22. S. R. \u015aw. Jadwigi Kr&oacute;lowej &#8211; (Halina Dyrda)<\/p>\n<p>23. N. R. \u015aw. Heleny &#8211; (Helena Dyrda)<\/p>\n<p>\t<strong>Wyznaczona R&oacute;\u017ca powinna czu\u0107 si\u0119 zobowi\u0105zana do obecno\u015bci i prowadzenia modlitwy r&oacute;\u017ca\u0144cowej.<\/strong><\/p>\n","protected":false},"excerpt":{"rendered":"<p>VI Niedziela Zwyk\u0142a &#8211; 16-02-2020 Og\u0142oszenia Dzi\u015b o godz.15:00 Nabo\u017ce\u0144stwo do Mi\u0142osierdzia Bo\u017cego, a po nim Msza \u015bw.&nbsp; W czwartek Adoracja Naj\u015bwi\u0119tszego Sakramentu od godz.16:00. W pi\u0105tek \u015awi\u0119to Katedry \u015awi\u0119tego &hellip; <a href=\"https:\/\/budy.przemyska.pl\/index.php\/2020\/02\/16\/gloszenia-parafialne-16-02-2020\/\" class=\"more-link\">Czytaj dalej <span class=\"screen-reader-text\">Og\u0142oszenia parafialne 16-02-2020<\/span> <span class=\"meta-nav\">&rarr;<\/span><\/a><\/p>\n","protected":false},"author":1,"featured_media":0,"comment_status":"closed","ping_status":"closed","sticky":false,"template":"","format":"standard","meta":{"footnotes":""},"categories":[6,4],"tags":[],"class_list":["post-2861","post","type-post","status-publish","format-standard","hentry","category-aktualnosci","category-ogloszenia"],"_links":{"self":[{"href":"https:\/\/budy.przemyska.pl\/index.php\/wp-json\/wp\/v2\/posts\/2861","targetHints":{"allow":["GET"]}}],"collection":[{"href":"https:\/\/budy.przemyska.pl\/index.php\/wp-json\/wp\/v2\/posts"}],"about":[{"href":"https:\/\/budy.przemyska.pl\/index.php\/wp-json\/wp\/v2\/types\/post"}],"author":[{"embeddable":true,"href":"https:\/\/budy.przemyska.pl\/index.php\/wp-json\/wp\/v2\/users\/1"}],"replies":[{"embeddable":true,"href":"https:\/\/budy.przemyska.pl\/index.php\/wp-json\/wp\/v2\/comments?post=2861"}],"version-history":[{"count":0,"href":"https:\/\/budy.przemyska.pl\/index.php\/wp-json\/wp\/v2\/posts\/2861\/revisions"}],"wp:attachment":[{"href":"https:\/\/budy.przemyska.pl\/index.php\/wp-json\/wp\/v2\/media?parent=2861"}],"wp:term":[{"taxonomy":"category","embeddable":true,"href":"https:\/\/budy.przemyska.pl\/index.php\/wp-json\/wp\/v2\/categories?post=2861"},{"taxonomy":"post_tag","embeddable":true,"href":"https:\/\/budy.przemyska.pl\/index.php\/wp-json\/wp\/v2\/tags?post=2861"}],"curies":[{"name":"wp","href":"https:\/\/api.w.org\/{rel}","templated":true}]}}