{"id":2856,"date":"2020-02-09T14:12:57","date_gmt":"2020-02-09T13:12:57","guid":{"rendered":"http:\/\/www.budylancuckie.przemyska.pl\/?p=2856"},"modified":"2020-02-09T14:12:57","modified_gmt":"2020-02-09T13:12:57","slug":"ogloszenia-parafialne-09-02-2020","status":"publish","type":"post","link":"https:\/\/budy.przemyska.pl\/index.php\/2020\/02\/09\/ogloszenia-parafialne-09-02-2020\/","title":{"rendered":"Og\u0142oszenia parafialne 09-02-2020"},"content":{"rendered":"<h2 style=\"text-align: center;\"><strong><span style=\"color: rgb(0, 0, 128);\">V Niedziela Zwyk\u0142a &#8211; 09-02-2020<\/span><\/strong><\/h2>\n<h2 style=\"text-align: center;\"><strong><span style=\"color: rgb(0, 0, 128);\">Og\u0142oszenia<br \/>\n\t<\/span><\/strong><\/h2>\n<ol>\n<li>Dzi\u015b o godz.15:00 Nabo\u017ce\u0144stwo r&oacute;\u017ca\u0144cowe, a po nim Msza \u015bw.<\/li>\n<li>W poniedzia\u0142ek wspomnienie \u015bw. Scholastyki, we wtorek NMP z Lourdes &ndash; dzie\u0144 szczeg&oacute;lnej modlitwy za chorych i cierpi\u0105cych, w pi\u0105tek za\u015b &#8211; \u015bw. Cyryla i Metodego &ndash; patron&oacute;w Europy. <\/li>\n<li>W czwartek Adoracja Naj\u015bwi\u0119tszego Sakramentu od godz.16:00. Po Mszy \u015bw. spotkanie dla bierzmowanych z klas VI, VII i VIII. W tym dniu spotkanie- r&oacute;wnie\u017c &#8211; dla Akcji Katolickiej w sali na plebanii.<\/li>\n<li>Za tydzie\u0144 III niedziela miesi\u0105ca &ndash; w naszej parafii niedziela inwestycyjna.<\/li>\n<li>B&oacute;g zap\u0142a\u0107 osobom sprz\u0105taj\u0105cym, stroj\u0105cym ko\u015bci&oacute;\u0142 oraz za ofiary sk\u0142adane na potrzeby ko\u015bcio\u0142a oraz na ogrzewanie.<\/li>\n<li>Zapowiedzi przed\u015blubne: <br \/>\n\t\t1.Jakub Stanis\u0142aw Kotli\u0144ski, zam. Budy \u0141a\u0144. 331 A, par. Budy \u0141a\u0144. i Mariola El\u017cbieta Hejnosz, zam. Budy \u0141a\u0144. 169, par. Budy \u0141a\u0144. &ndash; zap. II<br \/>\n\t\t2. Konrad Mateusz Markowicz, zam. Budy \u0141a\u0144.196, par. Budy \u0141a\u0144. i Kinga Musz, zam. \u0141a\u0144cut, par. \u0141a\u0144cut &#8211; Chrystusa Kr&oacute;la &ndash; zap. II.<\/li>\n<\/ol>\n<h3 style=\"text-align: center;\"><strong><span style=\"color: rgb(0, 0, 128);\">Intencje mszalne<\/span><\/strong><\/h3>\n<h4 style=\"text-align: center;\"><strong><span style=\"color: rgb(0, 0, 128);\">od 10 lutego 2020 do 16 lutego 2020<\/span><\/strong><\/h4>\n<h4><strong><br \/>\n\tGdyby zbyt d\u0142ugi czas nie by\u0142a og\u0142oszona zam&oacute;wiona intencja mszalna &ndash; prosimy o zg\u0142oszenie tego kap\u0142anowi.&nbsp; Zam&oacute;wiona intencja nie mo\u017ce zgin\u0105\u0107.<br \/>\n\t<\/strong><\/h4>\n<p><u><strong>Poniedzia\u0142ek &#8211; 10 luty<\/strong><\/u><br \/>\n\t1. + Maria Po\u0142omska (greg.); <br \/>\n\t2. + Stanis\u0142aw Blok;<br \/>\n\t3. + Maria Kojder &#8211; w 30 dzie\u0144 od \u015bmierci;<\/p>\n<p><u><strong>Wtorek &#8211; 11 luty<br \/>\n\t<\/strong><\/u>1. + Maria Po\u0142omska (greg.); <br \/>\n\t2. ++ Maria i Stanis\u0142aw Szular; <br \/>\n\t3. O szcz\u0119\u015bliw\u0105 operacj\u0119 i o zdrowie ;<\/p>\n<p><u><strong>\u015aroda &#8211; 12 luty<\/strong><\/u><br \/>\n\t1. + Maria Po\u0142omska (greg.); <br \/>\n\t2. + Zofia G\u0105ska z m\u0119\u017cem od Dyr. i Naucz. SP z Kor.; <br \/>\n\t3. + Maria Wacnik od kole\u017canek c. Danuty; <\/p>\n<p><u><strong>Czwartek &#8211; 13 luty<\/strong><\/u><br \/>\n\t1. + Maria Po\u0142omska (greg.); <br \/>\n\t2. + W\u0142adys\u0142aw Kojder od s\u0105siad&oacute;w CMBR; <br \/>\n\t3. + Stanis\u0142aw Pasiak &#8211; od brata z rodzin\u0105 ;<\/p>\n<p>\t<u><strong>Pi\u0105tek &#8211; 14 luty<\/strong><\/u><br \/>\n\t1. + Maria Po\u0142omska (greg.); <br \/>\n\t2. + Maria Czyrek od r. Wierzbickich; <br \/>\n\t3. + Maria Pelc od r. Bosak&oacute;w ;<\/p>\n<p><u><strong>Sobota &#8211; 15 luty<\/strong><\/u><br \/>\n\t1. + Maria Po\u0142omska (greg.); <br \/>\n\t2. + Marcin Rupar;<br \/>\n\t3. + Stanis\u0142aw Kojder; <\/p>\n<p><u><strong>Niedziela &#8211; 16 luty<\/strong><\/u><br \/>\n\t6:30 + Genowefa \u015amia\u0142ek- od M. Kr&oacute;l z rodzin\u0105;<br \/>\n\t08:00 ++ Stanis\u0142awa, Jan Kita; <br \/>\n\t10:30 W intencji parafian; <br \/>\n\t15:00 + Maria Po\u0142omska (greg.)<\/p>\n<h3 style=\"text-align: center;\"><strong><strong><span style=\"color: rgb(0, 0, 128);\">Modlitw\u0119 r&oacute;\u017ca\u0144cow\u0105 prowadz\u0105<br \/>\n\t<\/span><\/strong><\/strong><\/h3>\n<p>10.P. R. \u015aw. Agaty &#8211; (Patrycja Por\u0119bna)<br \/>\n\t11.W.R.\u015aw. Agnieszki &#8211; (Krystyna Nykiel)<br \/>\n\t12.\u015a. R. \u015aw. Andrzeja Aposto\u0142a &#8211; (J&oacute;zef M\u0105dry) <br \/>\n\t13.C. R. Akcja Katolicka<br \/>\n\t14.P. R. KSM <br \/>\n\t15. S. R. \u015aw. Anny &#8212; (Karolina Benedyk)<br \/>\n\t16. N. R. \u015aw. Cecylii &#8212; (Krystyna Markowicz).<\/p>\n<p>\t<strong>Wyznaczona R&oacute;\u017ca powinna czu\u0107 si\u0119 zobowi\u0105zana do obecno\u015bci i prowadzenia modlitwy r&oacute;\u017ca\u0144cowej.<\/strong><\/p>\n","protected":false},"excerpt":{"rendered":"<p>V Niedziela Zwyk\u0142a &#8211; 09-02-2020 Og\u0142oszenia Dzi\u015b o godz.15:00 Nabo\u017ce\u0144stwo r&oacute;\u017ca\u0144cowe, a po nim Msza \u015bw. W poniedzia\u0142ek wspomnienie \u015bw. Scholastyki, we wtorek NMP z Lourdes &ndash; dzie\u0144 szczeg&oacute;lnej modlitwy &hellip; <a href=\"https:\/\/budy.przemyska.pl\/index.php\/2020\/02\/09\/ogloszenia-parafialne-09-02-2020\/\" class=\"more-link\">Czytaj dalej <span class=\"screen-reader-text\">Og\u0142oszenia parafialne 09-02-2020<\/span> <span class=\"meta-nav\">&rarr;<\/span><\/a><\/p>\n","protected":false},"author":1,"featured_media":0,"comment_status":"closed","ping_status":"closed","sticky":false,"template":"","format":"standard","meta":{"footnotes":""},"categories":[6,4],"tags":[],"class_list":["post-2856","post","type-post","status-publish","format-standard","hentry","category-aktualnosci","category-ogloszenia"],"_links":{"self":[{"href":"https:\/\/budy.przemyska.pl\/index.php\/wp-json\/wp\/v2\/posts\/2856","targetHints":{"allow":["GET"]}}],"collection":[{"href":"https:\/\/budy.przemyska.pl\/index.php\/wp-json\/wp\/v2\/posts"}],"about":[{"href":"https:\/\/budy.przemyska.pl\/index.php\/wp-json\/wp\/v2\/types\/post"}],"author":[{"embeddable":true,"href":"https:\/\/budy.przemyska.pl\/index.php\/wp-json\/wp\/v2\/users\/1"}],"replies":[{"embeddable":true,"href":"https:\/\/budy.przemyska.pl\/index.php\/wp-json\/wp\/v2\/comments?post=2856"}],"version-history":[{"count":0,"href":"https:\/\/budy.przemyska.pl\/index.php\/wp-json\/wp\/v2\/posts\/2856\/revisions"}],"wp:attachment":[{"href":"https:\/\/budy.przemyska.pl\/index.php\/wp-json\/wp\/v2\/media?parent=2856"}],"wp:term":[{"taxonomy":"category","embeddable":true,"href":"https:\/\/budy.przemyska.pl\/index.php\/wp-json\/wp\/v2\/categories?post=2856"},{"taxonomy":"post_tag","embeddable":true,"href":"https:\/\/budy.przemyska.pl\/index.php\/wp-json\/wp\/v2\/tags?post=2856"}],"curies":[{"name":"wp","href":"https:\/\/api.w.org\/{rel}","templated":true}]}}