{"id":2849,"date":"2020-01-26T18:36:03","date_gmt":"2020-01-26T17:36:03","guid":{"rendered":"http:\/\/www.budylancuckie.przemyska.pl\/?p=2849"},"modified":"2020-01-26T18:36:03","modified_gmt":"2020-01-26T17:36:03","slug":"ogloszenia-parafialne-26-01-2020","status":"publish","type":"post","link":"https:\/\/budy.przemyska.pl\/index.php\/2020\/01\/26\/ogloszenia-parafialne-26-01-2020\/","title":{"rendered":"Og\u0142oszenia parafialne 26-01-2020"},"content":{"rendered":"<h2 style=\"text-align: center;\"><strong><span style=\"color: rgb(0, 0, 128);\">III Niedziela Zwyk\u0142a &#8211; 26-01-2020<\/span><\/strong><\/h2>\n<h2 style=\"text-align: center;\"><strong><span style=\"color: rgb(0, 0, 128);\">Og\u0142oszenia<br \/>\n\t<\/span><\/strong><\/h2>\n<ol>\n<li>Dzi\u015b o godz.15:00 Nabo\u017ce\u0144stwo do \u015bw. J&oacute;zefa, a po nim Msza \u015bw.<\/li>\n<li>Dzi\u015b r&oacute;wnie\u017c w ca\u0142ym Ko\u015bciele obchodzimy Niedziel\u0119 S\u0142owa Bo\u017cego. To wydarzenie ma nam ukaza\u0107 rol\u0119 i znaczenie S\u0142owa Bo\u017cego w naszym \u017cyciu. <\/li>\n<li>W czwartek Adoracja Naj\u015bwi\u0119tszego Sakramentu od godz.16:00.<\/li>\n<li>We wtorek wspomnienie \u015bw. Tomasza z Akwinu, w pi\u0105tek za\u015b, \u015bw. Jana Bosco. <\/li>\n<li>W I sobot\u0119 miesi\u0105ca Msza \u015bw. o godz. 16:30, a po niej nabo\u017ce\u0144stwo r&oacute;\u017ca\u0144cowe, procesja z figur\u0105 Matki Bo\u017cej Fatimskiej wewn\u0105trz ko\u015bcio\u0142a i zmiana tajemnic r&oacute;\u017ca\u0144cowych. <\/li>\n<li>W przysz\u0142\u0105 niedziel\u0119 \u015awi\u0119to Ofiarowania Pa\u0144skiego. Po\u015bwi\u0119cenie gromnic na ka\u017cdej Mszy \u015bw. W tym dniu modlimy si\u0119 za Osoby \u017bycia Konsekrowanego. <\/li>\n<li>B&oacute;g zap\u0142a\u0107 osobom sprz\u0105taj\u0105cym, stroj\u0105cym ko\u015bci&oacute;\u0142 oraz za ofiary sk\u0142adane na potrzeby ko\u015bcio\u0142a oraz na ogrzewanie.<\/li>\n<\/ol>\n<h3 style=\"text-align: center;\"><strong><span style=\"color: rgb(0, 0, 128);\">Intencje mszalne<\/span><\/strong><\/h3>\n<h4 style=\"text-align: center;\"><strong><span style=\"color: rgb(0, 0, 128);\">od 27 stycznia 2020 do 2 lutego 2020<\/span><\/strong><\/h4>\n<h4><strong><br \/>\n\tGdyby zbyt d\u0142ugi czas nie by\u0142a og\u0142oszona zam&oacute;wiona intencja mszalna &ndash; prosimy o zg\u0142oszenie tego kap\u0142anowi.&nbsp; Zam&oacute;wiona intencja nie mo\u017ce zgin\u0105\u0107.<br \/>\n\t<\/strong><\/h4>\n<p><u><strong>Poniedzia\u0142ek &#8211; 27 stycznia<\/strong><\/u><br \/>\n\t1. + Maria Kojder (greg.); <br \/>\n\t2. ++ Weronika i Stanis\u0142aw Ko\u0144; <br \/>\n\t3. + Stanis\u0142awa Machniak;<\/p>\n<p><u><strong>Wtorek &#8211; 28 stycznia<\/strong><\/u><br \/>\n\t1. + Maria Kojder (greg.); <br \/>\n\t2. + Stanis\u0142aw Por\u0119bny od swata; <br \/>\n\t3. ++ Stanis\u0142aw, Wincenty, Weronika Bieleccy;<\/p>\n<p><u><strong>\u015aroda &#8211; 29 stycznia<\/strong><\/u><br \/>\n\t1. + Maria Kojder (greg.); <br \/>\n\t2. ++ J&oacute;zef i Cecylia Socha;<br \/>\n\t3. + Stanis\u0142aw Gamracy; <\/p>\n<p><u><strong>Czwartek &#8211; 30 stycznia<\/strong><\/u><br \/>\n\t1. + Maria Kojder (greg.); <br \/>\n\t2. ++ Anna i Jan Bosak;<br \/>\n\t3. ++ Stanis\u0142awa, Andrzej Bartnik, W\u0142adys\u0142aw Pelc;<\/p>\n<p>\t<u><strong>Pi\u0105tek &#8211; 31 stycznia<\/strong><\/u><br \/>\n\t1. + Maria Kojder (greg.); <br \/>\n\t2. ++ Cecylia, Jan Kojder i zm. z rodziny; <br \/>\n\t3. ++ Zofia, J&oacute;zef, Katarzyna Kr&oacute;l;<\/p>\n<p><u><strong>Sobota &#8211; 1 luty<\/strong><\/u><br \/>\n\t1. + Antoni Mach.; <br \/>\n\t2. ++ Marek Bartnik i zm. z rodziny;<br \/>\n\t3. + Zofia Skiba z r. \u015bw. Zofii; <\/p>\n<p><u><strong>Niedziela &#8211; 2 luty<\/strong><\/u><br \/>\n\t6:30 ++ Stefania i Jan Pelc; <br \/>\n\t8:00 W intencji parafian;<br \/>\n\t10:30 O b\u0142og. Bo\u017ce dla parafian, kt&oacute;rych odwiedzili\u015bmy w czasie wizyty duszpasterskiej; <br \/>\n\t15:00 + Maria Po\u0142omska (pocz.greg. )<\/p>\n<h3 style=\"text-align: center;\"><strong><strong><span style=\"color: rgb(0, 0, 128);\">Modlitw\u0119 r&oacute;\u017ca\u0144cow\u0105 prowadz\u0105<br \/>\n\t<\/span><\/strong><\/strong><\/h3>\n<p>27.P.R.\u015aw. Marii Goretti &#8211; (El\u017cbieta Kukulska)<br \/>\n\t28.W.R.\u015aw. Marty &#8211; (Cz. Por\u0119bna)<br \/>\n\t29.\u015a. R. Matki Bo\u017cej Bolesnej &#8211; (G. Bartnik) <br \/>\n\t30.C. R. Matki Bo\u017cej R&oacute;\u017ca\u0144cowej &#8211; (Zofia \u015awizdor)<br \/>\n\t31.P. KSM <br \/>\n\t01. S. Kap\u0142an<br \/>\n\t02. N. R. \u015aw. Stanis\u0142awa Biskupa &#8211; (Franciszek Bartnik)<\/p>\n<p>\t<strong>Wyznaczona R&oacute;\u017ca powinna czu\u0107 si\u0119 zobowi\u0105zana do obecno\u015bci i prowadzenia modlitwy r&oacute;\u017ca\u0144cowej.<\/strong><\/p>\n","protected":false},"excerpt":{"rendered":"<p>III Niedziela Zwyk\u0142a &#8211; 26-01-2020 Og\u0142oszenia Dzi\u015b o godz.15:00 Nabo\u017ce\u0144stwo do \u015bw. J&oacute;zefa, a po nim Msza \u015bw. Dzi\u015b r&oacute;wnie\u017c w ca\u0142ym Ko\u015bciele obchodzimy Niedziel\u0119 S\u0142owa Bo\u017cego. To wydarzenie ma &hellip; <a href=\"https:\/\/budy.przemyska.pl\/index.php\/2020\/01\/26\/ogloszenia-parafialne-26-01-2020\/\" class=\"more-link\">Czytaj dalej <span class=\"screen-reader-text\">Og\u0142oszenia parafialne 26-01-2020<\/span> <span class=\"meta-nav\">&rarr;<\/span><\/a><\/p>\n","protected":false},"author":1,"featured_media":0,"comment_status":"closed","ping_status":"closed","sticky":false,"template":"","format":"standard","meta":{"footnotes":""},"categories":[6,4],"tags":[],"class_list":["post-2849","post","type-post","status-publish","format-standard","hentry","category-aktualnosci","category-ogloszenia"],"_links":{"self":[{"href":"https:\/\/budy.przemyska.pl\/index.php\/wp-json\/wp\/v2\/posts\/2849","targetHints":{"allow":["GET"]}}],"collection":[{"href":"https:\/\/budy.przemyska.pl\/index.php\/wp-json\/wp\/v2\/posts"}],"about":[{"href":"https:\/\/budy.przemyska.pl\/index.php\/wp-json\/wp\/v2\/types\/post"}],"author":[{"embeddable":true,"href":"https:\/\/budy.przemyska.pl\/index.php\/wp-json\/wp\/v2\/users\/1"}],"replies":[{"embeddable":true,"href":"https:\/\/budy.przemyska.pl\/index.php\/wp-json\/wp\/v2\/comments?post=2849"}],"version-history":[{"count":0,"href":"https:\/\/budy.przemyska.pl\/index.php\/wp-json\/wp\/v2\/posts\/2849\/revisions"}],"wp:attachment":[{"href":"https:\/\/budy.przemyska.pl\/index.php\/wp-json\/wp\/v2\/media?parent=2849"}],"wp:term":[{"taxonomy":"category","embeddable":true,"href":"https:\/\/budy.przemyska.pl\/index.php\/wp-json\/wp\/v2\/categories?post=2849"},{"taxonomy":"post_tag","embeddable":true,"href":"https:\/\/budy.przemyska.pl\/index.php\/wp-json\/wp\/v2\/tags?post=2849"}],"curies":[{"name":"wp","href":"https:\/\/api.w.org\/{rel}","templated":true}]}}