{"id":2847,"date":"2020-01-19T14:47:08","date_gmt":"2020-01-19T13:47:08","guid":{"rendered":"http:\/\/www.budylancuckie.przemyska.pl\/?p=2847"},"modified":"2020-01-19T14:47:08","modified_gmt":"2020-01-19T13:47:08","slug":"ogloszenia-parafialne-19-01-2020","status":"publish","type":"post","link":"https:\/\/budy.przemyska.pl\/index.php\/2020\/01\/19\/ogloszenia-parafialne-19-01-2020\/","title":{"rendered":"Og\u0142oszenia parafialne 19-01-2020"},"content":{"rendered":"<h2 style=\"text-align: center;\"><strong><span style=\"color: rgb(0, 0, 128);\">II Niedziela Zwyk\u0142a &#8211; 19-01-2020<\/span><\/strong><\/h2>\n<h2 style=\"text-align: center;\"><strong><span style=\"color: rgb(0, 0, 128);\">Og\u0142oszenia<br \/>\n\t<\/span><\/strong><\/h2>\n<ol>\n<li>Dzi\u015b o godz.15:00 Nabo\u017ce\u0144stwo do Mi\u0142osierdzia Bo\u017cego, a po nim Msza \u015bw.<\/li>\n<li>Dzisiaj wypada liturgiczne wspomnienie \u015bw. J&oacute;zefa Sebastiana Pelczara, modlimy si\u0119 w intencji naszej Archidiecezji.<\/li>\n<li>W czwartek Adoracja Naj\u015bwi\u0119tszego Sakramentu od godz.16:00.<\/li>\n<li>W pi\u0105tek liturgiczne wspomnienie \u015bw. Franciszka Salezego, biskupa. <\/li>\n<li>W sobot\u0119 \u015bwi\u0119to Nawr&oacute;cenia \u015bw. Paw\u0142a Aposto\u0142a &ndash; zako\u0144czenie Tygodnia Modlitw o Jedno\u015b\u0107 Chrze\u015bcijan. <\/li>\n<li>B&oacute;g zap\u0142a\u0107 osobom sprz\u0105taj\u0105cym, stroj\u0105cym ko\u015bci&oacute;\u0142 oraz za ofiary sk\u0142adane na potrzeby ko\u015bcio\u0142a oraz na ogrzewanie.<\/li>\n<\/ol>\n<h3 style=\"text-align: center;\"><strong><span style=\"color: rgb(0, 0, 128);\">Intencje mszalne<\/span><\/strong><\/h3>\n<h4 style=\"text-align: center;\"><strong><span style=\"color: rgb(0, 0, 128);\">od 20 stycznia 2020 do 26 stycznia 2020<\/span><\/strong><\/h4>\n<h4><strong><br \/>\n\tGdyby zbyt d\u0142ugi czas nie by\u0142a og\u0142oszona zam&oacute;wiona intencja mszalna &ndash; prosimy o zg\u0142oszenie tego kap\u0142anowi.&nbsp; Zam&oacute;wiona intencja nie mo\u017ce zgin\u0105\u0107.<br \/>\n\t<\/strong><\/h4>\n<p><u><strong>Poniedzia\u0142ek &#8211; 20 stycznia<\/strong><\/u><br \/>\n\t1. + Maria Kojder (greg.) ;<br \/>\n\t2. Dzi\u0119k. i o b\u0142og. Bo\u017ce. w 30 rocz. \u015blubu Doroty i Kazimierza ;<\/p>\n<p><u><strong>Wtorek &#8211; 21 stycznia<\/strong><\/u><br \/>\n\t1. + Maria Kojder (greg.);<br \/>\n\t2. + Franciszek Motyka;<\/p>\n<p><u><strong>\u015aroda &#8211; 22 stycznia<\/strong><\/u><br \/>\n\t1. + Maria Kojder (greg.);<br \/>\n\t2. ++ Franciszka i Stanis\u0142aw Rupar ; <\/p>\n<p><u><strong>Czwartek &#8211; 23 stycznia<\/strong><\/u><br \/>\n\t1. + Maria Kojder (greg.);<br \/>\n\t2. ++ J&oacute;zef, Maria, Jan, Katarzyna Bieleccy;<\/p>\n<p>\t<u><strong>Pi\u0105tek &#8211; 24 stycznia<\/strong><\/u><br \/>\n\t1.+ Maria Kojder (greg.);<br \/>\n\t2. + Maria Wacnik od kuzynki Heleny;<br \/>\n\t3. ++ Antoni, Maria Golenia;<\/p>\n<p><u><strong>Sobota &#8211; 25 stycznia<\/strong><\/u><br \/>\n\t1. + Maria Kojder (greg.); <br \/>\n\t2. ++ Emilia, Tadeusz Mach; <br \/>\n\t3. W intencji parafian; <\/p>\n<p><u><strong>Niedziela &#8211; 26 stycznia<\/strong><\/u><br \/>\n\t6:30 + Maria Golenia; <br \/>\n\t8:00 ++ Ewa Por\u0119bna i Andrzej z W-wy; <br \/>\n\t10:30 W intencji Senior&oacute;w z Bud \u0141a\u0144cuckich &#8211; Lewa Strona; <br \/>\n\t15:00 + Maria Kojder (greg.)<\/p>\n<h3 style=\"text-align: center;\"><strong><strong><span style=\"color: rgb(0, 0, 128);\">Modlitw\u0119 r&oacute;\u017ca\u0144cow\u0105 prowadz\u0105<br \/>\n\t<\/span><\/strong><\/strong><\/h3>\n<p>20.P.R.\u015aw. Jadwigi Kr&oacute;lowej &#8211; (Halina Dyrda)<br \/>\n\t21.W.R.\u015aw. Jadwigi \u015al\u0105skiej &#8211; (Maria Bester)<br \/>\n\t22.\u015a. R.\u015aw. Katarzyny &#8211; (Anna Kurek) <br \/>\n\t23.C. R. \u015aw. Kingi &#8211; (Maria Golak)<br \/>\n\t24.P. R. KSM <br \/>\n\t25. S. R.\u015aw. Klary &#8211; (Teresa G\u0142owiak)<br \/>\n\t26. N. R.\u015aw. Marii Magdaleny &#8211; (Maria Baran)<\/p>\n<p>\t<strong>Wyznaczona R&oacute;\u017ca powinna czu\u0107 si\u0119 zobowi\u0105zana do obecno\u015bci i prowadzenia modlitwy r&oacute;\u017ca\u0144cowej.<\/strong><\/p>\n","protected":false},"excerpt":{"rendered":"<p>II Niedziela Zwyk\u0142a &#8211; 19-01-2020 Og\u0142oszenia Dzi\u015b o godz.15:00 Nabo\u017ce\u0144stwo do Mi\u0142osierdzia Bo\u017cego, a po nim Msza \u015bw. Dzisiaj wypada liturgiczne wspomnienie \u015bw. J&oacute;zefa Sebastiana Pelczara, modlimy si\u0119 w intencji &hellip; <a href=\"https:\/\/budy.przemyska.pl\/index.php\/2020\/01\/19\/ogloszenia-parafialne-19-01-2020\/\" class=\"more-link\">Czytaj dalej <span class=\"screen-reader-text\">Og\u0142oszenia parafialne 19-01-2020<\/span> <span class=\"meta-nav\">&rarr;<\/span><\/a><\/p>\n","protected":false},"author":1,"featured_media":0,"comment_status":"closed","ping_status":"closed","sticky":false,"template":"","format":"standard","meta":{"footnotes":""},"categories":[6,4],"tags":[],"class_list":["post-2847","post","type-post","status-publish","format-standard","hentry","category-aktualnosci","category-ogloszenia"],"_links":{"self":[{"href":"https:\/\/budy.przemyska.pl\/index.php\/wp-json\/wp\/v2\/posts\/2847","targetHints":{"allow":["GET"]}}],"collection":[{"href":"https:\/\/budy.przemyska.pl\/index.php\/wp-json\/wp\/v2\/posts"}],"about":[{"href":"https:\/\/budy.przemyska.pl\/index.php\/wp-json\/wp\/v2\/types\/post"}],"author":[{"embeddable":true,"href":"https:\/\/budy.przemyska.pl\/index.php\/wp-json\/wp\/v2\/users\/1"}],"replies":[{"embeddable":true,"href":"https:\/\/budy.przemyska.pl\/index.php\/wp-json\/wp\/v2\/comments?post=2847"}],"version-history":[{"count":0,"href":"https:\/\/budy.przemyska.pl\/index.php\/wp-json\/wp\/v2\/posts\/2847\/revisions"}],"wp:attachment":[{"href":"https:\/\/budy.przemyska.pl\/index.php\/wp-json\/wp\/v2\/media?parent=2847"}],"wp:term":[{"taxonomy":"category","embeddable":true,"href":"https:\/\/budy.przemyska.pl\/index.php\/wp-json\/wp\/v2\/categories?post=2847"},{"taxonomy":"post_tag","embeddable":true,"href":"https:\/\/budy.przemyska.pl\/index.php\/wp-json\/wp\/v2\/tags?post=2847"}],"curies":[{"name":"wp","href":"https:\/\/api.w.org\/{rel}","templated":true}]}}