{"id":2844,"date":"2020-01-12T18:12:42","date_gmt":"2020-01-12T17:12:42","guid":{"rendered":"http:\/\/www.budylancuckie.przemyska.pl\/?p=2844"},"modified":"2020-01-12T18:12:42","modified_gmt":"2020-01-12T17:12:42","slug":"ogloszenia-parafialne-12-01-2020","status":"publish","type":"post","link":"https:\/\/budy.przemyska.pl\/index.php\/2020\/01\/12\/ogloszenia-parafialne-12-01-2020\/","title":{"rendered":"Og\u0142oszenia parafialne 12-01-2020"},"content":{"rendered":"<h2 style=\"text-align: center;\"><strong><span style=\"color: rgb(0, 0, 128);\">Niedziela Chrztu Pa\u0144skiego &#8211; 12-01-2020<\/span><\/strong><\/h2>\n<h2 style=\"text-align: center;\"><strong><span style=\"color: rgb(0, 0, 128);\">Og\u0142oszenia<br \/>\n\t<\/span><\/strong><\/h2>\n<ol>\n<li>Dzi\u015b o godz.15:00 Nabo\u017ce\u0144stwo r&oacute;\u017ca\u0144cowe, a po nim Msza \u015bw.<\/li>\n<li>Dzisiejsze \u015awi\u0119to Chrztu Pa\u0144skiego ko\u0144czy w Ko\u015bciele liturgiczny okres Bo\u017cego Narodzenia.<\/li>\n<li>W najbli\u017csz\u0105 sobot\u0119 rozpoczyna si\u0119 w Ko\u015bciele Tydzie\u0144 Modlitw o Jedno\u015b\u0107 Chrze\u015bcijan.<\/li>\n<li>W najbli\u017csz\u0105 niedziel\u0119 wypada liturgiczne wspomnienie \u015aw. J&oacute;zefa Sebastiana Pelczara, modlimy si\u0119 w intencji naszej Archidiecezji.<\/li>\n<li>B&oacute;g zap\u0142a\u0107 osobom sprz\u0105taj\u0105cym, stroj\u0105cym ko\u015bci&oacute;\u0142 oraz za ofiary sk\u0142adane na potrzeby ko\u015bcio\u0142a oraz na ogrzewanie.<\/li>\n<\/ol>\n<h3 style=\"text-align: center;\"><strong><span style=\"color: rgb(0, 0, 128);\">Intencje mszalne<\/span><\/strong><\/h3>\n<h4 style=\"text-align: center;\"><strong><span style=\"color: rgb(0, 0, 128);\">od 13 stycznia 2020 do 19 stycznia 2020<\/span><\/strong><\/h4>\n<h4><strong><br \/>\n\tGdyby zbyt d\u0142ugi czas nie by\u0142a og\u0142oszona zam&oacute;wiona intencja mszalna &ndash; prosimy o zg\u0142oszenie tego kap\u0142anowi.&nbsp; Zam&oacute;wiona intencja nie mo\u017ce zgin\u0105\u0107.<br \/>\n\t<\/strong><\/h4>\n<p><u><strong>Poniedzia\u0142ek &#8211; 13 stycznia<\/strong><\/u><br \/>\n\t1. + Maria Kojder (greg.) ; <br \/>\n\t2. ++ dusze w czy\u015b\u0107cu cierpi\u0105ce;<br \/>\n\t3. + J&oacute;zef Bar od r. Nykiel<\/p>\n<p><u><strong>Wtorek &#8211; 14 stycznia<\/strong><\/u><br \/>\n\t1. + Maria Kojder (greg.); <br \/>\n\t2. ++ Julia, Franciszek Bartnik; Marianna i Jan Dzier\u017cak; <br \/>\n\t3. + Tadeusz Wo\u015b od rodziny ;<\/p>\n<p><u><strong>\u015aroda &#8211; 15 stycznia<\/strong><\/u><br \/>\n\t1. + Maria Kojder (greg.); <br \/>\n\t2. W intencji Bogu wiadomej; <br \/>\n\t3. ++ W\u0142adys\u0142aw, Karolina, Tadeusz, Agata Tunia, W\u0142adys\u0142aw Dyrda; <\/p>\n<p><u><strong>Czwartek &#8211; 16 stycznia<\/strong><\/u><br \/>\n\t1. + Maria Kojder (greg.); <br \/>\n\t2. ++ W\u0142adys\u0142aw i Katarzyna Hejnosz;<br \/>\n\t3. ++ Walenty, Maria Bo\u017cek, J&oacute;zef i Katarzyna Czupich;<\/p>\n<p>\t<u><strong>Pi\u0105tek &#8211; 17 stycznia<\/strong><\/u><br \/>\n\t1.+ Maria Kojder (greg.); <br \/>\n\t2. + Maria Wacnik z R&oacute;\u017cy \u015bw. Anny;<br \/>\n\t3. + Maria Kubis od chrze\u015bniaka z rodzin\u0105;<\/p>\n<p><u><strong>Sobota &#8211; 18 stycznia<\/strong><\/u><br \/>\n\t1. + Maria Kojder (greg.); <br \/>\n\t2. ++ Salomea i Jakub Wierzbiccy;<br \/>\n\t3. + Maria Cebulak od Zofii; <\/p>\n<p><u><strong>Niedziela &#8211; 19 stycznia<\/strong><\/u><br \/>\n\t6:30 + Maria Kojder (greg.); <br \/>\n\t8:00 W intencji parafian <br \/>\n\t10:30 W intencji senior&oacute;w z Korniaktowa; <br \/>\n\t15:00 Dzi\u0119k. i o b\u0142og. B. w 93 rocz. urodzin Janiny;<\/p>\n<h3 style=\"text-align: center;\"><strong><strong><span style=\"color: rgb(0, 0, 128);\">Modlitw\u0119 r&oacute;\u017ca\u0144cow\u0105 prowadz\u0105<br \/>\n\t<\/span><\/strong><\/strong><\/h3>\n<p>13.P.R.\u015aw. Teresy od Dzieci\u0105tka Jezus &#8211; (Dorota Dzierga)<br \/>\n\t14.W.R.\u015aw. Teresy Wielkiej &#8211; (Zofia Wierzbicka)<br \/>\n\t15.\u015a. R. \u015aw. Tomasza Aposto\u0142a &#8211; (Stanis\u0142aw \u015alimak) <br \/>\n\t16.C. R. \u015aw. Zofii &#8211; (Zofia Kurek)<br \/>\n\t17.P. R. KSM <br \/>\n\t18. S. R. \u015aw. Heleny &ndash; ( Dyrda Helena)<br \/>\n\t19. N. Akcja Katolicka<\/p>\n<p>\t<strong>Wyznaczona R&oacute;\u017ca powinna czu\u0107 si\u0119 zobowi\u0105zana do obecno\u015bci i prowadzenia modlitwy r&oacute;\u017ca\u0144cowej.<\/strong><\/p>\n","protected":false},"excerpt":{"rendered":"<p>Niedziela Chrztu Pa\u0144skiego &#8211; 12-01-2020 Og\u0142oszenia Dzi\u015b o godz.15:00 Nabo\u017ce\u0144stwo r&oacute;\u017ca\u0144cowe, a po nim Msza \u015bw. Dzisiejsze \u015awi\u0119to Chrztu Pa\u0144skiego ko\u0144czy w Ko\u015bciele liturgiczny okres Bo\u017cego Narodzenia. W najbli\u017csz\u0105 sobot\u0119 &hellip; <a href=\"https:\/\/budy.przemyska.pl\/index.php\/2020\/01\/12\/ogloszenia-parafialne-12-01-2020\/\" class=\"more-link\">Czytaj dalej <span class=\"screen-reader-text\">Og\u0142oszenia parafialne 12-01-2020<\/span> <span class=\"meta-nav\">&rarr;<\/span><\/a><\/p>\n","protected":false},"author":1,"featured_media":0,"comment_status":"closed","ping_status":"closed","sticky":false,"template":"","format":"standard","meta":{"footnotes":""},"categories":[6,4],"tags":[],"class_list":["post-2844","post","type-post","status-publish","format-standard","hentry","category-aktualnosci","category-ogloszenia"],"_links":{"self":[{"href":"https:\/\/budy.przemyska.pl\/index.php\/wp-json\/wp\/v2\/posts\/2844","targetHints":{"allow":["GET"]}}],"collection":[{"href":"https:\/\/budy.przemyska.pl\/index.php\/wp-json\/wp\/v2\/posts"}],"about":[{"href":"https:\/\/budy.przemyska.pl\/index.php\/wp-json\/wp\/v2\/types\/post"}],"author":[{"embeddable":true,"href":"https:\/\/budy.przemyska.pl\/index.php\/wp-json\/wp\/v2\/users\/1"}],"replies":[{"embeddable":true,"href":"https:\/\/budy.przemyska.pl\/index.php\/wp-json\/wp\/v2\/comments?post=2844"}],"version-history":[{"count":0,"href":"https:\/\/budy.przemyska.pl\/index.php\/wp-json\/wp\/v2\/posts\/2844\/revisions"}],"wp:attachment":[{"href":"https:\/\/budy.przemyska.pl\/index.php\/wp-json\/wp\/v2\/media?parent=2844"}],"wp:term":[{"taxonomy":"category","embeddable":true,"href":"https:\/\/budy.przemyska.pl\/index.php\/wp-json\/wp\/v2\/categories?post=2844"},{"taxonomy":"post_tag","embeddable":true,"href":"https:\/\/budy.przemyska.pl\/index.php\/wp-json\/wp\/v2\/tags?post=2844"}],"curies":[{"name":"wp","href":"https:\/\/api.w.org\/{rel}","templated":true}]}}