{"id":2837,"date":"2020-01-05T15:35:31","date_gmt":"2020-01-05T14:35:31","guid":{"rendered":"http:\/\/www.budylancuckie.przemyska.pl\/?p=2837"},"modified":"2020-01-05T15:35:31","modified_gmt":"2020-01-05T14:35:31","slug":"ogloszenia-parafialne-05-01-2020","status":"publish","type":"post","link":"https:\/\/budy.przemyska.pl\/index.php\/2020\/01\/05\/ogloszenia-parafialne-05-01-2020\/","title":{"rendered":"Og\u0142oszenia parafialne 05-01-2020"},"content":{"rendered":"<h2 style=\"text-align: center;\"><strong><span style=\"color: rgb(0, 0, 128);\">II Niedziela Po Narodzeniu Pa\u0144skim &#8211; 05-01-2020<\/span><\/strong><\/h2>\n<h2 style=\"text-align: center;\"><strong><span style=\"color: rgb(0, 0, 128);\">Og\u0142oszenia<br \/>\n\t<\/span><\/strong><\/h2>\n<ol>\n<li>Dzi\u015b o godz.15:00 Litania do Naj\u015bwi\u0119tszego Serca Pana Jezusa, a po niej Msza \u015bw.<\/li>\n<li>Jutro, w poniedzia\u0142ek Uroczysto\u015b\u0107 Objawienia Pa\u0144skiego &ndash; Trzech Kr&oacute;li. Porz\u0105dek Mszy \u015bw. tak, jak w ka\u017cd\u0105 niedziel\u0119. Jest to \u015bwi\u0119to nakazane i mamy obowi\u0105zek uczestniczenia we Mszy \u015bw. W tym dniu po\u015bwi\u0119cenie kadzid\u0142a i kredy.<\/li>\n<li>W najbli\u017csz\u0105 niedziel\u0119 b\u0119dziemy prze\u017cywa\u0107 \u015bwi\u0119to Chrztu Pa\u0144skiego. Jest to zarazem niedziela, kt&oacute;ra ko\u0144czy liturgiczny okres Bo\u017cego Narodzenia. Tradycyjnie jednak zachowujemy \u015bpiew naszych kol\u0119d do \u015bwi\u0119ta Ofiarowania Pa\u0144skiego, czyli Matki Bo\u017cej Gromnicznej.<\/li>\n<li>Program wizyty duszpasterskiej w tym tygodniu, b\u0119dzie przebiega\u0142 wed\u0142ug zapisu w naszej parafialnej gazetce.<\/li>\n<li>Wszystkich ch\u0119tnych Senior&oacute;w zapraszamy na Dzie\u0144 Seniora w niedziel\u0119 26 stycznia. Zapisy u Pana so\u0142tysa Mieczys\u0142awa Kukulskiego do 19 stycznia.<\/li>\n<li>B&oacute;g zap\u0142a\u0107 osobom sprz\u0105taj\u0105cym, stroj\u0105cym ko\u015bci&oacute;\u0142 oraz za ofiary sk\u0142adane na potrzeby ko\u015bcio\u0142a oraz na ogrzewanie..<\/li>\n<\/ol>\n<h3 style=\"text-align: center;\"><strong><span style=\"color: rgb(0, 0, 128);\">Intencje mszalne<\/span><\/strong><\/h3>\n<h4 style=\"text-align: center;\"><strong><span style=\"color: rgb(0, 0, 128);\">od 6 stycznia 2020 do 12 stycznia 2020<\/span><\/strong><\/h4>\n<h4><strong><br \/>\n\tGdyby zbyt d\u0142ugi czas nie by\u0142a og\u0142oszona zam&oacute;wiona intencja mszalna &ndash; prosimy o zg\u0142oszenie tego kap\u0142anowi.&nbsp; Zam&oacute;wiona intencja nie mo\u017ce zgin\u0105\u0107.<br \/>\n\t<\/strong><\/h4>\n<p><u><strong>Poniedzia\u0142ek &#8211; 6 stycznia<\/strong><\/u><br \/>\n\t6:30 + W\u0142adys\u0142aw Sobu\u015b od c. z rodzin\u0105 ;<br \/>\n\t8:00 ++ J&oacute;zef Kojder i zm. z rodziny;<br \/>\n\t10:30 W intencji parafian()<br \/>\n\t15:00 + Maria Kojder (greg.)<\/p>\n<p><u><strong>Wtorek &#8211; 7 stycznia<\/strong><\/u><br \/>\n\t1. + Maria Kojder (greg.);<br \/>\n\t2. ++ Agata i Micha\u0142 Kurek;<br \/>\n\t3. + Zofia Skiba od c. Danuty z rodzin\u0105 ;<\/p>\n<p><u><strong>\u015aroda &#8211; 8 stycznia<\/strong><\/u><br \/>\n\t1. + Maria Kojder (greg.)<br \/>\n\t2. + Jan Kurek:<br \/>\n\t3. + Renata Nowak od kuzynek:Krystyny,Teresy i Marii ;<\/p>\n<p><u><strong>Czwartek &#8211; 9 stycznia<\/strong><\/u><br \/>\n\t1. + Maria Kojder (greg.);<br \/>\n\t2. ++ Stanis\u0142awa, W\u0142adys\u0142aw, Bronis\u0142aw, Jan Blok;<br \/>\n\t3. + Weronika Dr\u0105g od c. Agnieszki z rodzin\u0105;<\/p>\n<p>\t<u><strong>Pi\u0105tek &#8211; 10 stycznia<\/strong><\/u><br \/>\n\t1. + Maria Kojder (greg.);<br \/>\n\t2. + Jan \u015awizdor.;<br \/>\n\t3. ++ Andrzej, Antonina i zm.z rodziny;<\/p>\n<p><u><strong>Sobota &#8211; 11 stycznia<\/strong><\/u><br \/>\n\t1. + Maria Kojder (greg.).; <br \/>\n\t2. + Arkadiusz Sanok od koleg&oacute;w z klasy;<br \/>\n\t3. + Maria Kubis od s. Cecylii z rodzin\u0105;<\/p>\n<p><u><strong>Niedziela &#8211; 12 stycznia<\/strong><\/u><br \/>\n\t6:30 + Maria Kojder (greg.)<br \/>\n\t8:00 ++ Zbigniew, Maria, Mieczys\u0142aw K\u0119dziora ;<br \/>\n\t10:30 W intencji parafian () <br \/>\n\t15:00 <span style=\"color: rgb(34, 34, 34); font-family: Arial, Helvetica, sans-serif; font-size: small; font-style: normal; font-variant-ligatures: normal; font-variant-caps: normal; font-weight: 400; letter-spacing: normal; orphans: 2; text-align: start; text-indent: 0px; text-transform: none; white-space: normal; widows: 2; word-spacing: 0px; -webkit-text-stroke-width: 0px; background-color: rgb(255, 255, 255); text-decoration-style: initial; text-decoration-color: initial; display: inline !important; float: none;\">O szcz\u0119\u015bliw\u0105 operacj\u0119 i zdrowie<\/span><\/p>\n<h3 style=\"text-align: center;\"><strong><strong><span style=\"color: rgb(0, 0, 128);\">Modlitw\u0119 r&oacute;\u017ca\u0144cow\u0105 prowadz\u0105<br \/>\n\t<\/span><\/strong><\/strong><\/h3>\n<p>06.P.R.R.\u015aw. Marii Goretti &#8211; (El\u017cbieta Kukulska)<br \/>\n\t07.W.R.\u015aw. Marty &#8211; (Cz. Por\u0119bna)<br \/>\n\t08.\u015a. R.Matki Bo\u017cej Bolesnej &#8211; (G. Bartnik) <br \/>\n\t09.C. R. Akcja Katolicka<br \/>\n\t10.P. R. KSM <br \/>\n\t11. S. R.Matki Bo\u017cej Szkaplerznej &#8211; (M. K\u0142os)<br \/>\n\t12. N. R.\u015aw. Stanis\u0142awa biskupa &#8211; (Franciszek Bartnik)<\/p>\n<p>\t<strong>Wyznaczona R&oacute;\u017ca powinna czu\u0107 si\u0119 zobowi\u0105zana do obecno\u015bci i prowadzenia modlitwy r&oacute;\u017ca\u0144cowej.<\/strong><\/p>\n<p>&nbsp;<\/p>\n<h3 style=\"text-align: center;\"><strong><strong><span style=\"color: rgb(0, 0, 128);\">WIZYTA DUSZPASTERSKA &ndash; KOL\u0118DA<br \/>\n\t<\/span><\/strong><\/strong><\/h3>\n<p><strong>\u015aroda 8 stycze\u0144 2020 r.<\/strong><br \/>\n\t<strong>Budy \u0141. Lewa str. pomi\u0119dzy drog\u0105 w kierunku Wis\u0142oka a szko\u0142\u0105 + \u0106wierci. Pocz\u0105tek o 8:30 Ks. Proboszcz<\/strong> &#8212; od N-ru 286c,286d,286,280, 280a,280b,281,282,278,279,277, 276, 476a,477,479,283,285, 293,294,294a,295,299,300,300a,301,302, 302a,333,333a,335a, 335,336, 289,288a,288,287,286b,286a.<br \/>\n\t<strong>Budy \u0141. Lewa str. pod Wis\u0142okiem i Kmiecie+ kilka dom&oacute;w z Korniaktowa:<\/strong> <strong>Pocz\u0105tek oko\u0142o godz.14:00<\/strong> N-ry:Budy \u0141.:485,486,487,487a, 203,203a,204,204a, 205, 206,206a,209- Kor.17,16,15,14,13,18,18a,25, -Budy .210,<\/p>\n<p><strong>Czwartek 9 stycze\u0144 2020 r. <\/strong>Od godziny 14:00 Budy \u0141.214,213,212 211,Korniakt&oacute;w N-ry: 25c,25b,34b, 34,35,36a,36,36a, 32,30,29a,29b, 29,28,27,26,25a,24,23,22b.<\/p>\n<p><strong>Pi\u0105tek 10 stycze\u0144 2020<\/strong><br \/>\n\t<strong>Od godziny 8:30 Budy \u0141 na wsch&oacute;d od Rudzie\u0144ca.<\/strong> N-ry: 344,344a,345,347,346,348, 349,350,351,352,52a,b, 353, 355a,b, 356,356a,362,361,360,359,bn?,bn?, 357,358a,376, 373,374,372e, 372b, 372c,372d,372a,372,370a,370,371,366, 264,341, 338,339.<br \/>\n\t<strong>Od godziny 8:30 Budy \u0141 po G&oacute;r\u0105 &ndash; Pasieka<\/strong> N-ry: 217,242,240,238,236,244,245,247,248,249,251,252, 254,255,255a, 255b,256,259,257a,257b,260,261,261a,263,264,265, 266,266a,276,275b,275a,275,272a,270b,270,270a,270c.<\/p>\n<p><strong>Sobota 11 stycze\u0144 2020<\/strong>. <br \/>\n\t<strong>Od godziny 8:30 Korniakt&oacute;w pozosta\u0142a cz\u0119\u015b\u0107 &#8211; na po\u0142udnie od szosy<\/strong> N-ry: 22a,10,9a,9,5,4,3,2c,2d,2b,2,1,121,120,118,117a,117, 116a,116, 115a, 115,114a,113b,113a,113,112b,112a112,111,108, 106,105,104 do spotkania z drugim kap\u0142anem<br \/>\n\t<strong>Od godziny 8:30 Korniakt&oacute;w za sklepem<\/strong> od N-ru 46a, 46,47a, 48,49a,49,49c,50,51a,52,52a,53,53a &#8212;123,124,126,128,127, 54, 54a,81,85, 86,87,87a,88,89,89a,93, 96, 96a,98b,\/B.436e 437,436 \/98,99c, 99b,99a,437b,437a, 99,437,437c, 101,100,102.\/438BL?\/. do spotkania z pierwszym kap\u0142anem<\/p>\n<p><strong><br \/>\n\tKolejno\u015b\u0107 wypisanych numer&oacute;w mo\u017ce ulec lekkiej zmianie; gdyby komu\u015b nie odpowiada\u0142 czas odwiedzin mo\u017cna wcze\u015bniej kap\u0142ana poprosi\u0107 o zmian\u0119 &ndash; mo\u017ce si\u0119 uda. Gdyby kogo\u015b w tym spisie pomini\u0119to prosimy zg\u0142osi\u0107 reklamacj\u0119- uwzgl\u0119dnimy. W tym dniu by\u0142by koniec wizyty duszpasterskiej.<\/p>\n<p>\t<\/strong><\/p>\n","protected":false},"excerpt":{"rendered":"<p>II Niedziela Po Narodzeniu Pa\u0144skim &#8211; 05-01-2020 Og\u0142oszenia Dzi\u015b o godz.15:00 Litania do Naj\u015bwi\u0119tszego Serca Pana Jezusa, a po niej Msza \u015bw. Jutro, w poniedzia\u0142ek Uroczysto\u015b\u0107 Objawienia Pa\u0144skiego &ndash; Trzech &hellip; <a href=\"https:\/\/budy.przemyska.pl\/index.php\/2020\/01\/05\/ogloszenia-parafialne-05-01-2020\/\" class=\"more-link\">Czytaj dalej <span class=\"screen-reader-text\">Og\u0142oszenia parafialne 05-01-2020<\/span> <span class=\"meta-nav\">&rarr;<\/span><\/a><\/p>\n","protected":false},"author":1,"featured_media":0,"comment_status":"closed","ping_status":"closed","sticky":false,"template":"","format":"standard","meta":{"footnotes":""},"categories":[6,4],"tags":[],"class_list":["post-2837","post","type-post","status-publish","format-standard","hentry","category-aktualnosci","category-ogloszenia"],"_links":{"self":[{"href":"https:\/\/budy.przemyska.pl\/index.php\/wp-json\/wp\/v2\/posts\/2837","targetHints":{"allow":["GET"]}}],"collection":[{"href":"https:\/\/budy.przemyska.pl\/index.php\/wp-json\/wp\/v2\/posts"}],"about":[{"href":"https:\/\/budy.przemyska.pl\/index.php\/wp-json\/wp\/v2\/types\/post"}],"author":[{"embeddable":true,"href":"https:\/\/budy.przemyska.pl\/index.php\/wp-json\/wp\/v2\/users\/1"}],"replies":[{"embeddable":true,"href":"https:\/\/budy.przemyska.pl\/index.php\/wp-json\/wp\/v2\/comments?post=2837"}],"version-history":[{"count":0,"href":"https:\/\/budy.przemyska.pl\/index.php\/wp-json\/wp\/v2\/posts\/2837\/revisions"}],"wp:attachment":[{"href":"https:\/\/budy.przemyska.pl\/index.php\/wp-json\/wp\/v2\/media?parent=2837"}],"wp:term":[{"taxonomy":"category","embeddable":true,"href":"https:\/\/budy.przemyska.pl\/index.php\/wp-json\/wp\/v2\/categories?post=2837"},{"taxonomy":"post_tag","embeddable":true,"href":"https:\/\/budy.przemyska.pl\/index.php\/wp-json\/wp\/v2\/tags?post=2837"}],"curies":[{"name":"wp","href":"https:\/\/api.w.org\/{rel}","templated":true}]}}