{"id":2831,"date":"2019-12-22T20:21:14","date_gmt":"2019-12-22T19:21:14","guid":{"rendered":"http:\/\/www.budylancuckie.przemyska.pl\/?p=2831"},"modified":"2019-12-22T20:21:14","modified_gmt":"2019-12-22T19:21:14","slug":"zyczenia-na-uroczystosc-bozego-narodzenia-2019","status":"publish","type":"post","link":"https:\/\/budy.przemyska.pl\/index.php\/2019\/12\/22\/zyczenia-na-uroczystosc-bozego-narodzenia-2019\/","title":{"rendered":"\u017byczenia na Uroczysto\u015b\u0107 Bo\u017cego Narodzenia 2019"},"content":{"rendered":"<p style=\"text-align: justify;\">[singlepic id=1838 w=600 h=500 float=center] Z okazji \u015awi\u0105t Bo\u017cego Narodzenia, sk\u0142adamy wszystkim Parafianom oraz mi\u0142ym Go\u015bciom, najserdeczniejsze \u017cyczenia: Rado\u015bci i Pokoju, kt&oacute;re przynosi Nowonarodzone Dzieci\u0119. Niech Mi\u0142o\u015b\u0107 i Zgoda panuj\u0105 w naszych domach, w rodzinach, s\u0105siedztwie. \u017byczymy r&oacute;wnie\u017c zdrowia i wszelkiej pomy\u015blno\u015bci w codziennym \u017cyciu w Nowym Roku! Niech nam B&oacute;g b\u0142ogos\u0142awi!!!.<\/p>\n","protected":false},"excerpt":{"rendered":"<p>[singlepic id=1838 w=600 h=500 float=center] Z okazji \u015awi\u0105t Bo\u017cego Narodzenia, sk\u0142adamy wszystkim Parafianom oraz mi\u0142ym Go\u015bciom, najserdeczniejsze \u017cyczenia: Rado\u015bci i Pokoju, kt&oacute;re przynosi Nowonarodzone Dzieci\u0119. Niech Mi\u0142o\u015b\u0107 i Zgoda panuj\u0105 &hellip; <a href=\"https:\/\/budy.przemyska.pl\/index.php\/2019\/12\/22\/zyczenia-na-uroczystosc-bozego-narodzenia-2019\/\" class=\"more-link\">Czytaj dalej <span class=\"screen-reader-text\">\u017byczenia na Uroczysto\u015b\u0107 Bo\u017cego Narodzenia 2019<\/span> <span class=\"meta-nav\">&rarr;<\/span><\/a><\/p>\n","protected":false},"author":1,"featured_media":0,"comment_status":"closed","ping_status":"closed","sticky":false,"template":"","format":"standard","meta":{"footnotes":""},"categories":[6],"tags":[],"class_list":["post-2831","post","type-post","status-publish","format-standard","hentry","category-aktualnosci"],"_links":{"self":[{"href":"https:\/\/budy.przemyska.pl\/index.php\/wp-json\/wp\/v2\/posts\/2831","targetHints":{"allow":["GET"]}}],"collection":[{"href":"https:\/\/budy.przemyska.pl\/index.php\/wp-json\/wp\/v2\/posts"}],"about":[{"href":"https:\/\/budy.przemyska.pl\/index.php\/wp-json\/wp\/v2\/types\/post"}],"author":[{"embeddable":true,"href":"https:\/\/budy.przemyska.pl\/index.php\/wp-json\/wp\/v2\/users\/1"}],"replies":[{"embeddable":true,"href":"https:\/\/budy.przemyska.pl\/index.php\/wp-json\/wp\/v2\/comments?post=2831"}],"version-history":[{"count":0,"href":"https:\/\/budy.przemyska.pl\/index.php\/wp-json\/wp\/v2\/posts\/2831\/revisions"}],"wp:attachment":[{"href":"https:\/\/budy.przemyska.pl\/index.php\/wp-json\/wp\/v2\/media?parent=2831"}],"wp:term":[{"taxonomy":"category","embeddable":true,"href":"https:\/\/budy.przemyska.pl\/index.php\/wp-json\/wp\/v2\/categories?post=2831"},{"taxonomy":"post_tag","embeddable":true,"href":"https:\/\/budy.przemyska.pl\/index.php\/wp-json\/wp\/v2\/tags?post=2831"}],"curies":[{"name":"wp","href":"https:\/\/api.w.org\/{rel}","templated":true}]}}