{"id":2814,"date":"2019-11-23T19:51:59","date_gmt":"2019-11-23T18:51:59","guid":{"rendered":"http:\/\/www.budylancuckie.przemyska.pl\/?p=2814"},"modified":"2019-11-23T19:51:59","modified_gmt":"2019-11-23T18:51:59","slug":"ogloszenia-parafialne-24-11-2019","status":"publish","type":"post","link":"https:\/\/budy.przemyska.pl\/index.php\/2019\/11\/23\/ogloszenia-parafialne-24-11-2019\/","title":{"rendered":"Og\u0142oszenia parafialne 24-11-2019"},"content":{"rendered":"<h2 style=\"text-align: center;\"><strong><span style=\"color: rgb(0, 0, 128);\">Uroczysto\u015b\u0107 Chrystusa Kr&oacute;la &#8211; 24-11-2019<\/span><\/strong><\/h2>\n<h2 style=\"text-align: center;\"><strong><span style=\"color: rgb(0, 0, 128);\">Og\u0142oszenia<br \/>\n\t<\/span><\/strong><\/h2>\n<ol>\n<li>Dzi\u015b o godz.15:00 Koronka do Bo\u017cego Mi\u0142osierdzia oraz odm&oacute;wienie Aktu po\u015bwi\u0119cenia rodzaju ludzkiego Naj\u015bwi\u0119tszemu Sercu Jezusowemu. Dzisiaj za publiczne odm&oacute;wienie tego Aktu mo\u017cna zyska\u0107 odpust zupe\u0142ny pod zwyk\u0142ymi warunkami. Po nabo\u017ce\u0144stwie &#8211; Msza \u015bw.<\/li>\n<li>W tym tygodniu w Liturgii Ko\u015bcio\u0142a wspominamy: w sobot\u0119 &ndash; \u015bwi\u0119to \u015bw. Andrzeja Aposto\u0142a.<\/li>\n<li>Za tydzie\u0144 I Niedziela Adwentu &ndash; rozpoczynaj\u0105ca zarazem nowy rok liturgiczny w Ko\u015bciele.<\/li>\n<li>W czwartek adoracja Naj\u015bwi\u0119tszego Sakramentu od godz. 16:00. <\/li>\n<li>Zach\u0119camy do czytania prasy katolickiej. Zar&oacute;wno Niedziela , jak i Go\u015b\u0107 Niedzielny zawieraj\u0105 wiele ciekawych artyku\u0142&oacute;w dotycz\u0105cych \u017cycia Ko\u015bcio\u0142a, jak te\u017c aktualnych wydarze\u0144 z ca\u0142ego \u015bwiata. Na stoliku z pras\u0105 znajduje si\u0119 r&oacute;wnie\u017c kilka egzemplarzy Kalendarza dla rolnik&oacute;w w cenie 27 z\u0142.<\/li>\n<li>B&oacute;g zap\u0142a\u0107 sprz\u0105taj\u0105cym, stroj\u0105cym ko\u015bci&oacute;\u0142 oraz za ofiary sk\u0142adane na potrzeby ko\u015bcio\u0142a i pracownik&oacute;w ko\u015bcielnych..<\/li>\n<\/ol>\n<h3 style=\"text-align: center;\"><strong><span style=\"color: rgb(0, 0, 128);\">Intencje mszalne<\/span><\/strong><\/h3>\n<h4 style=\"text-align: center;\"><strong><span style=\"color: rgb(0, 0, 128);\">od 25 listopada 2019 do 1 grudnia 2019<\/span><\/strong><\/h4>\n<h4><strong><br \/>\n\tGdyby zbyt d\u0142ugi czas nie by\u0142a og\u0142oszona zam&oacute;wiona intencja mszalna &ndash; prosimy o zg\u0142oszenie tego kap\u0142anowi.&nbsp; Zam&oacute;wiona intencja nie mo\u017ce zgin\u0105\u0107.<br \/>\n\t<\/strong><\/h4>\n<p><u><strong>Poniedzia\u0142ek &#8211; 25 listopada<\/strong><\/u><br \/>\n\t1. + Teresa W\u0119grzyn (greg.); <br \/>\n\t2. ++ Ryszard,Julian, Halina Nykiel; <br \/>\n\t3. + J&oacute;zef Socha od wnuczki Marty z rodz.;<\/p>\n<p><u><strong>Wtorek &#8211; 26 listopada<\/strong><\/u><br \/>\n\t1. + Teresa W\u0119grzyn (greg.); <br \/>\n\t2. + Weronika Dr\u0105g od Firmy Work Service; <br \/>\n\t3. ++ Dusze w czy\u015b\u0107cu cierpi\u0105ce;<\/p>\n<p><u><strong>\u015aroda &#8211; 27 listopad<\/strong><\/u><u><strong>a<\/strong><\/u><br \/>\n\t1. + Teresa W\u0119grzyn (greg.); <br \/>\n\t2. + Arkadiusz Sanok od r. \u0141y\u017ck&oacute;w i Pi\u0119tk&oacute;w; <br \/>\n\t3. ++ Cecylia, Tadeusz, Stanis\u0142aw \u015awizdor, J&oacute;zef Olejarka;<\/p>\n<p><u><strong>Czwartek &#8211; 28 listopada<\/strong><\/u><br \/>\n\t1. + Teresa W\u0119grzyn (greg.); <br \/>\n\t2. + Stanis\u0142aw Baran od R&oacute;\u017cy \u015bw. Andrzeja Ap;. <br \/>\n\t3. Cecylia, Stanis\u0142\u0105w, Stefan R\u0105czka, Maria i Stanis\u0142\u0105w Kie\u0142b;<\/p>\n<p>\t<u><strong>Pi\u0105tek &#8211; 29<\/strong><\/u><u><strong> listopada<\/strong><\/u><br \/>\n\t1. + Teresa W\u0119grzyn (greg.); <br \/>\n\t2. + Jan Kurek od St. Stopyra z Gr.G.;<br \/>\n\t3. ++ Micha\u0142 i Maria Wacnik ;<\/p>\n<p><u><strong>Sobota &#8211; 30 listopada<\/strong><\/u><br \/>\n\t1. + Teresa W\u0119grzyn (greg.).;<br \/>\n\t2. + Cecylia Miara od kol. z C. Medycz.;<br \/>\n\t3. + Renata Nowak od ojca chrzest.; <\/p>\n<p><u><strong>Niedziela &#8211; 1 grudnia<\/strong><\/u><br \/>\n\t6:30 + Teresa W\u0119grzyn (greg.); <br \/>\n\t8:00 + Maria Cebulak SWS (greg.p.) ; <br \/>\n\t10:30 W intencji parafian; <br \/>\n\t15:00 ++ J&oacute;zef, Kazimierz Pietrzycki i zm. z rodziny;<\/p>\n<h3 style=\"text-align: center;\"><strong><strong><span style=\"color: rgb(0, 0, 128);\">Modlitw\u0119 r&oacute;\u017ca\u0144cow\u0105 prowadz\u0105<br \/>\n\t<\/span><\/strong><\/strong><\/h3>\n<p>25.P. R. \u015aw. Kingi &#8211; (Maria Golak)<br \/>\n\t26.W.R. \u015aw. Klary &#8211; (Teresa G\u0142owiak)<br \/>\n\t27.\u015a.R. \u015aw. Ma\u0142gorzaty Marii &#8211; (Janina Angrys)<br \/>\n\t28.C.R. \u015aw. Marii Magdaleny &#8211; (Maria Baran)<br \/>\n\t29.P.R. KSM<br \/>\n\t30.S.R. BMS<br \/>\n\t01.N.R. \u015aw. Marty &#8211; (Cz. Por\u0119bna).<\/p>\n<p>\t<strong>Wyznaczona R&oacute;\u017ca powinna czu\u0107 si\u0119 zobowi\u0105zana do obecno\u015bci i prowadzenia modlitwy r&oacute;\u017ca\u0144cowej.<\/strong><\/p>\n","protected":false},"excerpt":{"rendered":"<p>Uroczysto\u015b\u0107 Chrystusa Kr&oacute;la &#8211; 24-11-2019 Og\u0142oszenia Dzi\u015b o godz.15:00 Koronka do Bo\u017cego Mi\u0142osierdzia oraz odm&oacute;wienie Aktu po\u015bwi\u0119cenia rodzaju ludzkiego Naj\u015bwi\u0119tszemu Sercu Jezusowemu. Dzisiaj za publiczne odm&oacute;wienie tego Aktu mo\u017cna zyska\u0107 &hellip; <a href=\"https:\/\/budy.przemyska.pl\/index.php\/2019\/11\/23\/ogloszenia-parafialne-24-11-2019\/\" class=\"more-link\">Czytaj dalej <span class=\"screen-reader-text\">Og\u0142oszenia parafialne 24-11-2019<\/span> <span class=\"meta-nav\">&rarr;<\/span><\/a><\/p>\n","protected":false},"author":1,"featured_media":0,"comment_status":"closed","ping_status":"closed","sticky":false,"template":"","format":"standard","meta":{"footnotes":""},"categories":[6,4],"tags":[],"class_list":["post-2814","post","type-post","status-publish","format-standard","hentry","category-aktualnosci","category-ogloszenia"],"_links":{"self":[{"href":"https:\/\/budy.przemyska.pl\/index.php\/wp-json\/wp\/v2\/posts\/2814","targetHints":{"allow":["GET"]}}],"collection":[{"href":"https:\/\/budy.przemyska.pl\/index.php\/wp-json\/wp\/v2\/posts"}],"about":[{"href":"https:\/\/budy.przemyska.pl\/index.php\/wp-json\/wp\/v2\/types\/post"}],"author":[{"embeddable":true,"href":"https:\/\/budy.przemyska.pl\/index.php\/wp-json\/wp\/v2\/users\/1"}],"replies":[{"embeddable":true,"href":"https:\/\/budy.przemyska.pl\/index.php\/wp-json\/wp\/v2\/comments?post=2814"}],"version-history":[{"count":0,"href":"https:\/\/budy.przemyska.pl\/index.php\/wp-json\/wp\/v2\/posts\/2814\/revisions"}],"wp:attachment":[{"href":"https:\/\/budy.przemyska.pl\/index.php\/wp-json\/wp\/v2\/media?parent=2814"}],"wp:term":[{"taxonomy":"category","embeddable":true,"href":"https:\/\/budy.przemyska.pl\/index.php\/wp-json\/wp\/v2\/categories?post=2814"},{"taxonomy":"post_tag","embeddable":true,"href":"https:\/\/budy.przemyska.pl\/index.php\/wp-json\/wp\/v2\/tags?post=2814"}],"curies":[{"name":"wp","href":"https:\/\/api.w.org\/{rel}","templated":true}]}}